{"id":1274,"date":"2015-09-28T16:54:34","date_gmt":"2015-09-28T16:54:34","guid":{"rendered":"http:\/\/sv-listrup.de\/?p=1274"},"modified":"2015-09-28T17:25:52","modified_gmt":"2015-09-28T17:25:52","slug":"jsg-am-wochenende-spektakulaerer-auswaertssieg-fuer-die-a1","status":"publish","type":"post","link":"https:\/\/www.sv-listrup.de\/?p=1274","title":{"rendered":"JSG am Wochenende: Spektakul\u00e4rer Ausw\u00e4rtssieg f\u00fcr die A1!"},"content":{"rendered":"<p>An dieser Stelle wollen wir fortan regelm\u00e4\u00dfig \u00fcber die Spiele der drei leistungsorientiert spielenden Mannschaften der A1 (U19), B1 (U17) und C1 (U15) unserer Jugendspielgemeinschaft (JSG) Emsb\u00fcren\/Leschede Listrup berichten. Aber auch die Ergebnisse der weiteren JSG-Teams sollen hier genannt werden. In dieser Saison 2015\/2016 geht die JSG mit insgesamt 11 Teams (4 x A-Jugend, 3x B-Jugend und 4x C-Jugend) ins Rennen.<\/p>\n<p>&nbsp;<\/p>\n<p><strong>A-Jugend:<\/strong><\/p>\n<p>&nbsp;<\/p>\n<p>Aufgrund des Kirmeswochenendes trat unsere A1 bereits am Donnerstag beim VfL Herzlake an. Vor zwei Wochen hatte man hier im Bezirkspokal mit 4:1 verloren, so dass die Mannschaft von Trainer R\u00fcdiger Gr\u00fcner auf Wiedergutmachung aus war. So hatte unser Team den Gegner in der ersten halben Stunde sehr gut im Griff und konnte durch Jonas Sch\u00fcring und Justin Jager (nach Vorarbeit von Joschka Schnieders) verdient mit 0:2 in F\u00fchrung gehen. Leider verletzte sich dann Mannschaftskapit\u00e4n Christoph Schwis und musste ausgewechselt werden.<\/p>\n<p>&nbsp;<\/p>\n<p>In der zweiten Halbzeit drehte sich dann das Spiel und der VfL Herzlake konnte bis zur 75 Minute durch drei Treffer in Folge mit 3:2 in F\u00fchrung gehen. Durch Umstellungen innerhalb der Mannschaft und dem damit verbundenen Vorr\u00fccken von Max Meyering ins Mittelfeld konnte nun auch unsere JSG wieder Akzente nach Vorne setzen. Nach einem Eckball von Jonas Sch\u00fcring dr\u00fcckte \u201eKopfballungeheuer\u201c Olli Niehof den Ball zum umjubelten 3:3 \u00fcber die Linie.<\/p>\n<p>&nbsp;<\/p>\n<p>Als alle sich schon mit einem Unentschieden zufrieden gegeben haben, bediente in der 90. Minute der eingewechselte Bastian Heyen seinen Mitspieler Jonas Sch\u00fcring, welcher nur durch ein Foul im Strafraum gestoppt werden konnte. Der Schiedsrichter zeigte auf den Punkt. Nach dem verletzungsbedingten Ausfall des etatm\u00e4\u00dfigen Elfmetersch\u00fctzen Christoph Schwis \u00fcbernahm dann Leon Egbers die Verantwortung und wurde mit einem sicher versenkten Strafsto\u00df am dramatischen Ende des Spiels zum \u201eHelden der Helden\u201c! Mit diesem vorher kaum f\u00fcr m\u00f6glich gehaltenen 3:4-Ausw\u00e4rtssieg konnte die Mannschaft von R\u00fcdiger Gr\u00fcner nun sogar auf Platz 4 in der Bezirksliga-Tabelle vorr\u00fccken!<\/p>\n<p>\u00a0<a href=\"https:\/\/www.sv-listrup.de\/wp-content\/uploads\/2015\/09\/FullSizeRender.jpg\"><img loading=\"lazy\" decoding=\"async\" class=\"alignnone wp-image-1276 \" src=\"https:\/\/www.sv-listrup.de\/wp-content\/uploads\/2015\/09\/FullSizeRender-1024x768.jpg\" alt=\"\" width=\"185\" height=\"138\" srcset=\"https:\/\/www.sv-listrup.de\/wp-content\/uploads\/2015\/09\/FullSizeRender-1024x768.jpg 1024w, https:\/\/www.sv-listrup.de\/wp-content\/uploads\/2015\/09\/FullSizeRender-300x225.jpg 300w\" sizes=\"auto, (max-width: 185px) 100vw, 185px\" \/><\/a><em>\u00a0Versenkte den spielentscheidenen Elfmeter in der 90. Minute: Leon Egbers<\/em><\/p>\n<p>&nbsp;<\/p>\n<p>Weiter geht es f\u00fcr unsere A1 mit einem absoluten Knaller am kommenden Donnerstag (02.10.2015) um 19.30 Uhr: Derbyrivale Alemannia Salzbergen ist dann im Concordia-Park zu Gast.<\/p>\n<p>&nbsp;<\/p>\n<p>Die weiteren A-.Jugend-Ergebnisse:<\/p>\n<p>&nbsp;<\/p>\n<ol>\n<li>Kreisklasse: JSG A2 \u2013 SVA Salzbergen 2 1:1<\/li>\n<li>Kreisklasse: VfL Herzlake 2 \u2013 JSG A3 Ausfall<\/li>\n<\/ol>\n<p>JSG A4 \u2013 Olympia Laxten 2\u00a0\u00a0\u00a0\u00a0\u00a0\u00a0\u00a0\u00a0 10:0<\/p>\n<p>&nbsp;<\/p>\n<p><strong>B-Jugend:<\/strong><\/p>\n<p>&nbsp;<\/p>\n<p>Weniger erfolgreich lief es leider am Samstag f\u00fcr unsere B1. Nachdem zu Saisonbeginn gegen zwei Spitzenteams der Bezirksliga sehr ansprechende Spiele von unseren Jungs gegen den SC Spelle-Venhaus (knappe 3:4-Niederlage) und die JSG Lohne\/Wietmarschen (2:2) abgeliefert wurden, war unsere B1 beim Tabellenletzten, der JSG Gildehaus\/Bentheim, erstmals favorisiert. Mit einem Tor von Fabian Hopmann konnte die Mannschaft von Trainer Markus Rakel auch mit 0:1 in F\u00fchrung gehen. Nach dem Ausgleich und der erneuten 1:2-F\u00fchrung durch Nico Geike in der 39. Minute musste unsere Mannschaft mit dem Halbzeitpfiff jedoch den erneuten Ausgleich hinnehmen. Da in der Folge keiner unserer Spieler seine Normalform an diesem Tag erreichte, setzte es am Ende eine verdiente 3:2-Niederlage. F\u00fcr unsere B1 geht es nun weiter am kommenden Samstag (03.10.) um 16.00 Uhr auf dem Lescheder Sportgel\u00e4nde gegen die JSG Freren\/Thuine\/Andervenne.<\/p>\n<p>&nbsp;<\/p>\n<p>Die weitere B-Jugend-Ergebnisse::<\/p>\n<p>&nbsp;<\/p>\n<ol>\n<li>Kreisklasse: JSG Darme\/Schepsdorf \u2013 JSG B2 \u00a0\u00a0\u00a0\u00a0\u00a0\u00a0\u00a0\u00a0\u00a0\u00a0\u00a0 3:0<\/li>\n<li>Kreisklasse: JSG Meppen\/Schwefingen\/Teglingen 3 \u2013 JSG B3 16:1<\/li>\n<\/ol>\n<p>&nbsp;<\/p>\n<p><strong>C-Jugend:<\/strong><\/p>\n<p>&nbsp;<\/p>\n<p>Mit zwei \u00fcberzeugenden und deutlichen Siegen (10:1 gegen SC Baccum und 6:0 bei Spelle\/Venhaus II) startete unsere C1 in die Kreisliga-Saison und musste am Freitag abend zum Spitzenspiel beim Tabellenf\u00fchrer JSG Gro\u00df Hesepe\/Dalum antreten. Stammtorwart Paul Zwartjes fehlte verletzungsbedingt und wurde durch Jonas Wilbers sehr gut ersetzt.<\/p>\n<p>&nbsp;<\/p>\n<p>Es entwickelte sich vor allem in der ersten Halbzeit ein gutklassiges C-Jugendspiel zweier ebenb\u00fcrtiger Mannschaften mit sehr starken 25 Minuten des Teams der Trainer Wolly Jager und Heiner Feldmann. Die 1:0-F\u00fchrung der Gastgeber konnte Paul Elfert mit einem herrlichen Schlenzer aus 18 Metern ausgleichen. Leider fiel kurz vor der Halbzeit noch das 2:1 f\u00fcr die Mannschaft aus Hesepe\/Dalum, die durch eine sehr ballorientierte Spielweise auffiel.<\/p>\n<p>&nbsp;<\/p>\n<p>In der zweiten Halbzeit konnte unsere C1 leider nicht mehr an die gute erste Halbzeit ankn\u00fcpfen und sich insbesondere aufgrund von Ungenauigkeiten im Spielaufbau zuwenig zwingende Torchancen herausspielen. In den Schlussminuten war dann mit dem 3:1 f\u00fcr den Gastgeber die Messe gelesen.<\/p>\n<p>&nbsp;<\/p>\n<p>Weiter geht es f\u00fcr unsere C1 mit dem Kreispokal-Achtelfinalspiel am kommenden Mittwoch (30.09.) um 18.00 Uhr bei der JSG TuS\/VfB Lingen. Am n\u00e4chsten Wochenende hat unser Team dann spielfrei.<\/p>\n<p>&nbsp;<\/p>\n<p>Die weiteren C-Jugend-Ergebnisse:<\/p>\n<p>&nbsp;<\/p>\n<ol>\n<li>Kreisklasse: JSG Freren\/Thuine\/Andervenne 2 \u2013 JSG C2 4:1<\/li>\n<li>Kreisklasse: Olympia Laxten 3 \u2013 JSG C3 0:7<\/li>\n<\/ol>\n<p>\u00a0\u00a0\u00a0\u00a0\u00a0\u00a0\u00a0\u00a0\u00a0\u00a0\u00a0\u00a0\u00a0\u00a0\u00a0\u00a0\u00a0\u00a0\u00a0\u00a0\u00a0\u00a0\u00a0\u00a0\u00a0\u00a0\u00a0\u00a0\u00a0\u00a0\u00a0\u00a0\u00a0\u00a0 JSG C4 \u2013 SVA Salzbergen 2\u00a0\u00a0\u00a0\u00a0\u00a0\u00a0\u00a0\u00a0\u00a0\u00a0\u00a0\u00a0\u00a0\u00a0\u00a0\u00a0\u00a0\u00a0\u00a0\u00a0\u00a0\u00a0\u00a0\u00a0\u00a0\u00a0\u00a0\u00a0\u00a0\u00a0\u00a0\u00a0\u00a0\u00a0\u00a0\u00a0\u00a0\u00a0\u00a0\u00a0\u00a0\u00a0 2:3<\/p>\n<p>&nbsp;<\/p>\n<p>Bericht: Heiner Feldmann<\/p>\n","protected":false},"excerpt":{"rendered":"<p>An dieser Stelle wollen wir fortan regelm\u00e4\u00dfig \u00fcber die Spiele der drei leistungsorientiert spielenden Mannschaften der A1 (U19), B1 (U17) und C1 (U15) unserer Jugendspielgemeinschaft (JSG) Emsb\u00fcren\/Leschede Listrup berichten. Aber auch die Ergebnisse der weiteren JSG-Teams sollen hier genannt werden. In dieser Saison 2015\/2016 geht die JSG mit insgesamt 11 Teams (4 x A-Jugend, 3x B-Jugend und 4x C-Jugend) ins Rennen. &nbsp; A-Jugend: &nbsp; Aufgrund des Kirmeswochenendes trat unsere A1 bereits am Donnerstag beim VfL Herzlake an. Vor zwei Wochen hatte man hier im Bezirkspokal mit 4:1 verloren, so dass die Mannschaft von Trainer R\u00fcdiger Gr\u00fcner auf Wiedergutmachung aus war. So hatte unser Team den Gegner in der ersten halben Stunde sehr gut im Griff und konnte durch Jonas Sch\u00fcring und Justin Jager (nach Vorarbeit von Joschka Schnieders) verdient mit 0:2 in F\u00fchrung gehen. Leider verletzte sich dann Mannschaftskapit\u00e4n Christoph Schwis und musste ausgewechselt werden. &nbsp; In der zweiten Halbzeit drehte sich dann das Spiel und der VfL Herzlake konnte bis zur 75 Minute durch drei Treffer in Folge mit 3:2 in F\u00fchrung gehen. Durch Umstellungen innerhalb der Mannschaft und [&hellip;]<\/p>\n","protected":false},"author":3,"featured_media":0,"comment_status":"open","ping_status":"open","sticky":false,"template":"","format":"standard","meta":{"footnotes":""},"categories":[1],"tags":[],"class_list":["post-1274","post","type-post","status-publish","format-standard","hentry","category-allgemein"],"_links":{"self":[{"href":"https:\/\/www.sv-listrup.de\/index.php?rest_route=\/wp\/v2\/posts\/1274","targetHints":{"allow":["GET"]}}],"collection":[{"href":"https:\/\/www.sv-listrup.de\/index.php?rest_route=\/wp\/v2\/posts"}],"about":[{"href":"https:\/\/www.sv-listrup.de\/index.php?rest_route=\/wp\/v2\/types\/post"}],"author":[{"embeddable":true,"href":"https:\/\/www.sv-listrup.de\/index.php?rest_route=\/wp\/v2\/users\/3"}],"replies":[{"embeddable":true,"href":"https:\/\/www.sv-listrup.de\/index.php?rest_route=%2Fwp%2Fv2%2Fcomments&post=1274"}],"version-history":[{"count":3,"href":"https:\/\/www.sv-listrup.de\/index.php?rest_route=\/wp\/v2\/posts\/1274\/revisions"}],"predecessor-version":[{"id":1277,"href":"https:\/\/www.sv-listrup.de\/index.php?rest_route=\/wp\/v2\/posts\/1274\/revisions\/1277"}],"wp:attachment":[{"href":"https:\/\/www.sv-listrup.de\/index.php?rest_route=%2Fwp%2Fv2%2Fmedia&parent=1274"}],"wp:term":[{"taxonomy":"category","embeddable":true,"href":"https:\/\/www.sv-listrup.de\/index.php?rest_route=%2Fwp%2Fv2%2Fcategories&post=1274"},{"taxonomy":"post_tag","embeddable":true,"href":"https:\/\/www.sv-listrup.de\/index.php?rest_route=%2Fwp%2Fv2%2Ftags&post=1274"}],"curies":[{"name":"wp","href":"https:\/\/api.w.org\/{rel}","templated":true}]}}