{"id":1282,"date":"2015-10-05T15:33:19","date_gmt":"2015-10-05T15:33:19","guid":{"rendered":"http:\/\/sv-listrup.de\/?p=1282"},"modified":"2016-08-29T15:01:20","modified_gmt":"2016-08-29T15:01:20","slug":"jsg-am-wochenende-b1-landet-ersten-saisonsieg","status":"publish","type":"post","link":"https:\/\/www.sv-listrup.de\/?p=1282","title":{"rendered":"JSG am Wochenende: B1 landet ersten Saisonsieg!"},"content":{"rendered":"<p>Ein erfolgreiches Wochenende verbuchten unsere A1- und B1-Bezirksligamannschaften: W\u00e4hrend die A1 in einem umk\u00e4mpften Derby gegen Alemannia Salzbergen mit 1:0 die Oberhand behielt, konnte unsere B1 mit einem 2:1-Heimerfolg gegen die JSG Freren\/Thuine\/Andervenne den ersten \u201eDreier\u201c der Saison holen. Das Kreispokalspiel unserer C1 bei der JSG TuS\/VfB Lingen ist wegen \u201eNicht Antretens\u201c der Lingener Mannschaft ausgefallen.<\/p>\n<p>&nbsp;<\/p>\n<p><strong>A-Jugend:<\/strong><\/p>\n<p>&nbsp;<\/p>\n<p>In einem von der Spannung lebenden und umk\u00e4mpften Derby vor \u00fcber 200 Zuschauern (!) im Concordia-Park konnte unsere A1 bereits am Donnerstag den dritten Sieg in Folge holen. Das Spiel war ausgeglichen und die \u00fcberwiegend jugendlichen Zuschauer brachten viel Derby-Stimmung von Au\u00dfen auf den Rasen, wobei hier aber leider gelegentlich auch \u201e\u00fcber das Ziel hinausgeschossen\u201c wurde.<\/p>\n<p>&nbsp;<\/p>\n<p>Mit einem herrlichen Kopfball entschied Oliver Niehof in der 66. Spielminute das Spiel. Die Mannschaft von Trainer R\u00fcdiger Gr\u00fcner kletterte somit in der Tabelle auf Rang 4 empor!<\/p>\n<p>&nbsp;<\/p>\n<p><a href=\"https:\/\/www.sv-listrup.de\/wp-content\/uploads\/2015\/10\/DSC_0023_1020.jpg\"><img loading=\"lazy\" decoding=\"async\" class=\"alignnone  wp-image-1283\" src=\"https:\/\/www.sv-listrup.de\/wp-content\/uploads\/2015\/10\/DSC_0023_1020-1024x678.jpg\" alt=\"DSC_0023_1020\" width=\"415\" height=\"275\" srcset=\"https:\/\/www.sv-listrup.de\/wp-content\/uploads\/2015\/10\/DSC_0023_1020-1024x678.jpg 1024w, https:\/\/www.sv-listrup.de\/wp-content\/uploads\/2015\/10\/DSC_0023_1020-300x199.jpg 300w\" sizes=\"auto, (max-width: 415px) 100vw, 415px\" \/><\/a><\/p>\n<p>\u00a0<em>Olli Niehof mit dem spielentscheidenen Kopfball zum 1:0!<\/em><\/p>\n<p>\u00a0Unsere A1 hat nun erst am 24.10.2015 ihr n\u00e4chstes Bezirksliga-Spiel im Concordia-Park gegen die JSG Langen\/Neulangen. F\u00fcr Montag, den 12.10.2015 hat R\u00fcdiger Gr\u00fcner ein Testspiel beim SuS Neuenkirchen gegen die Mannschaft von Peter Hofschr\u00f6er vereinbart.<\/p>\n<p>&nbsp;<\/p>\n<p>Die weiteren A-.Jugend-Ergebnisse der letzten Woche:<\/p>\n<p>&nbsp;<\/p>\n<table>\n<tbody>\n<tr>\n<td width=\"125\">\n<p>1. Kreisklasse:<\/p>\n<\/td>\n<td width=\"192\">\n<p>JSG A2<\/p>\n<\/td>\n<td width=\"192\">\n<p>SVA Salzbergen 2<\/p>\n<\/td>\n<td width=\"105\">\n<p>1:1<\/p>\n<\/td>\n<\/tr>\n<tr>\n<td width=\"125\">\n<p>Kreispokal:<\/p>\n<\/td>\n<td width=\"192\">\n<p>JSG A2<\/p>\n<\/td>\n<td width=\"192\">\n<p>SVA Salzbergen 2<\/p>\n<\/td>\n<td width=\"105\">\n<p>8:9 n. E.<\/p>\n<\/td>\n<\/tr>\n<tr>\n<td width=\"125\">\n<p>2. Kreisklasse:<\/p>\n<\/td>\n<td width=\"192\">\n<p>JSG Union Mep.\/Emsl. 1<\/p>\n<\/td>\n<td width=\"192\">\n<p>JSG A3<\/p>\n<\/td>\n<td width=\"105\">\n<p>5:3<\/p>\n<\/td>\n<\/tr>\n<tr>\n<td width=\"125\">\n<p>Kreispokal:<\/p>\n<\/td>\n<td width=\"192\">\n<p>JSG A4<\/p>\n<\/td>\n<td width=\"192\">\n<p>JSG Holthausen\/Altenl. 1<\/p>\n<\/td>\n<td width=\"105\">\n<p>1:17<\/p>\n<\/td>\n<\/tr>\n<\/tbody>\n<\/table>\n<p>&nbsp;<\/p>\n<p>&nbsp;<\/p>\n<p><strong>B-Jugend:<\/strong><\/p>\n<p>&nbsp;<\/p>\n<p>Endlich der erste Dreier! Nach dem desastr\u00f6sen Spiel bei der JSG Gildehaus\/Bentheim in der vergangenen Woche konnte unsere B1 am Samstag beim Heimspiel gegen die JSG Freren\/Thuine\/Andervenne wieder an die guten Leistungen in den zuvor gezeigten Spielen ankn\u00fcpfen!<\/p>\n<p>&nbsp;<\/p>\n<p>Nachdem es zur Halbzeit noch 0:0 stand, folgte zun\u00e4chst direkt nach Wiederanpfiff eine kalte Dusche mit dem 0:1 f\u00fcr die G\u00e4ste. Danach war es Oliver Teipen, der mit einem Doppelschlag in der 51. und 54. Spielminute das Spiel dreht und f\u00fcr die 2:1-F\u00fchrung sorgte. Diese brachte die Mannschaft dann souver\u00e4n bis zum Spielende \u00fcber die Runden. Trainer Markus Rakel sprach nach dem Spiel von einer starken geschlossenen Mannschaftsleistung. H\u00f6hepunkt des Spiels war dabei der herrlich herausgespielte 2:1-Siegtreffer.<\/p>\n<p>&nbsp;<\/p>\n<p>Mit diesem Heimerfolg konnte unsere B1 auf Platz 9 ins Mittelfeld der Bezirksliga-Tabelle vorr\u00fccken. Weiter geht es f\u00fcr unsere U17 nun am kommenden Samstag mit dem Ausw\u00e4rtsspiel bei der JSG Neuenhaus\/Emlichheim.<\/p>\n<p>&nbsp;<\/p>\n<p>Die weitere B-Jugend-Ergebnisse der vergangenen Woche:<\/p>\n<p>&nbsp;<\/p>\n<table>\n<tbody>\n<tr>\n<td width=\"125\">\n<p>1. Kreisklasse:<\/p>\n<\/td>\n<td width=\"192\">\n<p>JSG Darme\/Schepsdorf 1<\/p>\n<\/td>\n<td width=\"168\">\n<p>JSG B2<\/p>\n<\/td>\n<td width=\"129\">\n<p>3:0<\/p>\n<\/td>\n<\/tr>\n<tr>\n<td width=\"125\">\n<p>Kreispokal:<\/p>\n<\/td>\n<td width=\"192\">\n<p>JSG Langen\/Gersten 1<\/p>\n<\/td>\n<td width=\"168\">\n<p>JSG B3<\/p>\n<\/td>\n<td width=\"129\">\n<p>12:0<\/p>\n<\/td>\n<\/tr>\n<tr>\n<td width=\"125\">\n<p>2. Kreisklasse<\/p>\n<\/td>\n<td width=\"192\">\n<p>JSG Freren\/Th.\/And. 2<\/p>\n<\/td>\n<td width=\"168\">\n<p>JSG B3<\/p>\n<\/td>\n<td width=\"129\">\n<p>12:1<\/p>\n<\/td>\n<\/tr>\n<\/tbody>\n<\/table>\n<p>&nbsp;<\/p>\n<p>&nbsp;<\/p>\n<p><strong>C-Jugend:<\/strong><\/p>\n<p>&nbsp;<\/p>\n<p>Die JSG TuS\/VfB Lingen hatte schon im Vorfeld angek\u00fcndigt, aufgrund Personalmangels nicht zum Kreispokalspiel gegen unsere C1 antreten zu k\u00f6nnen. Auch ein Ersatztermin war nicht m\u00f6glich. Das Spiel ist daher ausgefallen und wurde mit 5:0 f\u00fcr unsere C1 gewertet, die somit kampflos in das Viertelfinale eingezogen ist.<\/p>\n<p>&nbsp;<\/p>\n<p>Am Wochenende war die Mannschaft von Wolly Jager und Heiner Feldmann spielfrei, so dass die Zeit mit intensiven Trainingseinheiten genutzt wurde. Auch am n\u00e4chsten Wochenende ist unsere U15 im Ligabetrieb noch spielfrei. F\u00fcr Freitag, den 10.10.2015 wurde ein Testspiel beim westf\u00e4lischen Kreisligisten SV Heek vereinbart.<\/p>\n<p>&nbsp;<\/p>\n<p>Die weiteren C-Jugend-Ergebnisse der vergangenen Woche:<\/p>\n<p>&nbsp;<\/p>\n<table>\n<tbody>\n<tr>\n<td width=\"125\">\n<p>Kreispokal:<\/p>\n<\/td>\n<td width=\"204\">\n<p>JSG Altenlingen\/Holth. 2<\/p>\n<\/td>\n<td width=\"192\">\n<p>JSG C2<\/p>\n<\/td>\n<td width=\"93\">\n<p>5:0<\/p>\n<\/td>\n<\/tr>\n<tr>\n<td width=\"125\">\n<p>1. Kreisklasse:<\/p>\n<\/td>\n<td width=\"204\">\n<p>JSG C2<\/p>\n<\/td>\n<td width=\"192\">\n<p>JFV Hasel\u00fcnne 2<\/p>\n<\/td>\n<td width=\"93\">\n<p>7:2<\/p>\n<\/td>\n<\/tr>\n<tr>\n<td width=\"125\">\u00a0<\/td>\n<td width=\"204\">\n<p>JSG Geeste\/Osterbrock 1<\/p>\n<\/td>\n<td width=\"192\">\n<p>JSG C2<\/p>\n<\/td>\n<td width=\"93\">\n<p>0:0<\/p>\n<\/td>\n<\/tr>\n<tr>\n<td width=\"125\">\n<p>Kreispokal:<\/p>\n<\/td>\n<td width=\"204\">\n<p>JSG C3<\/p>\n<\/td>\n<td width=\"192\">\n<p>JSG Freren\/Th.\/And. 2<\/p>\n<\/td>\n<td width=\"93\">\n<p>1:0<\/p>\n<\/td>\n<\/tr>\n<tr>\n<td width=\"125\">\n<p>2. Kreisklasse:<\/p>\n<\/td>\n<td width=\"204\">\n<p>JSG C3<\/p>\n<\/td>\n<td width=\"192\">\n<p>JSG Beesten\/Schapen 1<\/p>\n<\/td>\n<td width=\"93\">\n<p>8:1<\/p>\n<\/td>\n<\/tr>\n<\/tbody>\n<\/table>\n<p>&nbsp;<\/p>\n<p>Die C4 unserer JSG hatte spielfrei.<\/p>\n<p>&nbsp;<\/p>\n<p>&nbsp;<\/p>\n<p>Bericht und Foto: Heiner Feldmann<\/p>\n","protected":false},"excerpt":{"rendered":"<p>Ein erfolgreiches Wochenende verbuchten unsere A1- und B1-Bezirksligamannschaften: W\u00e4hrend die A1 in einem umk\u00e4mpften Derby gegen Alemannia Salzbergen mit 1:0 die Oberhand behielt, konnte unsere B1 mit einem 2:1-Heimerfolg gegen die JSG Freren\/Thuine\/Andervenne den ersten \u201eDreier\u201c der Saison holen. Das Kreispokalspiel unserer C1 bei der JSG TuS\/VfB Lingen ist wegen \u201eNicht Antretens\u201c der Lingener Mannschaft ausgefallen. &nbsp; A-Jugend: &nbsp; In einem von der Spannung lebenden und umk\u00e4mpften Derby vor \u00fcber 200 Zuschauern (!) im Concordia-Park konnte unsere A1 bereits am Donnerstag den dritten Sieg in Folge holen. Das Spiel war ausgeglichen und die \u00fcberwiegend jugendlichen Zuschauer brachten viel Derby-Stimmung von Au\u00dfen auf den Rasen, wobei hier aber leider gelegentlich auch \u201e\u00fcber das Ziel hinausgeschossen\u201c wurde. &nbsp; Mit einem herrlichen Kopfball entschied Oliver Niehof in der 66. Spielminute das Spiel. Die Mannschaft von Trainer R\u00fcdiger Gr\u00fcner kletterte somit in der Tabelle auf Rang 4 empor! &nbsp; \u00a0Olli Niehof mit dem spielentscheidenen Kopfball zum 1:0! \u00a0Unsere A1 hat nun erst am 24.10.2015 ihr n\u00e4chstes Bezirksliga-Spiel im Concordia-Park gegen die JSG Langen\/Neulangen. F\u00fcr Montag, den 12.10.2015 hat R\u00fcdiger Gr\u00fcner ein Testspiel beim SuS [&hellip;]<\/p>\n","protected":false},"author":3,"featured_media":1283,"comment_status":"open","ping_status":"open","sticky":false,"template":"","format":"standard","meta":{"footnotes":""},"categories":[42],"tags":[],"class_list":["post-1282","post","type-post","status-publish","format-standard","has-post-thumbnail","hentry","category-jsg"],"_links":{"self":[{"href":"https:\/\/www.sv-listrup.de\/index.php?rest_route=\/wp\/v2\/posts\/1282","targetHints":{"allow":["GET"]}}],"collection":[{"href":"https:\/\/www.sv-listrup.de\/index.php?rest_route=\/wp\/v2\/posts"}],"about":[{"href":"https:\/\/www.sv-listrup.de\/index.php?rest_route=\/wp\/v2\/types\/post"}],"author":[{"embeddable":true,"href":"https:\/\/www.sv-listrup.de\/index.php?rest_route=\/wp\/v2\/users\/3"}],"replies":[{"embeddable":true,"href":"https:\/\/www.sv-listrup.de\/index.php?rest_route=%2Fwp%2Fv2%2Fcomments&post=1282"}],"version-history":[{"count":1,"href":"https:\/\/www.sv-listrup.de\/index.php?rest_route=\/wp\/v2\/posts\/1282\/revisions"}],"predecessor-version":[{"id":1284,"href":"https:\/\/www.sv-listrup.de\/index.php?rest_route=\/wp\/v2\/posts\/1282\/revisions\/1284"}],"wp:featuredmedia":[{"embeddable":true,"href":"https:\/\/www.sv-listrup.de\/index.php?rest_route=\/wp\/v2\/media\/1283"}],"wp:attachment":[{"href":"https:\/\/www.sv-listrup.de\/index.php?rest_route=%2Fwp%2Fv2%2Fmedia&parent=1282"}],"wp:term":[{"taxonomy":"category","embeddable":true,"href":"https:\/\/www.sv-listrup.de\/index.php?rest_route=%2Fwp%2Fv2%2Fcategories&post=1282"},{"taxonomy":"post_tag","embeddable":true,"href":"https:\/\/www.sv-listrup.de\/index.php?rest_route=%2Fwp%2Fv2%2Ftags&post=1282"}],"curies":[{"name":"wp","href":"https:\/\/api.w.org\/{rel}","templated":true}]}}