{"id":1365,"date":"2015-10-28T07:21:54","date_gmt":"2015-10-28T07:21:54","guid":{"rendered":"http:\/\/sv-listrup.de\/?p=1365"},"modified":"2015-10-28T07:21:54","modified_gmt":"2015-10-28T07:21:54","slug":"jsg-am-wochenende-a1-mit-viertem-sieg-in-folge","status":"publish","type":"post","link":"https:\/\/www.sv-listrup.de\/?p=1365","title":{"rendered":"JSG am Wochenende: A1 mit viertem Sieg in Folge!"},"content":{"rendered":"<p>Nach drei Wochen Pause stand am vergangenen Wochenende das n\u00e4chste Punktspiel f\u00fcr die A1 unserer JSG Emsb\u00fcren\/Leschede\/Listrup an: Am Samstag nachmittag empfing die Mannschaft von Trainer R\u00fcdiger Gr\u00fcner den Tabellennachbarn JSG Langen\/Neulangen\/Lathen im Concordia-Park. Unsere B1 und C1 hatten aufgrund der nieders\u00e4chsischen Herbstferien spielfrei.<\/p>\n<p>\u00a0<strong>A-Jugend:<\/strong><\/p>\n<p>\u00a0Direkt wieder in der Spur lief nach der langen Spielpause unsere A1: Gegen den Gegner aus dem n\u00f6rdlichen Emsland gab es einen \u00fcberzeugenden 3:1-Heimsieg! Die bereits im Testspiel beim SuS Neuenkirchen registrierte spielerische Steigerung unserer Mannschaft setzte sich fort: Es wurde teilweise sehr sehenswert nach vorne kombiniert. Leider kam h\u00e4ufiger der letzte entscheidene Pass beim Mitspieler noch nicht an.<\/p>\n<p>\u00a0Durch die beste Szene des Spieles resultierte die 1:0-F\u00fchrung. Justin Jager brachte eine sehr gute Flanke \u00fcber rechts, die Oliver Niehof mit bereits seinem dritten Kopfballtor einnetzen konnte. In der 2. Halbzeit brachte dann das 2:0 durch Jonas Sch\u00fcring Sicherheit. Er reagierte am schnellsten als der Torwart den Ball wieder aus den H\u00e4nden gab.<\/p>\n<p>&nbsp;<\/p>\n<p>Ein wenig Spannung kam auf als der auff\u00e4lligste Spieler des Gastes, Oliver Holthaus, zum 2:1 verk\u00fcrzen konnte. Zum Gl\u00fcck stellte kurze Zeit sp\u00e4ter Jonas Sch\u00fcring mit seinem zweiten Tor den alten Abstand wieder her. Auch hier reagierte er in toller Torj\u00e4germanier als der von Jordi Enking an den Pfosten gesetzte Ball zur\u00fcck sprang.<\/p>\n<p>&nbsp;<\/p>\n<p><a href=\"https:\/\/www.sv-listrup.de\/wp-content\/uploads\/2015\/10\/Jonas-Sch\u00fcring.jpg\"><img loading=\"lazy\" decoding=\"async\" class=\"alignnone  wp-image-1364\" src=\"https:\/\/www.sv-listrup.de\/wp-content\/uploads\/2015\/10\/Jonas-Sch\u00fcring.jpg\" alt=\"Jonas Sch\u00fcring\" width=\"626\" height=\"470\" srcset=\"https:\/\/www.sv-listrup.de\/wp-content\/uploads\/2015\/10\/Jonas-Sch\u00fcring.jpg 852w, https:\/\/www.sv-listrup.de\/wp-content\/uploads\/2015\/10\/Jonas-Sch\u00fcring-300x225.jpg 300w\" sizes=\"auto, (max-width: 626px) 100vw, 626px\" \/><\/a><\/p>\n<p>\u00a0<em>Jonas Sch\u00fcring gelang gegen die JSG Langen ein Doppelpack und ist mit nunmehr sechs Saisontoren der erfolgreichste Torsch\u00fctze unserer A1!<\/em><\/p>\n<p>&nbsp;<\/p>\n<p>So stand am Ende ein verdienter 3:1-Heimerfolg gegen einen Gegner, der sicherlich nicht den besten Tag hatte. Aber auch bei unserer Mannschaft sah Trainer R\u00fcdiger Gr\u00fcner trotz der spielerischen Steigerung noch weitere \u201eLuft nach oben\u201c. Mit diesem vierten Erfolg in Folge konnte unsere U19 den vierten Tabellenplatz in der Bezirksliga-Tabelle festigen, w\u00e4hrend die Langener auf den neunten Platz abrutschten. Leider verletzten sich in dem Spiel unsere spielstarken zentralen Spieler Christoph Schwis und Max Meyering. Gute Besserung an Beide!<\/p>\n<p>&nbsp;<\/p>\n<p>Weiter geht es f\u00fcr unsere A1 bereits am Freitag abend (30.10.2015, Ansto\u00df 19.30 Uhr) beim Derby in Lohne gegen die JSG Lohne\/Wietmarschen (Tabellendritter). Hier treffen nicht nur die besten A-Jugend-Spieler zweier Nachbargemeinden, sondern auch noch Tabellennachbarn aufeinander, so dass eine sehr interessante Begegnung erwartet werden kann.<\/p>\n<p>&nbsp;<\/p>\n<p>Unsere A2 konnte nach zwei Siegen an diesem Wochenende sich vorerst an die Tabellenspitze der 1. Kreisklasse setzen!<\/p>\n<p>&nbsp;<\/p>\n<p>Die Ergebnisse der A-Jugendmannschaften:<\/p>\n<p>&nbsp;<\/p>\n<table>\n<tbody>\n<tr>\n<td width=\"125\">\n<p>\u00a0Bezirksliga:<\/p>\n<\/td>\n<td width=\"180\">\n<p>\u00a0JSG A1<\/p>\n<\/td>\n<td width=\"204\">\n<p>\u00a0JSG Langen\/Neul.\/Lathen<\/p>\n<\/td>\n<td width=\"105\">\n<p>\u00a03:1<\/p>\n<\/td>\n<\/tr>\n<tr>\n<td width=\"125\">\n<p>\u00a01. Kreisklasse:<\/p>\n<\/td>\n<td width=\"180\">\n<p>\u00a0JSG A2<\/p>\n<\/td>\n<td width=\"204\">\n<p>\u00a0SV Bokeloh<\/p>\n<\/td>\n<td width=\"105\">\n<p>\u00a02:1<\/p>\n<\/td>\n<\/tr>\n<tr>\n<td width=\"125\">\u00a0<\/td>\n<td width=\"180\">\n<p>\u00a0SV Voran Br\u00f6gbern<\/p>\n<\/td>\n<td width=\"204\">\n<p>\u00a0JSG A2<\/p>\n<\/td>\n<td width=\"105\">\n<p>\u00a02:3<\/p>\n<\/td>\n<\/tr>\n<tr>\n<td width=\"125\">\n<p>\u00a02. Kreisklasse:<\/p>\n<\/td>\n<td width=\"180\">\n<p>\u00a0JSG A3<\/p>\n<\/td>\n<td width=\"204\">\n<p>\u00a0JSG Darme\/Schepsdorf<\/p>\n<\/td>\n<td width=\"105\">\n<p>\u00a00:3<\/p>\n<\/td>\n<\/tr>\n<\/tbody>\n<\/table>\n<p>&nbsp;<\/p>\n<p>&nbsp;<\/p>\n<p><strong>B-Jugend:<\/strong><\/p>\n<p>&nbsp;<\/p>\n<p>Spielfrei hatte unsere B1. Erst am 07.11. geht es f\u00fcr die Mannschaft um Trainer Markus Rakel weiter mit dem Derby gegen den SV Alemannia Salzbergen!<\/p>\n<p>&nbsp;<\/p>\n<p>Auch unsere B2 hatte am Wochenende spielfrei, lediglich die B3 war im Einsatz.<\/p>\n<p>&nbsp;<\/p>\n<p>Die B-Jugend-Ergebnisse der vergangenen Woche:<\/p>\n<p>&nbsp;<\/p>\n<table>\n<tbody>\n<tr>\n<td width=\"125\">\n<p>\u00a02. Kreisklasse:<\/p>\n<\/td>\n<td width=\"204\">\n<p>\u00a0JSG Union Meppen\/Emsl.<\/p>\n<\/td>\n<td width=\"156\">\n<p>\u00a0JSG B3<\/p>\n<\/td>\n<td width=\"129\">\n<p>\u00a05:3<\/p>\n<\/td>\n<\/tr>\n<\/tbody>\n<\/table>\n<p>&nbsp;<\/p>\n<p>&nbsp;<\/p>\n<p><strong>C-Jugend:<\/strong><\/p>\n<p>&nbsp;<\/p>\n<p>Auch unsere C1 hat sich aufgrund der Herbstferien das Wochenende spielfrei gehalten. Am kommenden Sonntag (01.11.2015) trifft die Mannschaft der Trainer Wolly Jager und Heiner Feldmann um 11.00 Uhr im Concordia-Park auf die JSG Bawinkel\/Clusorth.<\/p>\n<p>&nbsp;<\/p>\n<p>Die C-Jugend-Ergebnisse der vergangenen Woche:<\/p>\n<p>&nbsp;<\/p>\n<table>\n<tbody>\n<tr>\n<td width=\"125\">\n<p>\u00a01. Kreisklasse:<\/p>\n<\/td>\n<td width=\"204\">\n<p>\u00a0JSG C2<\/p>\n<\/td>\n<td width=\"216\">\n<p>\u00a0JSG Messingen\/L\u00fcn.\/Bram.<\/p>\n<\/td>\n<td width=\"69\">\n<p>\u00a01:14<\/p>\n<\/td>\n<\/tr>\n<tr>\n<td width=\"125\">\n<p>\u00a02. Kreisklasse:<\/p>\n<\/td>\n<td width=\"204\">\n<p>\u00a0JSG Freren\/Th.\/Anderv.<\/p>\n<\/td>\n<td width=\"216\">\n<p>\u00a0JSG C3<\/p>\n<\/td>\n<td width=\"69\">\n<p>\u00a02:2<\/p>\n<\/td>\n<\/tr>\n<tr>\n<td width=\"125\">\u00a0<\/td>\n<td width=\"204\">\n<p>\u00a0SC Spelle\/Venhaus 3<\/p>\n<\/td>\n<td width=\"216\">\n<p>\u00a0JSG C4<\/p>\n<\/td>\n<td width=\"69\">\n<p>\u00a08:1<\/p>\n<\/td>\n<\/tr>\n<\/tbody>\n<\/table>\n<p>&nbsp;<\/p>\n<p>&nbsp;<\/p>\n<p>Bericht: \u00a0\u00a0\u00a0\u00a0\u00a0\u00a0\u00a0\u00a0 Heiner Feldmann<\/p>\n","protected":false},"excerpt":{"rendered":"<p>Nach drei Wochen Pause stand am vergangenen Wochenende das n\u00e4chste Punktspiel f\u00fcr die A1 unserer JSG Emsb\u00fcren\/Leschede\/Listrup an: Am Samstag nachmittag empfing die Mannschaft von Trainer R\u00fcdiger Gr\u00fcner den Tabellennachbarn JSG Langen\/Neulangen\/Lathen im Concordia-Park. Unsere B1 und C1 hatten aufgrund der nieders\u00e4chsischen Herbstferien spielfrei. \u00a0A-Jugend: \u00a0Direkt wieder in der Spur lief nach der langen Spielpause unsere A1: Gegen den Gegner aus dem n\u00f6rdlichen Emsland gab es einen \u00fcberzeugenden 3:1-Heimsieg! Die bereits im Testspiel beim SuS Neuenkirchen registrierte spielerische Steigerung unserer Mannschaft setzte sich fort: Es wurde teilweise sehr sehenswert nach vorne kombiniert. Leider kam h\u00e4ufiger der letzte entscheidene Pass beim Mitspieler noch nicht an. \u00a0Durch die beste Szene des Spieles resultierte die 1:0-F\u00fchrung. Justin Jager brachte eine sehr gute Flanke \u00fcber rechts, die Oliver Niehof mit bereits seinem dritten Kopfballtor einnetzen konnte. In der 2. Halbzeit brachte dann das 2:0 durch Jonas Sch\u00fcring Sicherheit. Er reagierte am schnellsten als der Torwart den Ball wieder aus den H\u00e4nden gab. &nbsp; Ein wenig Spannung kam auf als der auff\u00e4lligste Spieler des Gastes, Oliver Holthaus, zum 2:1 verk\u00fcrzen konnte. Zum Gl\u00fcck stellte kurze [&hellip;]<\/p>\n","protected":false},"author":3,"featured_media":0,"comment_status":"open","ping_status":"open","sticky":false,"template":"","format":"standard","meta":{"footnotes":""},"categories":[1],"tags":[],"class_list":["post-1365","post","type-post","status-publish","format-standard","hentry","category-allgemein"],"_links":{"self":[{"href":"https:\/\/www.sv-listrup.de\/index.php?rest_route=\/wp\/v2\/posts\/1365","targetHints":{"allow":["GET"]}}],"collection":[{"href":"https:\/\/www.sv-listrup.de\/index.php?rest_route=\/wp\/v2\/posts"}],"about":[{"href":"https:\/\/www.sv-listrup.de\/index.php?rest_route=\/wp\/v2\/types\/post"}],"author":[{"embeddable":true,"href":"https:\/\/www.sv-listrup.de\/index.php?rest_route=\/wp\/v2\/users\/3"}],"replies":[{"embeddable":true,"href":"https:\/\/www.sv-listrup.de\/index.php?rest_route=%2Fwp%2Fv2%2Fcomments&post=1365"}],"version-history":[{"count":1,"href":"https:\/\/www.sv-listrup.de\/index.php?rest_route=\/wp\/v2\/posts\/1365\/revisions"}],"predecessor-version":[{"id":1366,"href":"https:\/\/www.sv-listrup.de\/index.php?rest_route=\/wp\/v2\/posts\/1365\/revisions\/1366"}],"wp:attachment":[{"href":"https:\/\/www.sv-listrup.de\/index.php?rest_route=%2Fwp%2Fv2%2Fmedia&parent=1365"}],"wp:term":[{"taxonomy":"category","embeddable":true,"href":"https:\/\/www.sv-listrup.de\/index.php?rest_route=%2Fwp%2Fv2%2Fcategories&post=1365"},{"taxonomy":"post_tag","embeddable":true,"href":"https:\/\/www.sv-listrup.de\/index.php?rest_route=%2Fwp%2Fv2%2Ftags&post=1365"}],"curies":[{"name":"wp","href":"https:\/\/api.w.org\/{rel}","templated":true}]}}