{"id":1432,"date":"2015-11-17T18:23:24","date_gmt":"2015-11-17T18:23:24","guid":{"rendered":"http:\/\/sv-listrup.de\/?p=1432"},"modified":"2015-11-17T18:23:24","modified_gmt":"2015-11-17T18:23:24","slug":"jsg-am-wochenende-regen-regen-regen","status":"publish","type":"post","link":"https:\/\/www.sv-listrup.de\/?p=1432","title":{"rendered":"JSG am Wochenende: Regen Regen Regen"},"content":{"rendered":"<p>Durch die heftigen Niederschl\u00e4ge am vergangenen Wochenende konnten auch im Jugendfussball nur ein Teil der eigentlich geplanten Punktspiele stattfinden. So fiel z. B. das Bezirksliga-Spitzenspiel unserer A1 bei Sparta Werlte leider aus. Leider blieben in fast s\u00e4mtlichen trotz des Regenwetters stattgefundenen Spielen unsere JSG-Mannschaften sieglos. Lediglich unsere C3 konnte einen Ausw\u00e4rtssieg verbuchen.<\/p>\n<p>&nbsp;<\/p>\n<p><strong>A-Jugend:<\/strong><\/p>\n<p><strong>\u00a0<\/strong><\/p>\n<p>Erst am sp\u00e4ten Samstag-Vormittag erreichte unseren A1-Trainer R\u00fcdiger Gr\u00fcner die Nachricht, dass die Sportpl\u00e4tze bei Sparta Werlte gesperrt wurden. Leider lie\u00dfen sich die H\u00fcmmlinger trotz flexibler Angebote z. B. hinsichtlich der Ansto\u00dfzeit nicht auf einen durchaus m\u00f6glichen Heimrechttausch ein. Somit d\u00fcrfte es hinsichtlich einer Neuansetzung des Spiels sicherlich Probleme geben. Aufgrund der gro\u00dfen Entfernung wird eine Austragung der Begegnung in der Wochemitte kaum m\u00f6glich sein.<\/p>\n<p>&nbsp;<\/p>\n<p>Weiter geht es f\u00fcr unsere A1 am kommenden Samstag, den 21.11. um 14.00 Uhr mit dem Ausw\u00e4rtsspiel bei der JSG Schwefingen\/Meppen\/Teglingen. Das Spiel wird in Schwefingen ausgetragen.<\/p>\n<p>&nbsp;<\/p>\n<p>Die Ergebnisse der A-Jugendmannschaften:<\/p>\n<p>&nbsp;<\/p>\n<table>\n<tbody>\n<tr>\n<td width=\"125\">\n<p>\u00a0Bezirksliga:<\/p>\n<\/td>\n<td width=\"192\">\n<p>\u00a0Sparta Werlte<\/p>\n<\/td>\n<td width=\"192\">\n<p>\u00a0JSG A1<\/p>\n<\/td>\n<td width=\"105\">\n<p>\u00a0Ausgefallen<\/p>\n<\/td>\n<\/tr>\n<tr>\n<td width=\"125\">\n<p>\u00a01. Kreisklasse:<\/p>\n<\/td>\n<td width=\"192\">\n<p>\u00a0JSG A2<\/p>\n<\/td>\n<td width=\"192\">\u00a0<\/td>\n<td width=\"105\">\n<p>\u00a0Spielfrei<\/p>\n<\/td>\n<\/tr>\n<tr>\n<td width=\"125\">\n<p>\u00a02. Kreisklasse:<\/p>\n<\/td>\n<td width=\"192\">\n<p>\u00a0JSG A3<\/p>\n<\/td>\n<td width=\"192\">\u00a0<\/td>\n<td width=\"105\">\n<p>\u00a0Winterpause<\/p>\n<\/td>\n<\/tr>\n<\/tbody>\n<\/table>\n<p>&nbsp;<\/p>\n<p>&nbsp;<\/p>\n<p><strong>B-Jugend:<\/strong><\/p>\n<p>&nbsp;<\/p>\n<p>Eine sehr gute erste Halbzeit spielte unsere B1 am Freitag abend im Ausw\u00e4rtsspiel beim VfL Wei\u00dfe Elf Nordhorn. Die Elf von Trainer Markus Rakel zeigte sich sehr konzentriert und f\u00fchrte mit dem Pausenpfiff durch Treffer von Pascal Kirchner (30. Min.) und Oliver Teipen (36. Min.) verdient mit 2:0. Leider verpasste es unsere U17 in der Schlussphase der ersten Halbzeit das vorentscheidene 3:0 zu erzielen.<\/p>\n<p>&nbsp;<\/p>\n<p>Zehn Minuten vor dem Schlusspfiff erzielten die Jungs vom Ootmarsumer Weg durch einen Sonntagsschuss den 1:2-Anschlusstreffer und leider f\u00fcnf Minuten vor Ende auch noch den 2:2-Endstand. Trotzdem sprach Markus Rakel nach dem Spiel von einer starken k\u00e4mperischen Leistung seiner Mannschaft, die an diesem Tag sicherlich nicht das gl\u00fccklichere Team war.<\/p>\n<p>&nbsp;<\/p>\n<p>Das f\u00fcr Sonntag geplante weitere Spiel unserer B1 gegen die JSG Esterwegen\/Surwold\/Bockhorst fiel dem reichen himmlischen Segen von oben zum Opfer. Da es im hohen Norden des Emslands noch mehr Nass als im \u201esonnigen S\u00fcden\u201c gegeben hatte, kam ein Heimrechttausch hier nicht in Frage.<\/p>\n<p>&nbsp;<\/p>\n<p>Am n\u00e4chsten Samstag (21.11.2015) geht es f\u00fcr unsere B1 zum Ausw\u00e4rtsspiel nach Blau-Wei\u00df Papenburg. Ansto\u00df ist um 16.00 Uhr.<\/p>\n<p>&nbsp;<\/p>\n<p>Die B-Jugend-Ergebnisse der vergangenen Woche:<\/p>\n<p>&nbsp;<\/p>\n<table>\n<tbody>\n<tr>\n<td width=\"125\">\n<p>\u00a0Bezirksliga:<\/p>\n<\/td>\n<td width=\"180\">\n<p>\u00a0Wei\u00dfe Elf Nordhorn<\/p>\n<\/td>\n<td width=\"204\">\n<p>\u00a0JSG B1<\/p>\n<\/td>\n<td width=\"105\">\n<p>\u00a02:2<\/p>\n<\/td>\n<\/tr>\n<tr>\n<td width=\"125\">\u00a0<\/td>\n<td width=\"180\">\n<p>\u00a0JSG B1<\/p>\n<\/td>\n<td width=\"204\">\n<p>\u00a0JSG Esterwegen\/Surwold<\/p>\n<\/td>\n<td width=\"105\">\n<p>\u00a0Ausgefallen<\/p>\n<\/td>\n<\/tr>\n<tr>\n<td width=\"125\">\n<p>\u00a01. Kreisklasse<\/p>\n<\/td>\n<td width=\"180\">\n<p>\u00a0JSG B2<\/p>\n<\/td>\n<td width=\"204\">\n<p>\u00a0SC Baccum<\/p>\n<\/td>\n<td width=\"105\">\n<p>\u00a01:1<\/p>\n<\/td>\n<\/tr>\n<tr>\n<td width=\"125\">\n<p>\u00a02. Kreisklasse:<\/p>\n<\/td>\n<td width=\"180\">\n<p>\u00a0JSG B3<\/p>\n<\/td>\n<td width=\"204\">\n<p>\u00a0JSG Dalum\/Gr. Hesepe 2<\/p>\n<\/td>\n<td width=\"105\">\n<p>\u00a00:3<\/p>\n<\/td>\n<\/tr>\n<\/tbody>\n<\/table>\n<p>&nbsp;<\/p>\n<p>&nbsp;<\/p>\n<p><strong>C-Jugend:<\/strong><\/p>\n<p>&nbsp;<\/p>\n<p>Aufgrund der gesperrten Pl\u00e4tze im Emsb\u00fcrener Concordia-Park wich unsere C1 f\u00fcr das Heimspiel gegen die JSG Darme\/Schepsdorf nach Elbergen aus. Da das Regenradar zun\u00e4chst f\u00fcr den Sonntag vormittag eine trockene Periode erwarten lie\u00df, entschlossen sich die Trainer das Spiel auch durchzuf\u00fchren.<\/p>\n<p>&nbsp;<\/p>\n<p>Wider Erwarten sch\u00fcttete es jedoch am Sonntag vormittag dann doch fast unaufh\u00f6rlich. Dennoch war in der ersten Halbzeit ein Fussballspiel noch weitestgehend m\u00f6glich. Nach einem Konter gingen die benachbarten G\u00e4ste<\/p>\n<p>mit 0:1 in F\u00fchrung. Diese konnte durch ein Eigentor der G\u00e4ste von unserer zun\u00e4chst kaum ins Spiel kommenden Mannschaft kurz darauf egalisiert werden. F\u00fcnf Minuten vor der Halbzeit fiel dann jedoch die erneute F\u00fchrung zum 1:2 f\u00fcr die Damer.\u00a0<\/p>\n<p>&nbsp;<\/p>\n<p>In der zweiten Halbzeit f\u00fchlten sich die \u00e4lteren Zuschauer, die es sich fast s\u00e4mtlich unter dem gro\u00dfen Abdach am Elberger Sportplatz gem\u00fctlich gemacht hatten, dann doch sehr an das WM-Halbfinale Deutschland-Polen 1974 erinnert. Durch den nun weitr\u00e4umig unter Wasser stehenden Platz war ein Kombinationsspiel kaum noch m\u00f6glich, der Ball blieb auch nach hart gespielten pr\u00e4zisen P\u00e4ssen h\u00e4ufig einfach im Nass liegen. Die G\u00e4ste konnten durch einen zweifelhaften Foulelfmeter direkt nach Wiederanpfiff auf 1:3 erh\u00f6hen. In den letzten 30 Minuten dr\u00e4ngte unsere nun mit einer tollen k\u00e4mpferischen Einstellung auftretende U15 dann auf den Anschlusstreffer, der jedoch insbesondere aufgrund der kampfstarken Darmer Innenverteidigung, der die \u00e4u\u00dferen Bedingungen nun nat\u00fcrlich entgegen kam, leider nicht mehr fiel.<\/p>\n<p>&nbsp;<\/p>\n<p>Am kommenden Donnerstag (19.11.2015, Ansto\u00df 18.00 Uhr) spielt unsere C1 im letzten Punktspiel der Hinrunde gegen den Tabellenzweiten JSG Twist im Concordia-Park.<\/p>\n<p>&nbsp;<\/p>\n<p>Die C-Jugend-Ergebnisse der vergangenen Woche:<\/p>\n<p>&nbsp;<\/p>\n<table>\n<tbody>\n<tr>\n<td width=\"122\">\n<p>\u00a0Kreisliga:<\/p>\n<\/td>\n<td width=\"183\">\n<p>\u00a0JSG C1<\/p>\n<\/td>\n<td width=\"204\">\n<p>\u00a0JSG Darme\/Schepsdorf<\/p>\n<\/td>\n<td width=\"105\">\n<p>\u00a01:3<\/p>\n<\/td>\n<\/tr>\n<tr>\n<td width=\"122\">\n<p>\u00a01. Kreisklasse:<\/p>\n<\/td>\n<td width=\"183\">\n<p>\u00a0JSG C2<\/p>\n<\/td>\n<td width=\"204\">\n<p>\u00a0JSG Altenlingen\/Holth. 2<\/p>\n<\/td>\n<td width=\"105\">\n<p>\u00a0Ausgefallen<\/p>\n<\/td>\n<\/tr>\n<tr>\n<td width=\"122\">\n<p>\u00a02. Kreisklasse:<\/p>\n<\/td>\n<td width=\"183\">\n<p>\u00a0JSG Darme\/Schepsd. 2<\/p>\n<\/td>\n<td width=\"204\">\n<p>\u00a0JSG C3<\/p>\n<\/td>\n<td width=\"105\">\n<p>\u00a01:3<\/p>\n<\/td>\n<\/tr>\n<tr>\n<td width=\"122\">\u00a0<\/td>\n<td width=\"183\">\n<p>\u00a0JSG C4<\/p>\n<\/td>\n<td width=\"204\">\n<p>\u00a0JSG Union Mep.\/Emslage<\/p>\n<\/td>\n<td width=\"105\">\n<p>\u00a02:4<\/p>\n<\/td>\n<\/tr>\n<\/tbody>\n<\/table>\n<p>&nbsp;<\/p>\n<p>Bericht: \u00a0\u00a0\u00a0\u00a0\u00a0\u00a0\u00a0\u00a0 Heiner Feldmann<\/p>\n<p>&nbsp;<\/p>\n<p>&nbsp;<\/p>\n","protected":false},"excerpt":{"rendered":"<p>Durch die heftigen Niederschl\u00e4ge am vergangenen Wochenende konnten auch im Jugendfussball nur ein Teil der eigentlich geplanten Punktspiele stattfinden. So fiel z. B. das Bezirksliga-Spitzenspiel unserer A1 bei Sparta Werlte leider aus. Leider blieben in fast s\u00e4mtlichen trotz des Regenwetters stattgefundenen Spielen unsere JSG-Mannschaften sieglos. Lediglich unsere C3 konnte einen Ausw\u00e4rtssieg verbuchen. &nbsp; A-Jugend: \u00a0 Erst am sp\u00e4ten Samstag-Vormittag erreichte unseren A1-Trainer R\u00fcdiger Gr\u00fcner die Nachricht, dass die Sportpl\u00e4tze bei Sparta Werlte gesperrt wurden. Leider lie\u00dfen sich die H\u00fcmmlinger trotz flexibler Angebote z. B. hinsichtlich der Ansto\u00dfzeit nicht auf einen durchaus m\u00f6glichen Heimrechttausch ein. Somit d\u00fcrfte es hinsichtlich einer Neuansetzung des Spiels sicherlich Probleme geben. Aufgrund der gro\u00dfen Entfernung wird eine Austragung der Begegnung in der Wochemitte kaum m\u00f6glich sein. &nbsp; Weiter geht es f\u00fcr unsere A1 am kommenden Samstag, den 21.11. um 14.00 Uhr mit dem Ausw\u00e4rtsspiel bei der JSG Schwefingen\/Meppen\/Teglingen. Das Spiel wird in Schwefingen ausgetragen. &nbsp; Die Ergebnisse der A-Jugendmannschaften: &nbsp; \u00a0Bezirksliga: \u00a0Sparta Werlte \u00a0JSG A1 \u00a0Ausgefallen \u00a01. Kreisklasse: \u00a0JSG A2 \u00a0 \u00a0Spielfrei \u00a02. Kreisklasse: \u00a0JSG A3 \u00a0 \u00a0Winterpause &nbsp; &nbsp; B-Jugend: &nbsp; Eine sehr gute erste [&hellip;]<\/p>\n","protected":false},"author":3,"featured_media":0,"comment_status":"open","ping_status":"open","sticky":false,"template":"","format":"standard","meta":{"footnotes":""},"categories":[42],"tags":[],"class_list":["post-1432","post","type-post","status-publish","format-standard","hentry","category-jsg"],"_links":{"self":[{"href":"https:\/\/www.sv-listrup.de\/index.php?rest_route=\/wp\/v2\/posts\/1432","targetHints":{"allow":["GET"]}}],"collection":[{"href":"https:\/\/www.sv-listrup.de\/index.php?rest_route=\/wp\/v2\/posts"}],"about":[{"href":"https:\/\/www.sv-listrup.de\/index.php?rest_route=\/wp\/v2\/types\/post"}],"author":[{"embeddable":true,"href":"https:\/\/www.sv-listrup.de\/index.php?rest_route=\/wp\/v2\/users\/3"}],"replies":[{"embeddable":true,"href":"https:\/\/www.sv-listrup.de\/index.php?rest_route=%2Fwp%2Fv2%2Fcomments&post=1432"}],"version-history":[{"count":1,"href":"https:\/\/www.sv-listrup.de\/index.php?rest_route=\/wp\/v2\/posts\/1432\/revisions"}],"predecessor-version":[{"id":1433,"href":"https:\/\/www.sv-listrup.de\/index.php?rest_route=\/wp\/v2\/posts\/1432\/revisions\/1433"}],"wp:attachment":[{"href":"https:\/\/www.sv-listrup.de\/index.php?rest_route=%2Fwp%2Fv2%2Fmedia&parent=1432"}],"wp:term":[{"taxonomy":"category","embeddable":true,"href":"https:\/\/www.sv-listrup.de\/index.php?rest_route=%2Fwp%2Fv2%2Fcategories&post=1432"},{"taxonomy":"post_tag","embeddable":true,"href":"https:\/\/www.sv-listrup.de\/index.php?rest_route=%2Fwp%2Fv2%2Ftags&post=1432"}],"curies":[{"name":"wp","href":"https:\/\/api.w.org\/{rel}","templated":true}]}}