{"id":1460,"date":"2015-12-02T14:00:08","date_gmt":"2015-12-02T14:00:08","guid":{"rendered":"http:\/\/sv-listrup.de\/?p=1460"},"modified":"2015-12-04T16:01:58","modified_gmt":"2015-12-04T16:01:58","slug":"f1-kicker-danken-creativbuero-hermeler","status":"publish","type":"post","link":"https:\/\/www.sv-listrup.de\/?p=1460","title":{"rendered":"F1-Kicker danken Creativb\u00fcro Hermeler"},"content":{"rendered":"<div>Christian Hermeler, Inhaber des Creativb\u00fcro Hermeler in Rheine, hat der F1-Jugendmannschaft des SV Listrup einen Satz neue Fu\u00dfb\u00e4lle spendiert. Au\u00dferdem stattete er die Trainer und Betreuer mit einheitlichen SVL-Shirts aus. Die ganze Mannschaft dankt dem gro\u00dfz\u00fcgigen Sponsor sehr herzlich und freut sich nun doppelt auf die n\u00e4chsten Trainingseinheiten.<\/div>\n<div>\u00a0<\/div>\n<div>Das Foto zeigt die Mannschaft mit den Betreuern Uwe Greim, Jutta M\u00f6llmann und Alfons Duitz.<\/div>\n<div><a href=\"https:\/\/www.sv-listrup.de\/wp-content\/uploads\/2015\/12\/F1_Nov_2015.jpg\"><img loading=\"lazy\" decoding=\"async\" class=\"alignnone size-large wp-image-1461\" src=\"https:\/\/www.sv-listrup.de\/wp-content\/uploads\/2015\/12\/F1_Nov_2015-1024x768.jpg\" alt=\"F1_Nov_2015\" width=\"1024\" height=\"768\" srcset=\"https:\/\/www.sv-listrup.de\/wp-content\/uploads\/2015\/12\/F1_Nov_2015-1024x768.jpg 1024w, https:\/\/www.sv-listrup.de\/wp-content\/uploads\/2015\/12\/F1_Nov_2015-300x225.jpg 300w, https:\/\/www.sv-listrup.de\/wp-content\/uploads\/2015\/12\/F1_Nov_2015.jpg 1600w\" sizes=\"auto, (max-width: 1024px) 100vw, 1024px\" \/><\/a><\/div>\n","protected":false},"excerpt":{"rendered":"<p>Christian Hermeler, Inhaber des Creativb\u00fcro Hermeler in Rheine, hat der F1-Jugendmannschaft des SV Listrup einen Satz neue Fu\u00dfb\u00e4lle spendiert. Au\u00dferdem stattete er die Trainer und Betreuer mit einheitlichen SVL-Shirts aus. Die ganze Mannschaft dankt dem gro\u00dfz\u00fcgigen Sponsor sehr herzlich und freut sich nun doppelt auf die n\u00e4chsten Trainingseinheiten. \u00a0 Das Foto zeigt die Mannschaft mit den Betreuern Uwe Greim, Jutta M\u00f6llmann und Alfons Duitz.<\/p>\n","protected":false},"author":4,"featured_media":1461,"comment_status":"open","ping_status":"open","sticky":false,"template":"","format":"standard","meta":{"footnotes":""},"categories":[16],"tags":[],"class_list":["post-1460","post","type-post","status-publish","format-standard","has-post-thumbnail","hentry","category-jugendfussball-f1"],"_links":{"self":[{"href":"https:\/\/www.sv-listrup.de\/index.php?rest_route=\/wp\/v2\/posts\/1460","targetHints":{"allow":["GET"]}}],"collection":[{"href":"https:\/\/www.sv-listrup.de\/index.php?rest_route=\/wp\/v2\/posts"}],"about":[{"href":"https:\/\/www.sv-listrup.de\/index.php?rest_route=\/wp\/v2\/types\/post"}],"author":[{"embeddable":true,"href":"https:\/\/www.sv-listrup.de\/index.php?rest_route=\/wp\/v2\/users\/4"}],"replies":[{"embeddable":true,"href":"https:\/\/www.sv-listrup.de\/index.php?rest_route=%2Fwp%2Fv2%2Fcomments&post=1460"}],"version-history":[{"count":2,"href":"https:\/\/www.sv-listrup.de\/index.php?rest_route=\/wp\/v2\/posts\/1460\/revisions"}],"predecessor-version":[{"id":1465,"href":"https:\/\/www.sv-listrup.de\/index.php?rest_route=\/wp\/v2\/posts\/1460\/revisions\/1465"}],"wp:featuredmedia":[{"embeddable":true,"href":"https:\/\/www.sv-listrup.de\/index.php?rest_route=\/wp\/v2\/media\/1461"}],"wp:attachment":[{"href":"https:\/\/www.sv-listrup.de\/index.php?rest_route=%2Fwp%2Fv2%2Fmedia&parent=1460"}],"wp:term":[{"taxonomy":"category","embeddable":true,"href":"https:\/\/www.sv-listrup.de\/index.php?rest_route=%2Fwp%2Fv2%2Fcategories&post=1460"},{"taxonomy":"post_tag","embeddable":true,"href":"https:\/\/www.sv-listrup.de\/index.php?rest_route=%2Fwp%2Fv2%2Ftags&post=1460"}],"curies":[{"name":"wp","href":"https:\/\/api.w.org\/{rel}","templated":true}]}}