{"id":1670,"date":"2016-03-01T17:22:08","date_gmt":"2016-03-01T17:22:08","guid":{"rendered":"http:\/\/sv-listrup.de\/?p=1670"},"modified":"2016-03-01T17:25:05","modified_gmt":"2016-03-01T17:25:05","slug":"jsg-am-wochenende-a-jugend-gewinnt-spitzenspiel-und-wird-tabellenfuehrer","status":"publish","type":"post","link":"https:\/\/www.sv-listrup.de\/?p=1670","title":{"rendered":"JSG am Wochenende: A-Jugend gewinnt Spitzenspiel und wird Tabellenf\u00fchrer!"},"content":{"rendered":"<p>Ein insgesamt sehr erfolgreiches Wochenende erlebten die drei leistungsorientiert spielenden JSG-Mannschaften A1, B1 und C1! W\u00e4hrend A1 und B1 jeweils einen hervorragenden Start in die R\u00fcckrunde feiern konnte, wurde unsere C1 zum Abschluss der Hallensaison Vize-Hallenkreismeister. Die weiteren Mannschaften unserer JSG starten erst zu einem sp\u00e4teren Zeitpunkt in die R\u00fcckrunde.<\/p>\n<p>&nbsp;<\/p>\n<p><strong>A-Jugend:<\/strong><\/p>\n<p><strong>\u00a0<\/strong><\/p>\n<p>Unsere A1 von Trainer R\u00fcdiger Gr\u00fcner machte zu Beginn der R\u00fcckserie da weiter, wo sie in der Hinserie aufgeh\u00f6rt hatte: Sie sammelt flei\u00dfig Punkte! Gegner war am Samstag nachmittag dabei die stark einzusch\u00e4tzende Spitzenmannschaft von Sparta Werlte. Die lange Reise in den hinteren H\u00fcmmling sollte sich lohnen: Unser Team kehrte mit einem 2:1-Ausw\u00e4rtserfolg als Tabellenf\u00fchrer nach Emsb\u00fcren zur\u00fcck!<\/p>\n<p>&nbsp;<\/p>\n<p>Bei relativ schwierigen Platzverh\u00e4ltnissen ging unser Team in der 19. Spielminute zun\u00e4chst ungl\u00fccklich mit 0:1 in R\u00fcckstand. Der Werlter Simon Brinkmann konnte einen Abwehrschnitzer ausnutzen. Jedoch konnte dieser R\u00fcckstand bereits in der 23. Minute von Gerrit Roling nach toller Vorarbeit von Justin Jager zum 1:1-Pausenstand egalisiert werden.<\/p>\n<p>Ein spannendes Spiel mit offenem Schlagabtausch entwickelte sich dann in der zweiten Halbzeit. Trainer R\u00fcdiger Gr\u00fcner bewies hier mit seinen Einwechslungen ein gl\u00fcckliches H\u00e4ndchen: Nach einem Doppelwechsel in der 60. Minute waren nur kurze Zeit sp\u00e4ter beide eingewechselten Spieler am spielentscheidenen 2:1 beteiligt: Jannik Hinerasky setzte energisch am Fl\u00fcgel nach, zog Richtung Tor und bediente dann v\u00f6llig uneigenn\u00fctzig den besser postierten Mittelst\u00fcrmer Joschka Schnieders. Dieser brauchte mit seinem ersten Ballkontakt nur noch einzuschieben!<\/p>\n<p>&nbsp;<\/p>\n<p>In der 80. Minute erarbeitet sich Joschka eine weitere Chance, als er eine R\u00fcckgabe auf den Werlter Torwart ablaufen konnte. Doch leider war hier dann der Winkel zu spitz. Die Schlussoffensive der H\u00fcmmlinger \u00fcberstand unsere Elf schadlos. Ein insgesamt verdienter Erfolg f\u00fcr unsere A1, die somit nun als Tabellenf\u00fchrer der A-Jugend-Bezirksliga mit Selbstvertrauen in die n\u00e4chsten Partien gehen kann.<\/p>\n<p>&nbsp;<\/p>\n<p>Das n\u00e4chste Spitzenspiel steht dabei schon vor der T\u00fcr: <strong>Am kommenden Donnerstag, den 03.03.2016 um 19.30 Uhr steigt im Concordia-Park das Spiel \u201eErster gegen Zweiter\u201c JSG Emsb\u00fcren\/Leschede\/Listrup gegen die JSG Uelsen\/Wielen. <\/strong>Wir hoffen bei diesem Topspiel unter Flutlichtathmosph\u00e4re auf viele Zuschauer, die unsere U19 hier unterst\u00fctzen!<\/p>\n<p>&nbsp;<\/p>\n<p><strong>B-Jugend:<\/strong><\/p>\n<p>&nbsp;<\/p>\n<p>Einen ebenfalls hervorragenden Start in die R\u00fcckrunde erwischte auch unsere U17 von Trainer Markus Rakel. Die erste Aufgabe der R\u00fcckserie hatte es dabei in sich: Es ging gegen keinen Geringeren als den souver\u00e4nen Tabellenf\u00fchrer Vorw\u00e4rts Nordhorn, der bislang <strong>s\u00e4mtliche<\/strong> Meisterschaftsspiele in der B-Jugend-Bezirksliga gewonnen hatte.<\/p>\n<p>&nbsp;<\/p>\n<p>Wie zu erwarten war, bestimmt der Gast aus der Grafschafter Kreisstadt dabei weitgehend das Spiel. Unsere U17 stand relativ tief und verschob sich insbesondere zu Beginn der Begegnung sehr gut, so dass der Gast kaum zu Chancen kam. Nach zehn Spielminuten war es jedoch soweit und die Nordhorner gingen mit 0:1 in F\u00fchrung. Fast postwendend konnte &#8211; nach sch\u00f6ner Vorarbeit von Nico Geike \u2013 jedoch Luke Lohm\u00f6ller f\u00fcr den 1:1-Ausgleich sorgen.<\/p>\n<p>&nbsp;<\/p>\n<p>Auch in der zweiten Halbzeit war der Tabellenf\u00fchrer spielbestimmend. Unserer B1 gelang es jedoch nun immer wieder gef\u00e4hrliche Konter zu fahren. In den letzten Spielminuten war es dann sogar unsere Mannschaft, die mit den besseren Chancen fast noch einen 2:1-Heimsieg davongetragen h\u00e4tte. Es blieb jedoch bis zum Schluss beim 1:1, so dass es unserer JSG als erstem Team der B-Jugend-Bezirksliga gelang dem Tabellenf\u00fchrer die ersten Punkte abzunehmen.<\/p>\n<p>&nbsp;<\/p>\n<p>Unsere B1 befindet sich damit zwar weiterhin in der Abstiegszone, sollte jedoch mit diesem Erfolg f\u00fcr die weitere Saison Selbstbewusstsein sch\u00f6pfen.<\/p>\n<p>&nbsp;<\/p>\n<p>Am kommenden Donnerstag steht mit dem Heimspiel auf dem Lescheder Sportgel\u00e4nde gegen den SC Spelle\/Venhaus der n\u00e4chste Kn\u00fcller f\u00fcr unsere B1 an.<\/p>\n<p>Ansto\u00df ist um 18.30 Uhr. <strong>Also lautet das Motto f\u00fcr den n\u00e4chsten Donnerstag (03.03.): Erst um 18.30 Uhr in Leschede unsere B1 und dann um 19.30 Uhr in Emsb\u00fcren unsere A1 bei ihren wichtigen Spielen unterst\u00fctzen!<\/strong><\/p>\n<p><strong>\u00a0<\/strong><\/p>\n<p>&nbsp;<\/p>\n<p><strong>C-Jugend:<\/strong><\/p>\n<p>&nbsp;<\/p>\n<p>Nach dem Gewinn der Hallenkreismeisterschaft Emsland-S\u00fcd am vergangenen Wochenende ging es f\u00fcr unsere C1 am Samstag nach Dalum, wo das Endturnier es Kreises Emsland gegen die Titelgewinner aus Emsland-Mitte \u2013 FC Wesuwe \u2013 und Emsland-Nord \u2013 die JSG Lathen \u2013 anstand. Im ersten Spiel gegen Wesuwe erwischte unser Team einen Start nach Ma\u00df: Nach sch\u00f6ner Vorarbeit von Nils Fangmeyer konnte Nico Seltier die Futsal-Kugel zum 1:0 bereits in der ersten Spielminute einschieben. Es folgte ein schneller Doppelschlag des FC Wesuwe, so dass unser Team nach vier Minuten bereits mit 1:2 hinten lag. Besonders mit zwei herausragenden technisch versierten Fussballern des FC Wesuwe, welche das komplette Turnier durchspielten, hatte unser Team immer wieder Schwierigkeiten. Auf der anderen Seite konnte sich aber auch unsere Mannschaft immer wieder Torchancen erarbeiten. Eine davon nutzte &#8211; nach einem sch\u00f6nen Spielzug \u00fcber Charlotte Schulte und Ole Elfert &#8211; Kevin Schwarze zum verdienten 2:2-Ausgleich. Leider gelang jedoch danach unserer U15 kein weiteres Tor, welches im Nachhinein sehr wichtig gewesen w\u00e4re, so dass es bei dem Unentschieden blieb.<\/p>\n<p>&nbsp;<\/p>\n<p>Im zweiten Spiel trat unsere C1 gegen die JSG Lathen an, die es unserem eigentlich \u00fcberlegenen Team immer wieder schwer machte. Zwischendurch mussten unsere C1 auch eine Zwei-Minuten-Strafe \u00fcberstehen, konnte sich am Ende jedoch verdient durch ein Tor von Kevin Schwarze nach \u00fcberlegtem Abschluss mit 1:0 durchsetzen.<\/p>\n<p>&nbsp;<\/p>\n<p>Leider reichte dieses Resultat jedoch nicht f\u00fcr den Turniersieg. Diesen sicherte sich der FC Wesuwe mit einem 3:0-Erfolg im dritten Spiel des Turniers gegen eine nun deutlich schw\u00e4chere JSG Lathen, f\u00fcr die es letztendlich in diesem Spiel um nichts mehr ging. Dennoch ein verdienter Erfolg f\u00fcr den FC Wesuwe, der sich dank des besseren Torverh\u00e4ltnisses durchsetzte. Besonders das 2:0 und das 3:0 der Pokalgewinner gegen die JSG Lathen waren sehr sehenswert mit \u201eFutsal aus dem Lehrbuch\u201c. F\u00fcr unsere C1 blieb mit dem Gewinn der Vizemeisterschaft beim Hallenkreispokal dennoch ein sch\u00f6ner Erfolg!<\/p>\n<p>&nbsp;<\/p>\n<p>Am Sonntag (28.02.) trat die Mannschaft des Trainergespanns Wolly Jager und Heiner Feldmann nach einer ingesamt guten Vorbereitung im letzten Testspiel gegen die JSG Messingen\/L\u00fcnne\/Bramsche in Elbergen an. Hier gab es ein Spiel mit stark aufspielenden Sturmreihen in beiden Mannschaften zu sehen, so dass das Endergebnis 5:3 f\u00fcr unsere U15 lautete.<\/p>\n<p>&nbsp;<\/p>\n<p>Am n\u00e4chsten <strong>Sonntag (06.03.) steht nun im Emsb\u00fcrener Concordia-Park um 11.00 Uhr<\/strong> das erste R\u00fcckrundenspiel f\u00fcr unsere C1 gegen die JSG Altenlingen\/Holthausen-Biene an. Auch hier w\u00fcrde sich unsere Mannschaft auf die Unterst\u00fctzung durch m\u00f6glichst viele Zuschauer freuen.<\/p>\n<p>&nbsp;<\/p>\n<p>Abschlie\u00dfend noch einige Fotos von der Endrunde der C-Jugend-Hallenkreismeisterschaft in Dalum:<\/p>\n<p>\u00a0<a href=\"https:\/\/www.sv-listrup.de\/wp-content\/uploads\/2016\/03\/DSC_0317_1111.jpg\"><img loading=\"lazy\" decoding=\"async\" class=\"alignnone  wp-image-1671\" src=\"https:\/\/www.sv-listrup.de\/wp-content\/uploads\/2016\/03\/DSC_0317_1111-1024x678.jpg\" alt=\"DSC_0317_1111\" width=\"703\" height=\"466\" srcset=\"https:\/\/www.sv-listrup.de\/wp-content\/uploads\/2016\/03\/DSC_0317_1111-1024x678.jpg 1024w, https:\/\/www.sv-listrup.de\/wp-content\/uploads\/2016\/03\/DSC_0317_1111-300x199.jpg 300w\" sizes=\"auto, (max-width: 703px) 100vw, 703px\" \/><\/a> <a href=\"https:\/\/www.sv-listrup.de\/wp-content\/uploads\/2016\/03\/DSC_0329_1112.jpg\"><img loading=\"lazy\" decoding=\"async\" class=\"alignnone  wp-image-1672\" src=\"https:\/\/www.sv-listrup.de\/wp-content\/uploads\/2016\/03\/DSC_0329_1112-1024x678.jpg\" alt=\"DSC_0329_1112\" width=\"708\" height=\"469\" srcset=\"https:\/\/www.sv-listrup.de\/wp-content\/uploads\/2016\/03\/DSC_0329_1112-1024x678.jpg 1024w, https:\/\/www.sv-listrup.de\/wp-content\/uploads\/2016\/03\/DSC_0329_1112-300x199.jpg 300w\" sizes=\"auto, (max-width: 708px) 100vw, 708px\" \/><\/a> <a href=\"https:\/\/www.sv-listrup.de\/wp-content\/uploads\/2016\/03\/DSC_0337_1113.jpg\"><img loading=\"lazy\" decoding=\"async\" class=\"alignnone  wp-image-1673\" src=\"https:\/\/www.sv-listrup.de\/wp-content\/uploads\/2016\/03\/DSC_0337_1113-1024x678.jpg\" alt=\"DSC_0337_1113\" width=\"711\" height=\"471\" srcset=\"https:\/\/www.sv-listrup.de\/wp-content\/uploads\/2016\/03\/DSC_0337_1113-1024x678.jpg 1024w, https:\/\/www.sv-listrup.de\/wp-content\/uploads\/2016\/03\/DSC_0337_1113-300x199.jpg 300w\" sizes=\"auto, (max-width: 711px) 100vw, 711px\" \/><\/a> <a href=\"https:\/\/www.sv-listrup.de\/wp-content\/uploads\/2016\/03\/DSC_0351_1114.jpg\"><img loading=\"lazy\" decoding=\"async\" class=\"alignnone  wp-image-1674\" src=\"https:\/\/www.sv-listrup.de\/wp-content\/uploads\/2016\/03\/DSC_0351_1114-1024x678.jpg\" alt=\"DSC_0351_1114\" width=\"710\" height=\"470\" srcset=\"https:\/\/www.sv-listrup.de\/wp-content\/uploads\/2016\/03\/DSC_0351_1114-1024x678.jpg 1024w, https:\/\/www.sv-listrup.de\/wp-content\/uploads\/2016\/03\/DSC_0351_1114-300x199.jpg 300w\" sizes=\"auto, (max-width: 710px) 100vw, 710px\" \/><\/a> <a href=\"https:\/\/www.sv-listrup.de\/wp-content\/uploads\/2016\/03\/DSC_0358_1115.jpg\"><img loading=\"lazy\" decoding=\"async\" class=\"alignnone  wp-image-1675\" src=\"https:\/\/www.sv-listrup.de\/wp-content\/uploads\/2016\/03\/DSC_0358_1115-1024x678.jpg\" alt=\"DSC_0358_1115\" width=\"709\" height=\"470\" srcset=\"https:\/\/www.sv-listrup.de\/wp-content\/uploads\/2016\/03\/DSC_0358_1115-1024x678.jpg 1024w, https:\/\/www.sv-listrup.de\/wp-content\/uploads\/2016\/03\/DSC_0358_1115-300x199.jpg 300w\" sizes=\"auto, (max-width: 709px) 100vw, 709px\" \/><\/a><\/p>\n<p>&nbsp;<\/p>\n<p>Bericht: \u00a0\u00a0\u00a0\u00a0\u00a0\u00a0\u00a0\u00a0 Heiner Feldmann<\/p>\n<p>Fotos: \u00a0\u00a0\u00a0\u00a0\u00a0\u00a0\u00a0\u00a0\u00a0\u00a0\u00a0 Gerd Wulkotte<\/p>\n<p>&nbsp;<\/p>\n<p>&nbsp;<\/p>\n","protected":false},"excerpt":{"rendered":"<p>Ein insgesamt sehr erfolgreiches Wochenende erlebten die drei leistungsorientiert spielenden JSG-Mannschaften A1, B1 und C1! W\u00e4hrend A1 und B1 jeweils einen hervorragenden Start in die R\u00fcckrunde feiern konnte, wurde unsere C1 zum Abschluss der Hallensaison Vize-Hallenkreismeister. Die weiteren Mannschaften unserer JSG starten erst zu einem sp\u00e4teren Zeitpunkt in die R\u00fcckrunde. &nbsp; A-Jugend: \u00a0 Unsere A1 von Trainer R\u00fcdiger Gr\u00fcner machte zu Beginn der R\u00fcckserie da weiter, wo sie in der Hinserie aufgeh\u00f6rt hatte: Sie sammelt flei\u00dfig Punkte! Gegner war am Samstag nachmittag dabei die stark einzusch\u00e4tzende Spitzenmannschaft von Sparta Werlte. Die lange Reise in den hinteren H\u00fcmmling sollte sich lohnen: Unser Team kehrte mit einem 2:1-Ausw\u00e4rtserfolg als Tabellenf\u00fchrer nach Emsb\u00fcren zur\u00fcck! &nbsp; Bei relativ schwierigen Platzverh\u00e4ltnissen ging unser Team in der 19. Spielminute zun\u00e4chst ungl\u00fccklich mit 0:1 in R\u00fcckstand. Der Werlter Simon Brinkmann konnte einen Abwehrschnitzer ausnutzen. Jedoch konnte dieser R\u00fcckstand bereits in der 23. Minute von Gerrit Roling nach toller Vorarbeit von Justin Jager zum 1:1-Pausenstand egalisiert werden. Ein spannendes Spiel mit offenem Schlagabtausch entwickelte sich dann in der zweiten Halbzeit. Trainer R\u00fcdiger Gr\u00fcner bewies hier mit seinen Einwechslungen [&hellip;]<\/p>\n","protected":false},"author":3,"featured_media":0,"comment_status":"open","ping_status":"open","sticky":false,"template":"","format":"standard","meta":{"footnotes":""},"categories":[42],"tags":[],"class_list":["post-1670","post","type-post","status-publish","format-standard","hentry","category-jsg"],"_links":{"self":[{"href":"https:\/\/www.sv-listrup.de\/index.php?rest_route=\/wp\/v2\/posts\/1670","targetHints":{"allow":["GET"]}}],"collection":[{"href":"https:\/\/www.sv-listrup.de\/index.php?rest_route=\/wp\/v2\/posts"}],"about":[{"href":"https:\/\/www.sv-listrup.de\/index.php?rest_route=\/wp\/v2\/types\/post"}],"author":[{"embeddable":true,"href":"https:\/\/www.sv-listrup.de\/index.php?rest_route=\/wp\/v2\/users\/3"}],"replies":[{"embeddable":true,"href":"https:\/\/www.sv-listrup.de\/index.php?rest_route=%2Fwp%2Fv2%2Fcomments&post=1670"}],"version-history":[{"count":3,"href":"https:\/\/www.sv-listrup.de\/index.php?rest_route=\/wp\/v2\/posts\/1670\/revisions"}],"predecessor-version":[{"id":1678,"href":"https:\/\/www.sv-listrup.de\/index.php?rest_route=\/wp\/v2\/posts\/1670\/revisions\/1678"}],"wp:attachment":[{"href":"https:\/\/www.sv-listrup.de\/index.php?rest_route=%2Fwp%2Fv2%2Fmedia&parent=1670"}],"wp:term":[{"taxonomy":"category","embeddable":true,"href":"https:\/\/www.sv-listrup.de\/index.php?rest_route=%2Fwp%2Fv2%2Fcategories&post=1670"},{"taxonomy":"post_tag","embeddable":true,"href":"https:\/\/www.sv-listrup.de\/index.php?rest_route=%2Fwp%2Fv2%2Ftags&post=1670"}],"curies":[{"name":"wp","href":"https:\/\/api.w.org\/{rel}","templated":true}]}}