{"id":1711,"date":"2016-03-22T19:29:48","date_gmt":"2016-03-22T19:29:48","guid":{"rendered":"http:\/\/sv-listrup.de\/?p=1711"},"modified":"2016-03-22T19:29:48","modified_gmt":"2016-03-22T19:29:48","slug":"jsg-am-wochenende-a1-verliert-ungluecklich-das-spitzenspiel","status":"publish","type":"post","link":"https:\/\/www.sv-listrup.de\/?p=1711","title":{"rendered":"JSG am Wochenende: A1 verliert ungl\u00fccklich das Spitzenspiel"},"content":{"rendered":"<p>Gleich drei Mal war in dieser Woche die A1 unserer JSG Emsb\u00fcren\/Leschede\/Listrup im Einsatz. Dabei verlor unsere aufopferungsvoll k\u00e4mpfende Mannschaft leider am Donnerstag das Spitzenspiel gegen Papenburg, konnte am Samstag dann gegen Spelle\/Venhaus 2 jedoch einen positiven Abschluss der Fussballwoche feiern. W\u00e4hrend unsere B1 endg\u00fcltig im Abstiegskampf der Bezirksliga angekommen ist, konnte unsere C1 zwei deutliche Erfolge feiern.<\/p>\n<p>&nbsp;<\/p>\n<p><strong>A-Jugend:<\/strong><\/p>\n<p><strong>\u00a0<\/strong><\/p>\n<p>Bereits am Montag musste unsere A1 zuhause gegen die JSG Emlichheim\/Neuenhaus antreten. Hier war unser Team fast das gesamte Spiel feld\u00fcberlegen, konnte jedoch mit den zahlreichen herausgespielten Torchancen nicht viel anfangen. So gingen die G\u00e4ste bis zur 66. Spielminute mit 0:2 in F\u00fchrung, welche lediglich Jonas Sch\u00fcring in der 83. Minute zum 1:2 verk\u00fcrzen konnte. Leider fielen die durchaus m\u00f6glichen Treffer zum 2:2 und zum 3:2 nicht mehr, so dass am Ende eine 1:2-Heimniederlage f\u00fcr unsere U19 das Endergebnis war.<\/p>\n<p>&nbsp;<\/p>\n<p>Am Donnerstag im Spitzenspiel gegen Blau-Wei\u00df Papenburg zeigte die Mannschaft von R\u00fcdiger Gr\u00fcner eine durchaus ansprechende Leistung. Nach ausgeglichenem Beginn erspielten sich die Kanalst\u00e4dter ein leichtes \u00dcbergewicht im Mittelfeld. Aus einem Gew\u00fchl im F\u00fcnf-Meter-Raum heraus entstand nach einem Eckball der Papenburger F\u00fchrungstreffer, als Luca-Malte Sellere die Kugel aus k\u00fcrzester Entfernung \u00fcber die Linie schieben konnte.<\/p>\n<p>&nbsp;<\/p>\n<p>(Foto 70)<\/p>\n<p>&nbsp;<\/p>\n<p><em>Aus diesem Gewusel heraus entstand das 0:1 f\u00fcr Papenburg.<\/em><\/p>\n<p>&nbsp;<\/p>\n<p>In der zweiten Halbzeit spielte dann nur noch die JSG. Angriff auf Angriff rollte auf das Papenburger Tor zu, doch auch an diesem Tag wurden die Chancen nicht richtig genutzt. Ein vermeintlicher Treffer von Joschka Schnieders, bei dem nicht klar war, ob der Ball hinter der Torlinie war, fand beim Schiedsrichter leider keine Anerkennung. Die Angriffe der Papenburger wurden durch die Abwehrkette um den stark spielenden Max Meyering in der Regel fr\u00fchzeitig abgefangen, nur fanden unsere Offensiv-Spieler am diesen Tag nicht die L\u00fccke in der G\u00e4steabwehr, so dass am Ende ein schmeichelhafter 0:1-Ausw\u00e4rtserfolg f\u00fcr den neuen Tabellenf\u00fchrer aus Papenburg stand.<\/p>\n<p>&nbsp;<\/p>\n<p>Hier weitere Bilder vom Spiel:<\/p>\n<p>&nbsp;<\/p>\n<p>(Fotos 69 und 81)<\/p>\n<p>&nbsp;<\/p>\n<p>Am Samstag (19.03.) gab es mit einem 3:0-Ausw\u00e4rtserfolg beim SC Spelle\/Venhaus 2 dennoch noch einen positiven Abschluss der ereignisreichen Fussballwoche f\u00fcr unsere U19. Nachdem der Gegner auf dem Speller Kunstrasen es unserem Team in der ersten Halbzeit noch sehr schwer machte, konnte mit einer deutlichen Leistungssteigerung sowohl in k\u00e4mpferischer, als auch in spielerischer Hinsicht doch noch ein wichtiger Sieg gefeiert werden. Die Tore erzielten s\u00e4mtlich in der zweiten Halbzeit Justin Jager, Jannik Hinerasky und Bastian Heyen. Somit wurde der zweite Tabellenplatz in der A-Jugend-Bezirksliga gefestigt.<\/p>\n<p>&nbsp;<\/p>\n<p>Ostern hat das Team von Trainer R\u00fcdiger Gr\u00fcner nun spielfrei, bevor sich am Samstag, dem 02.04.2016 um 14.00 Uhr der VfL Herzlake im Concordia-Park vorstellt.<\/p>\n<p>&nbsp;<\/p>\n<p>Die Ergebnisse der A-Jugendmannschaften:<\/p>\n<p>&nbsp;<\/p>\n<table>\n<tbody>\n<tr>\n<td width=\"125\">\n<p>Bezirksliga:<\/p>\n<\/td>\n<td width=\"192\">\n<p>\u00a0JSG A1<\/p>\n<\/td>\n<td width=\"192\">\n<p>\u00a0JSG Emlichheim\/Uelsen<\/p>\n<\/td>\n<td width=\"105\">\n<p>\u00a01:2<\/p>\n<\/td>\n<\/tr>\n<tr>\n<td width=\"125\">\u00a0<\/td>\n<td width=\"192\">\n<p>\u00a0JSG A1<\/p>\n<\/td>\n<td width=\"192\">\n<p>\u00a0BW Papenburg<\/p>\n<\/td>\n<td width=\"105\">\n<p>\u00a00:1<\/p>\n<\/td>\n<\/tr>\n<tr>\n<td width=\"125\">\u00a0<\/td>\n<td width=\"192\">\n<p>\u00a0SC Spelle\/Venhaus 2<\/p>\n<\/td>\n<td width=\"192\">\n<p>\u00a0JSG A1<\/p>\n<\/td>\n<td width=\"105\">\n<p>\u00a00:3<\/p>\n<\/td>\n<\/tr>\n<tr>\n<td width=\"125\">\n<p>\u00a01. Kreisklasse:<\/p>\n<\/td>\n<td width=\"192\">\n<p>JSG A2<\/p>\n<\/td>\n<td width=\"192\">\n<p>\u00a0SC Baccum<\/p>\n<\/td>\n<td width=\"105\">\n<p>\u00a01:5<\/p>\n<\/td>\n<\/tr>\n<tr>\n<td width=\"125\">\n<p>2. Kreisklasse:<\/p>\n<\/td>\n<td width=\"192\">\n<p>\u00a0JSG A3<\/p>\n<\/td>\n<td width=\"192\">\u00a0<\/td>\n<td width=\"105\">\n<p>\u00a0Spielfrei<\/p>\n<\/td>\n<\/tr>\n<\/tbody>\n<\/table>\n<p>&nbsp;<\/p>\n<p>&nbsp;<\/p>\n<p><strong>B-Jugend:<\/strong><\/p>\n<p>&nbsp;<\/p>\n<p>Nach einem guten Start in die R\u00fcckrunde, bei dem unsere B1 gegen die Spitzenmannschaften von Vorw\u00e4rts Nordhorn und SC Spelle\/Venhaus gut ausgesehen hatte, verschlief am vergangenen Montag (14.03.) unsere U17 leider die erste Halbzeit gegen die JSG Altenlingen\/Holthausen und lag nach 24 Minuten bereits mit 0:3 zur\u00fcck.<\/p>\n<p>&nbsp;<\/p>\n<p>Nach dem Pausentee konnte das Team von Trainer Markus Rakel durch Nico Geike zwar noch auf 1:3 und durch Oliver Teipen auf 2:4 verk\u00fcrzen, am Ende stand jedoch leider eine 2:5-Niederlage.<\/p>\n<p>&nbsp;<\/p>\n<p>Durch Erfolge der Konkurrenz ist unsere B1 somit zun\u00e4chst auf den letzten Tabellenplatz zur\u00fcckgefallen, hat aber bis zu drei Spiele weniger ausgetragen wie die weiteren Mannschaften im Tabellenkeller. Somit hat unser Team weiterhin alle M\u00f6glichkeiten weiter nach vorne zu r\u00fccken.<\/p>\n<p>&nbsp;<\/p>\n<p>Am Karsamstag (26.03.) spielt unsere U17 zuhause auf dem Lescheder Sportgel\u00e4nde um 16.00 Uhr gegen die JSG Esterwegen\/Surwold\/Bockhorst. Alle Fussballfans in der Gemeinde Emsb\u00fcren sind herzlich eingeladen unsere B1 hier zu unterst\u00fctzen.<\/p>\n<p>&nbsp;<\/p>\n<p>Die B-Jugend-Ergebnisse der vergangenen Woche:<\/p>\n<p>&nbsp;<\/p>\n<table>\n<tbody>\n<tr>\n<td width=\"125\">\n<p>\u00a0Bezirksliga:<\/p>\n<\/td>\n<td width=\"164\">\n<p>\u00a0JSG B1<\/p>\n<\/td>\n<td width=\"220\">\n<p>\u00a0JSG Altenlingen\/Holthausen<\/p>\n<\/td>\n<td width=\"105\">\n<p>\u00a02:5<\/p>\n<\/td>\n<\/tr>\n<tr>\n<td width=\"125\">\n<p>\u00a01. Kreisklasse<\/p>\n<\/td>\n<td width=\"164\">\n<p>\u00a0Voran Br\u00f6gbern<\/p>\n<\/td>\n<td width=\"220\">\n<p>\u00a0JSG B2<\/p>\n<\/td>\n<td width=\"105\">\n<p>\u00a03:0<\/p>\n<\/td>\n<\/tr>\n<tr>\n<td width=\"125\">\n<p>\u00a02. Kreisklasse:<\/p>\n<\/td>\n<td width=\"164\">\n<p>\u00a0JSG B3<\/p>\n<\/td>\n<td width=\"220\">\u00a0<\/td>\n<td width=\"105\">\n<p>\u00a0Spielfrei<\/p>\n<\/td>\n<\/tr>\n<\/tbody>\n<\/table>\n<p>&nbsp;<\/p>\n<p>&nbsp;<\/p>\n<p><strong>C-Jugend:<\/strong><\/p>\n<p>&nbsp;<\/p>\n<p>Nach mehreren unn\u00f6tigen Niederlagen konnte unsere U15 in dieser Woche gleich zwei Erfolge feiern:<\/p>\n<p>&nbsp;<\/p>\n<p>Im Kreispokal-Viertelfinale bezwang unsere C1 am Dienstag zun\u00e4chst die k\u00f6rperlich robuste Mannschaft der JSG Lengerich\/Wettrup in Lengerich mit 5:2. Die Tore bei diesem ingesamt verdienten Erfolg erzielten 3x Kevin Schwarze, Jannik Schweegmann sowie Paul Elfert.<\/p>\n<p>&nbsp;<\/p>\n<p>Am Sonntag konnte der spielerische Aufw\u00e4rtstrend mit einem 11:0-Ausw\u00e4rtssieg beim \u00fcberforderten SC Baccum fortgesetzt werden. Nachdem in der ersten Halbzeit zun\u00e4chst noch mehrere Torgelegenheiten ausgelassen wurden und es \u201enur\u201c 2:0 f\u00fcr unser Team stand, legte die Mannschaft der Trainer Wolly Jager und und Heiner Feldmann in der zweiten Halbzeit noch einen Zahn zu. So fielen noch insgesamt neun weitere teilweise sehr sch\u00f6ne Tore. Torsch\u00fctzen waren 2x Kevin Schwarze, 2x Nico Seltier, 2x Philipp Martins, Nils Fangmeyer, Sven Wulkotte, Ole Elfert, Paul Elfert sowie Jonas Wilbers per Elfmeter.<\/p>\n<p>&nbsp;<\/p>\n<p>Unsere C1 konnte nach diesem Erfolg wieder auf Platz 4 in der Kreisliga-Tabelle vorr\u00fccken.<\/p>\n<p>&nbsp;<\/p>\n<p>Weiter geht es f\u00fcr unser Team nach dem spielfreien Osterwochenende zun\u00e4chst am Samstag, den 02.04.2016 um 13:00 Uhr mit einem Testspiel beim SV Wettringen. Am Dienstag, 05.04.2016 folgt dann um 18.30 Uhr das n\u00e4chste Meisterschaftsspiel zuhause gegen die JSG Altenlingen\/Holthausen im Concordia-Park.<\/p>\n<p>&nbsp;<\/p>\n<p>Die C-Jugend-Ergebnisse der vergangenen Woche:<\/p>\n<p>&nbsp;<\/p>\n<table>\n<tbody>\n<tr>\n<td width=\"122\">\n<p>Kreispokal<\/p>\n<\/td>\n<td width=\"183\">\n<p>\u00a0JSG Lengerich\/Wettrup<\/p>\n<\/td>\n<td width=\"204\">\n<p>\u00a0JSG C1<\/p>\n<\/td>\n<td width=\"105\">\n<p>\u00a02:5<\/p>\n<\/td>\n<\/tr>\n<tr>\n<td width=\"122\">\u00a0<\/td>\n<td width=\"183\">\n<p>\u00a0JSG C3<\/p>\n<\/td>\n<td width=\"204\">\n<p>\u00a0JSG Altenlingen\/Holth. 2<\/p>\n<\/td>\n<td width=\"105\">\n<p>\u00a01:6<\/p>\n<\/td>\n<\/tr>\n<tr>\n<td width=\"122\">\n<p>\u00a0Kreisliga<\/p>\n<\/td>\n<td width=\"183\">\n<p>\u00a0SC Baccum<\/p>\n<\/td>\n<td width=\"204\">\n<p>\u00a0JSG C1<\/p>\n<\/td>\n<td width=\"105\">\n<p>\u00a00:11<\/p>\n<\/td>\n<\/tr>\n<tr>\n<td width=\"122\">\n<p>\u00a01. Kreisklasse:<\/p>\n<\/td>\n<td width=\"183\">\n<p>\u00a0JSG C2<\/p>\n<\/td>\n<td width=\"204\">\n<p>\u00a0SV Meppen C-M\u00e4d.<\/p>\n<\/td>\n<td width=\"105\">\n<p>\u00a00:4<\/p>\n<\/td>\n<\/tr>\n<tr>\n<td width=\"122\">\u00a0<\/td>\n<td width=\"183\">\n<p>\u00a0JSG C2<\/p>\n<\/td>\n<td width=\"204\">\n<p>\u00a0JSG Altenlingen\/Holth. 2<\/p>\n<\/td>\n<td width=\"105\">\n<p>\u00a00:5<\/p>\n<\/td>\n<\/tr>\n<tr>\n<td width=\"122\">\n<p>\u00a02. Kreisklasse:<\/p>\n<\/td>\n<td width=\"183\">\n<p>\u00a0JSG C3<\/p>\n<\/td>\n<td width=\"204\">\u00a0<\/td>\n<td width=\"105\">\n<p>\u00a0Spielfrei<\/p>\n<\/td>\n<\/tr>\n<tr>\n<td width=\"122\">\u00a0<\/td>\n<td width=\"183\">\n<p>\u00a0JSG C4<\/p>\n<\/td>\n<td width=\"204\">\u00a0<\/td>\n<td width=\"105\">\n<p>\u00a0Spielfrei<\/p>\n<\/td>\n<\/tr>\n<\/tbody>\n<\/table>\n<p>&nbsp;<\/p>\n<p>Bericht und Fotos: Heiner Feldmann<\/p>\n<p>&nbsp;<\/p>\n<p>&nbsp;<\/p>\n","protected":false},"excerpt":{"rendered":"<p>Gleich drei Mal war in dieser Woche die A1 unserer JSG Emsb\u00fcren\/Leschede\/Listrup im Einsatz. Dabei verlor unsere aufopferungsvoll k\u00e4mpfende Mannschaft leider am Donnerstag das Spitzenspiel gegen Papenburg, konnte am Samstag dann gegen Spelle\/Venhaus 2 jedoch einen positiven Abschluss der Fussballwoche feiern. W\u00e4hrend unsere B1 endg\u00fcltig im Abstiegskampf der Bezirksliga angekommen ist, konnte unsere C1 zwei deutliche Erfolge feiern. &nbsp; A-Jugend: \u00a0 Bereits am Montag musste unsere A1 zuhause gegen die JSG Emlichheim\/Neuenhaus antreten. Hier war unser Team fast das gesamte Spiel feld\u00fcberlegen, konnte jedoch mit den zahlreichen herausgespielten Torchancen nicht viel anfangen. So gingen die G\u00e4ste bis zur 66. Spielminute mit 0:2 in F\u00fchrung, welche lediglich Jonas Sch\u00fcring in der 83. Minute zum 1:2 verk\u00fcrzen konnte. Leider fielen die durchaus m\u00f6glichen Treffer zum 2:2 und zum 3:2 nicht mehr, so dass am Ende eine 1:2-Heimniederlage f\u00fcr unsere U19 das Endergebnis war. &nbsp; Am Donnerstag im Spitzenspiel gegen Blau-Wei\u00df Papenburg zeigte die Mannschaft von R\u00fcdiger Gr\u00fcner eine durchaus ansprechende Leistung. Nach ausgeglichenem Beginn erspielten sich die Kanalst\u00e4dter ein leichtes \u00dcbergewicht im Mittelfeld. Aus einem Gew\u00fchl im F\u00fcnf-Meter-Raum heraus entstand nach einem [&hellip;]<\/p>\n","protected":false},"author":3,"featured_media":0,"comment_status":"open","ping_status":"open","sticky":false,"template":"","format":"standard","meta":{"footnotes":""},"categories":[1],"tags":[],"class_list":["post-1711","post","type-post","status-publish","format-standard","hentry","category-allgemein"],"_links":{"self":[{"href":"https:\/\/www.sv-listrup.de\/index.php?rest_route=\/wp\/v2\/posts\/1711","targetHints":{"allow":["GET"]}}],"collection":[{"href":"https:\/\/www.sv-listrup.de\/index.php?rest_route=\/wp\/v2\/posts"}],"about":[{"href":"https:\/\/www.sv-listrup.de\/index.php?rest_route=\/wp\/v2\/types\/post"}],"author":[{"embeddable":true,"href":"https:\/\/www.sv-listrup.de\/index.php?rest_route=\/wp\/v2\/users\/3"}],"replies":[{"embeddable":true,"href":"https:\/\/www.sv-listrup.de\/index.php?rest_route=%2Fwp%2Fv2%2Fcomments&post=1711"}],"version-history":[{"count":1,"href":"https:\/\/www.sv-listrup.de\/index.php?rest_route=\/wp\/v2\/posts\/1711\/revisions"}],"predecessor-version":[{"id":1712,"href":"https:\/\/www.sv-listrup.de\/index.php?rest_route=\/wp\/v2\/posts\/1711\/revisions\/1712"}],"wp:attachment":[{"href":"https:\/\/www.sv-listrup.de\/index.php?rest_route=%2Fwp%2Fv2%2Fmedia&parent=1711"}],"wp:term":[{"taxonomy":"category","embeddable":true,"href":"https:\/\/www.sv-listrup.de\/index.php?rest_route=%2Fwp%2Fv2%2Fcategories&post=1711"},{"taxonomy":"post_tag","embeddable":true,"href":"https:\/\/www.sv-listrup.de\/index.php?rest_route=%2Fwp%2Fv2%2Ftags&post=1711"}],"curies":[{"name":"wp","href":"https:\/\/api.w.org\/{rel}","templated":true}]}}