{"id":1802,"date":"2016-04-25T14:22:24","date_gmt":"2016-04-25T14:22:24","guid":{"rendered":"http:\/\/sv-listrup.de\/?p=1802"},"modified":"2016-04-25T14:22:24","modified_gmt":"2016-04-25T14:22:24","slug":"jsg-am-wochenende-erfolgreiche-woche-fuer-die-jsg-emsbuerenleschedelistrup","status":"publish","type":"post","link":"https:\/\/www.sv-listrup.de\/?p=1802","title":{"rendered":"JSG am Wochenende: Erfolgreiche Woche f\u00fcr die JSG Emsb\u00fcren\/Leschede\/Listrup!"},"content":{"rendered":"<p><strong>Es lief in dieser Woche insgesamt gesehen gut bis sehr gut f\u00fcr unsere drei leistungsorientiert spielenden Mannschaften der JSG Emsb\u00fcren\/Leschede\/Listrup: W\u00e4hrend die A1 nach einem 3:1-Ausw\u00e4rtssieg ihre Erfolgsserie fortsetzen konnte, sch\u00f6pft unsere B1 nach einem 2:2-Unentschieden beim Tabellenzweiten neue Hoffnung im Abstiegskampf. Unsere C1 konnte die Generalprobe f\u00fcr das Kreispokalfinale am Dienstag mit 4:1 gewinnen.<\/strong><\/p>\n<p><strong>\u00a0<\/strong><\/p>\n<p><strong>A-Jugend:<\/strong><\/p>\n<p>Weite Reisen ins n\u00f6rdliche Emsland standen in dieser Woche f\u00fcr unsere U19 und U17 an. Die A1 von Trainer R\u00fcdiger Gr\u00fcner verschlug es am Dienstagabend nach Niederlangen, wo das Team bei der JSG Langen\/Neulangen\/Lathen zu Gast war. Die Gastgeber erwiesen sich als der erwartet kampfstarke und unangenehme Gegner, der noch mit dem klassischen Libero als Ausputzer hinter der Abwehr agierte.<\/p>\n<p>So bedurfte es schon einer der besten Saisonleistungen unserer A1, um an diesem Abend die drei Punkte mit nach Hause nehmen zu k\u00f6nnen. Der immer besser werdende Bastian Heyen war auch an diesem Tag erfolgreich und brachte unser Team bereits nach sechs Minuten mit 1:0 in F\u00fchrung, was auch schon der Halbzeitstand war.<\/p>\n<p>R\u00fcdiger Gr\u00fcner hatte seine Mannschaften auf ein paar Positionen ver\u00e4ndert. So spielte z. B. Keno Dankelmann von Beginn an und legte den Langener Kapit\u00e4n Oliver Holthaus \u201ean die Kette\u201c. Ebenso kam auch der stark spielende Joschka Schnieders zu einem Einsatz von Beginn an.<\/p>\n<p>Nach dem 1:1 f\u00fcr die Gastgeber in der 55. Minute konnte nur wenige Zeit sp\u00e4ter der kurz zuvor eingewechselte Jonas Sch\u00fcring die erneute F\u00fchrung erzielen. Angetrieben wurde unsere U19 immer wieder vom sich in einer tollen Form befindlichen Christoph Schwis. Dieser konnte mit dem 1:3 in der 85. Minute f\u00fcr die endg\u00fcltige Entscheidung sorgen.<\/p>\n<p><strong>Unsere U19 ist somit f\u00fcr das nun bevorstehende Saisonhighlight am kommenden Donnerstag, dem 28.04.2016 um 19.15 Uhr im Concordia-Park gut ger\u00fcstet: Hier kommt es zum Spitzenspiel im Klassiker JSG Emsb\u00fcren\/Leschede\/Listrup \u2013 JSG Lohne\/Wietmarschen. Mit einem Sieg k\u00f6nnte unsere A1 die G\u00e4ste von Tabellenplatz 2 verdr\u00e4ngen. Wir hoffen auf viele Zuschauer zu diesem Top-Spiel!<\/strong><\/p>\n<p>\u00a0Die Ergebnisse der A-Jugendmannschaften:<\/p>\n<table width=\"580\">\n<tbody>\n<tr>\n<td width=\"119\">\n<p>\u00a0Bezirksliga:<\/p>\n<\/td>\n<td width=\"202\">\n<p>\u00a0JSG Langen\/Neul.\/Lathen<\/p>\n<\/td>\n<td width=\"158\">\n<p>\u00a0JSG A1<\/p>\n<\/td>\n<td width=\"92\">\n<p>\u00a01:3<\/p>\n<\/td>\n<\/tr>\n<tr>\n<td width=\"119\">\n<p>\u00a01. Kreisklasse:<\/p>\n<\/td>\n<td width=\"202\">\n<p>\u00a0JSG A2<\/p>\n<\/td>\n<td width=\"158\">\n<p>\u00a0JSG Geeste\/Osterbr.<\/p>\n<\/td>\n<td width=\"92\">\n<p>\u00a03:3<\/p>\n<\/td>\n<\/tr>\n<tr>\n<td width=\"119\">\u00a0<\/td>\n<td width=\"202\">\n<p>\u00a0JSG A2<\/p>\n<\/td>\n<td width=\"158\">\n<p>\u00a0JFV Hasel\u00fcnne 2<\/p>\n<\/td>\n<td width=\"92\">\n<p>\u00a0Gast nicht<\/p>\n<p>\u00a0angetreten<\/p>\n<\/td>\n<\/tr>\n<tr>\n<td width=\"119\">\n<p>\u00a02. Kreisklasse:<\/p>\n<\/td>\n<td width=\"202\">\n<p>\u00a0JSG Twist 2<\/p>\n<\/td>\n<td width=\"158\">\n<p>\u00a0JSG A3<\/p>\n<\/td>\n<td width=\"92\">\n<p>\u00a03:1<\/p>\n<\/td>\n<\/tr>\n<\/tbody>\n<\/table>\n<p><strong>\u00a0<\/strong><\/p>\n<p><strong>B-Jugend:<\/strong><\/p>\n<p>Wie in den Wochen zuvor zeigte sich am Mittwochabend auch bei Sparta Werlte f\u00fcr unsere B1 das gleiche Bild: Die Mannschaft von Trainer Markus Rakel konnte auch gegen diesen Gegner wieder gut mithalten und war gleichwertig. Die 1:0-F\u00fchrung f\u00fcr die H\u00fcmmlinger in der 17. Minute konnte Oliver Teipen nur kurze Zeit sp\u00e4ter zum 1:1-Halbzeitstand ausgleichen.<\/p>\n<p>Aber auch in diesem Spiel sollte es nicht sein: Den Gastgebern gelang nach einer Standardsituation in der 64. Minute leider doch noch der 2:1-Siegtreffer. Auch an diesem Tag h\u00e4tte sich unsere U17 zumindest einen Punkt redlich verdient gehabt!<\/p>\n<p>Wesentlich positiver lief am Samstag dann hingegen das Ausw\u00e4rtsspiel bei der JSG Esterwegen\/Surwold\/Bockhorst. Wie bereits beim Tabellenersten Vorw\u00e4rts Nordhorn konnte von unserer B1 auch bei dem Tabellenzweiten ein Unentschieden erreicht werden! Wie dieses zustande kam, spricht f\u00fcr die tolle Moral in unserer B1: Die erste Halbzeit verlief wieder \u201ewie \u00fcblich\u201c: Unser Team spielte gut mit, musste jedoch gleich zwei Gegentreffer hinnehmen, so dass es zum Pausentee mit 0:2 hinten lag. Anstatt jedoch \u201eden Sand in den Kopf zu stecken\u201c kam unsere U17 mit neuem Schwung aus der Kabine und schaffte in der zweiten Halbzeit das kaum noch f\u00fcr m\u00f6glich Gehaltene: Nach dem Anschlusstreffer durch Yannek Midden konnte Nico Geike sogar noch den absolut verdienten 2:2-Ausgleich erzielen!<\/p>\n<p>Dieser Erfolg sollte unserem Team zus\u00e4tzlichen Auftrieb im Abstiegskampf geben. Weiterhin hat unsere U17 zwei bis drei Spiele weniger als die Konkurrenz ausgetragen und es ist noch \u00fcber 1\/3 der Saison zu absolvieren!<\/p>\n<p>Weiter geht es f\u00fcr unsere B1 am kommenden Freitag (29.04.2016) mit dem Ausw\u00e4rtsspiel beim VfL Herzlake. Ansto\u00df im Hasetalstadion ist um 19.00 Uhr.<\/p>\n<p>Einen sch\u00f6nen Erfolg landete unsere B2 mit einem 3:2-Heimsieg gegen die erste Mannschaft der JSG Lengerich\/Wettrup.<\/p>\n<p>Die B-Jugend-Ergebnisse der vergangenen Woche:<\/p>\n<table width=\"533\">\n<tbody>\n<tr>\n<td width=\"124\">\n<p>\u00a0Bezirksliga:<\/p>\n<\/td>\n<td width=\"177\">\n<p>\u00a0Sparta Werlte<\/p>\n<\/td>\n<td width=\"177\">\n<p>\u00a0JSG B1<\/p>\n<\/td>\n<td width=\"45\">\n<p>\u00a02:1<\/p>\n<\/td>\n<\/tr>\n<tr>\n<td width=\"124\">\u00a0<\/td>\n<td width=\"177\">\n<p>\u00a0JSG Esterwegen<\/p>\n<\/td>\n<td width=\"177\">\n<p>\u00a0JSG B1<\/p>\n<\/td>\n<td width=\"45\">\n<p>\u00a02:2<\/p>\n<\/td>\n<\/tr>\n<tr>\n<td width=\"124\">\n<p>\u00a01. Kreisklasse<\/p>\n<\/td>\n<td width=\"177\">\n<p>\u00a0JSG B2<\/p>\n<\/td>\n<td width=\"177\">\n<p>\u00a0JSG Lengerich\/Wettrup<\/p>\n<\/td>\n<td width=\"45\">\n<p>\u00a03:2<\/p>\n<\/td>\n<\/tr>\n<tr>\n<td width=\"124\">\n<p>\u00a02. Kreisklasse:<\/p>\n<\/td>\n<td width=\"177\">\n<p>\u00a0JSG Dalum\/Hesepe 2<\/p>\n<\/td>\n<td width=\"177\">\n<p>\u00a0JSG B3<\/p>\n<\/td>\n<td width=\"45\">\n<p>\u00a05:0<\/p>\n<\/td>\n<\/tr>\n<\/tbody>\n<\/table>\n<p>&nbsp;<\/p>\n<p><strong>C-Jugend<\/strong><\/p>\n<p>F\u00fcr das Spiel am Samstag gegen die JSG Lengerich\/Wettrup hatten die C1-Trainer Wolly Jager und Heiner Feldmann einige taktische Umstellungen vorgenommen. Unsere U15 bot danach insbesondere in der ersten Halbzeit gegen den Tabellennachbarn eine sehenswerte Vorstellung. Nach z. T. sehr sch\u00f6nen Vorlagen konnte Nico Seltier in der ersten Halbzeit einen lupenreinen Hattrick erzielen, so dass unser jederzeit spielbestimmendes Team gegen die z. T. gro\u00dfgewachsenen und robusten G\u00e4ste zur Pause mit 3:0 in Front lag.<\/p>\n<p>Der nach mehrw\u00f6chiger Verletzungspause erstmals wieder eingesetzte Paul Elfert konnte in der zweiten Halbzeit die F\u00fchrung auf 4:0 ausbauen, ehe die G\u00e4ste kurz vor dem Schlusspfiff noch zum Ehrentreffer durch einen Foulelfmeter kamen.<\/p>\n<p><strong>Eine gelungene Generalprobe unserer U15 f\u00fcr das Kreispokalfinale am kommenden Dienstag (26.04.2016). Dieses wird um 18.00 Uhr im Speller Stadion gegen den SC Spelle\/Venhaus 2 angepfiffen. Die C1 w\u00fcrde sich \u00fcber zahlreiche Unterst\u00fctzung aus der Gemeinde Emsb\u00fcren sehr freuen!<\/strong><\/p>\n<p>Am kommenden Freitag (29.04) steht dann drei Tage sp\u00e4ter f\u00fcr unsere U15 das n\u00e4chste Meisterschaftsspiel an: Gespielt wird gegen denselben Gegner (Spelle\/Venhaus 2), nur dieses Mal im heimischen Concordia-Park. Ansto\u00df ist dann bereits um 17.00 Uhr.<\/p>\n<p>Unsere C3 \u00fcberraschte am Sonntag mit einem 6:3-Heimsieg gegen den Spitzenreiter SC Spelle\/Venhaus 3 in der 2. Kreisklasse.<\/p>\n<p>Die C-Jugend-Ergebnisse der vergangenen Woche:<\/p>\n<table width=\"580\">\n<tbody>\n<tr>\n<td width=\"114\">\n<p>\u00a0Kreisliga<\/p>\n<\/td>\n<td width=\"187\">\n<p>\u00a0JSG C1<\/p>\n<\/td>\n<td width=\"196\">\n<p>\u00a0JSG Lengerich\/Wettrup<\/p>\n<\/td>\n<td width=\"73\">\n<p>\u00a04:1<\/p>\n<\/td>\n<\/tr>\n<tr>\n<td width=\"114\">\n<p>\u00a01. Kreisklasse:<\/p>\n<\/td>\n<td width=\"187\">\n<p>\u00a0JSG Schapen\/Beesten<\/p>\n<\/td>\n<td width=\"196\">\n<p>\u00a0JSG C2<\/p>\n<\/td>\n<td width=\"73\">\n<p>\u00a02:1<\/p>\n<\/td>\n<\/tr>\n<tr>\n<td width=\"114\">\n<p>\u00a02. Kreisklasse:<\/p>\n<\/td>\n<td width=\"187\">\n<p>\u00a0JSG C3<\/p>\n<\/td>\n<td width=\"196\">\n<p>\u00a0SC Spelle\/Venhaus 3<\/p>\n<\/td>\n<td width=\"73\">\n<p>\u00a06:3<\/p>\n<\/td>\n<\/tr>\n<tr>\n<td width=\"114\">\u00a0<\/td>\n<td width=\"187\">\n<p>\u00a0JSG Twist 2<\/p>\n<\/td>\n<td width=\"196\">\n<p>\u00a0JSG C4<\/p>\n<\/td>\n<td width=\"73\">\n<p>\u00a07:1<\/p>\n<\/td>\n<\/tr>\n<\/tbody>\n<\/table>\n<p>Alle Fussballfans aus der Gemeinde Emsb\u00fcren sind herzlich eingeladen unsere JSG-Mannschaften bei ihren Spielen zu unterst\u00fctzen!<\/p>\n<p>Bericht: \u00a0\u00a0\u00a0\u00a0\u00a0\u00a0\u00a0\u00a0 Heiner Feldmann<\/p>\n<p>&nbsp;<\/p>\n<p>&nbsp;<\/p>\n","protected":false},"excerpt":{"rendered":"<p>Es lief in dieser Woche insgesamt gesehen gut bis sehr gut f\u00fcr unsere drei leistungsorientiert spielenden Mannschaften der JSG Emsb\u00fcren\/Leschede\/Listrup: W\u00e4hrend die A1 nach einem 3:1-Ausw\u00e4rtssieg ihre Erfolgsserie fortsetzen konnte, sch\u00f6pft unsere B1 nach einem 2:2-Unentschieden beim Tabellenzweiten neue Hoffnung im Abstiegskampf. Unsere C1 konnte die Generalprobe f\u00fcr das Kreispokalfinale am Dienstag mit 4:1 gewinnen. \u00a0 A-Jugend: Weite Reisen ins n\u00f6rdliche Emsland standen in dieser Woche f\u00fcr unsere U19 und U17 an. Die A1 von Trainer R\u00fcdiger Gr\u00fcner verschlug es am Dienstagabend nach Niederlangen, wo das Team bei der JSG Langen\/Neulangen\/Lathen zu Gast war. Die Gastgeber erwiesen sich als der erwartet kampfstarke und unangenehme Gegner, der noch mit dem klassischen Libero als Ausputzer hinter der Abwehr agierte. So bedurfte es schon einer der besten Saisonleistungen unserer A1, um an diesem Abend die drei Punkte mit nach Hause nehmen zu k\u00f6nnen. Der immer besser werdende Bastian Heyen war auch an diesem Tag erfolgreich und brachte unser Team bereits nach sechs Minuten mit 1:0 in F\u00fchrung, was auch schon der Halbzeitstand war. R\u00fcdiger Gr\u00fcner hatte seine Mannschaften auf ein paar Positionen ver\u00e4ndert. [&hellip;]<\/p>\n","protected":false},"author":3,"featured_media":0,"comment_status":"open","ping_status":"open","sticky":false,"template":"","format":"standard","meta":{"footnotes":""},"categories":[42],"tags":[],"class_list":["post-1802","post","type-post","status-publish","format-standard","hentry","category-jsg"],"_links":{"self":[{"href":"https:\/\/www.sv-listrup.de\/index.php?rest_route=\/wp\/v2\/posts\/1802","targetHints":{"allow":["GET"]}}],"collection":[{"href":"https:\/\/www.sv-listrup.de\/index.php?rest_route=\/wp\/v2\/posts"}],"about":[{"href":"https:\/\/www.sv-listrup.de\/index.php?rest_route=\/wp\/v2\/types\/post"}],"author":[{"embeddable":true,"href":"https:\/\/www.sv-listrup.de\/index.php?rest_route=\/wp\/v2\/users\/3"}],"replies":[{"embeddable":true,"href":"https:\/\/www.sv-listrup.de\/index.php?rest_route=%2Fwp%2Fv2%2Fcomments&post=1802"}],"version-history":[{"count":1,"href":"https:\/\/www.sv-listrup.de\/index.php?rest_route=\/wp\/v2\/posts\/1802\/revisions"}],"predecessor-version":[{"id":1803,"href":"https:\/\/www.sv-listrup.de\/index.php?rest_route=\/wp\/v2\/posts\/1802\/revisions\/1803"}],"wp:attachment":[{"href":"https:\/\/www.sv-listrup.de\/index.php?rest_route=%2Fwp%2Fv2%2Fmedia&parent=1802"}],"wp:term":[{"taxonomy":"category","embeddable":true,"href":"https:\/\/www.sv-listrup.de\/index.php?rest_route=%2Fwp%2Fv2%2Fcategories&post=1802"},{"taxonomy":"post_tag","embeddable":true,"href":"https:\/\/www.sv-listrup.de\/index.php?rest_route=%2Fwp%2Fv2%2Ftags&post=1802"}],"curies":[{"name":"wp","href":"https:\/\/api.w.org\/{rel}","templated":true}]}}