{"id":2104,"date":"2016-09-12T17:31:58","date_gmt":"2016-09-12T17:31:58","guid":{"rendered":"http:\/\/sv-listrup.de\/?p=2104"},"modified":"2016-09-12T17:31:58","modified_gmt":"2016-09-12T17:31:58","slug":"erfolgreiches-wochenende-fuer-die-jsg","status":"publish","type":"post","link":"https:\/\/www.sv-listrup.de\/?p=2104","title":{"rendered":"Erfolgreiches Wochenende f\u00fcr die JSG!"},"content":{"rendered":"<p><strong>Erster Sieg f\u00fcr die A1! Beim ersten Heimspiel war es soweit und unsere U19 landete in der Partie gegen Sparta Nordhorn mit 3:1 den ersten Dreier der neuen Saison in der A-Jugend-Bezirksliga. Auch unsere B1 holte die maximale Punktausbeute und gewann gleich 0:12 bei der \u00fcberforderten Reserve von Olympia Laxten.<\/strong><\/p>\n<p><strong>\u00a0<\/strong><\/p>\n<p><strong>A-Jugend:<\/strong><\/p>\n<p>Nach den ersten beiden Ausw\u00e4rtsniederlagen sollte es am vergangenen Samstag endlich soweit sein: Mit einem 3:1-Erfolg gelang dem Team von Trainer R\u00fcdiger Gr\u00fcner der Sprung auf Platz 9 der Bezirksliga-Tabelle.<\/p>\n<p>Dabei sah es zur Halbzeit noch gar nicht danach aus: Trotz mehr Spielanteilen lag unsere U19 hier noch mit 0:1 zur\u00fcck. Mit etwas mehr Pech h\u00e4tte es sogar noch h\u00f6her f\u00fcr die G\u00e4ste aus dem Nordhorner Stadtteil Bookholt stehen k\u00f6nnen, wenn diese ihre Konterchancen besser genutzt h\u00e4tten.<\/p>\n<p>In der zweiten Halbzeit konnte unsere A1 den Druck auf die G\u00e4ste jedoch noch einmal erh\u00f6hen, was Folgen hatte: Nach Toren von Oliver Niehof, Justin Jager und Joschka Schnieders stand am Ende ein verdientes 3:1 auf dem Spielberichtsbogen des Schiedsrichters.<\/p>\n<p>Am kommenden Mittwoch (14.09.) steht f\u00fcr unsere U19 bereits das n\u00e4chste Spiel auf dem Programm: Um 19.30 ist dann in Schwefingen Ansto\u00df zum Spiel JSG Schwefingen\/Teglingen\/Meppen \u2013 JSG Emsb\u00fcren\/Leschede\/Listrup.<\/p>\n<p>Die Ergebnisse der A-Jugendmannschaften:<\/p>\n<table width=\"495\">\n<tbody>\n<tr>\n<td width=\"122\">\n<p>\u00a0Bezirksliga:<\/p>\n<\/td>\n<td width=\"151\">\n<p>\u00a0JSG A1<\/p>\n<\/td>\n<td width=\"140\">\n<p>\u00a0Sparta Nordhorn<\/p>\n<\/td>\n<td width=\"73\">\n<p>\u00a03:1<\/p>\n<\/td>\n<\/tr>\n<tr>\n<td width=\"122\">\n<p>\u00a01. Kreisklasse:<\/p>\n<\/td>\n<td width=\"151\">\n<p>\u00a0Voran Br\u00f6gbern<\/p>\n<\/td>\n<td width=\"140\">\n<p>\u00a0JSG A2<\/p>\n<\/td>\n<td width=\"73\">\n<p>\u00a010:0<\/p>\n<\/td>\n<\/tr>\n<tr>\n<td width=\"122\">\n<p>\u00a02. Kreisklasse:<\/p>\n<\/td>\n<td width=\"151\">\n<p>\u00a0JSG A4<\/p>\n<\/td>\n<td width=\"140\">\n<p>\u00a0VfL Herzlake 2<\/p>\n<\/td>\n<td width=\"73\">\n<p>\u00a00:1<\/p>\n<\/td>\n<\/tr>\n<\/tbody>\n<\/table>\n<p><strong>B-Jugend:<\/strong><\/p>\n<p>Vergebene Torchancen waren das Hauptproblem f\u00fcr unsere B1 im Spitzenspiel am vergangenen Wochenende gegen Union Meppen\/Emslage. Ein sch\u00f6nes \u201eTorschusstraining\u201c f\u00fcr unsere U17 gab es daf\u00fcr nun am Samstag beim Ausw\u00e4rtsspiel bei der Zweitvertretung von Olympia Laxten.<\/p>\n<p>Bis auf jeweils eine Kontergelegenheit in jeder Halbzeit f\u00fcr die Gastgeber fand das Spiel ausschlie\u00dflich in der Lingener H\u00e4lfte statt. Bereits zum Pausentee stand es 0:7 f\u00fcr unsere B1 gegen die in dieser Liga wohl \u00fcberforderten Laxtener. Am Ende hie\u00df es gar 0:12. Als Torsch\u00fctzen konnten sich 4 x Kevin Schwarze, 2 x Lennert Menke, 2x Ben Kl\u00f6pper sowie jeweils 1 x Julian Weeme, Pascal Kirchner, Enis Yesil und Nils Fangmeyer auszeichnen.<\/p>\n<p>Mit diesem Sieg konnte die Mannschaft von Trainer Dieter Weeme wieder Anschluss an die Spitzengruppe in der Kreisliga herstellen und befindet sich nun auf Platz 3.<\/p>\n<p><strong>Ein ganz interessantes Spiel steht f\u00fcr unsere B1 nun am kommenden Samstag (17.09.2016) um 15.00 Uhr auf dem Lescheder Sportgel\u00e4nde an: Zu Gast ist dann der Tabellenzweite JSG Ber\u00dfen\/Eisten-H\u00fcven.<\/strong><\/p>\n<p>Die B-Jugend-Ergebnisse der vergangenen Woche:<\/p>\n<table width=\"533\">\n<tbody>\n<tr>\n<td width=\"122\">\n<p>\u00a0Kreisliga:<\/p>\n<\/td>\n<td width=\"199\">\n<p>\u00a0Olympia Laxten 2<\/p>\n<\/td>\n<td width=\"130\">\n<p>\u00a0JSG B1<\/p>\n<\/td>\n<td width=\"73\">\n<p>\u00a00:12<\/p>\n<\/td>\n<\/tr>\n<tr>\n<td width=\"122\">\n<p>\u00a01. Kreisklasse:<\/p>\n<\/td>\n<td width=\"199\">\n<p>\u00a0JSG Schapen\/Beesten<\/p>\n<\/td>\n<td width=\"130\">\n<p>\u00a0JSG B2<\/p>\n<\/td>\n<td width=\"73\">\n<p>\u00a03:4<\/p>\n<\/td>\n<\/tr>\n<tr>\n<td width=\"122\">\n<p>\u00a02. Kreisklasse:<\/p>\n<\/td>\n<td width=\"199\">\n<p>\u00a0JSG Dalum\/Gr. Hesepe 2<\/p>\n<\/td>\n<td width=\"130\">\n<p>\u00a0JSG B3<\/p>\n<\/td>\n<td width=\"73\">\n<p>\u00a02:4<\/p>\n<\/td>\n<\/tr>\n<\/tbody>\n<\/table>\n<p><strong>C-Jugend<\/strong><\/p>\n<p>Spielfrei war in dieser Woche unsere C1. Am kommenden Dienstagabend (13.09.2016) um 18:30 Uhr ist die Mannschaft von Trainer Heiner Feldmann bei der JSG Darme\/Schepsdorf in Darme gefordert.<\/p>\n<p>Die C-Jugend-Ergebnisse der vergangenen Woche:<\/p>\n<table width=\"543\">\n<tbody>\n<tr>\n<td width=\"118\">\n<p>\u00a0Kreisliga:<\/p>\n<\/td>\n<td width=\"146\">\n<p>\u00a0JSG C1<\/p>\n<\/td>\n<td width=\"187\">\u00a0<\/td>\n<td width=\"82\">\n<p>\u00a0Spielfrei<\/p>\n<\/td>\n<\/tr>\n<tr>\n<td width=\"118\">\n<p>1. Kreisklasse:<\/p>\n<\/td>\n<td width=\"146\">\n<p>\u00a0JSG C2<\/p>\n<\/td>\n<td width=\"187\">\n<p>\u00a0JSG Altenlingen\/Holth. 2<\/p>\n<\/td>\n<td width=\"82\">\n<p>\u00a08:0<\/p>\n<\/td>\n<\/tr>\n<tr>\n<td width=\"118\">\u00a0<\/td>\n<td width=\"146\">\n<p>\u00a0SV Bokeloh<\/p>\n<\/td>\n<td width=\"187\">\n<p>\u00a0JSG C2<\/p>\n<\/td>\n<td width=\"82\">\n<p>\u00a03:0<\/p>\n<\/td>\n<\/tr>\n<tr>\n<td width=\"118\">\n<p>\u00a02. Kreisklasse:<\/p>\n<\/td>\n<td width=\"146\">\n<p>\u00a0SVA Salzbergen 2<\/p>\n<\/td>\n<td width=\"187\">\n<p>\u00a0JSG C3<\/p>\n<\/td>\n<td width=\"82\">\n<p>\u00a02:0<\/p>\n<\/td>\n<\/tr>\n<tr>\n<td width=\"118\">\u00a0<\/td>\n<td width=\"146\">\n<p>\u00a0Olympia Laxten 3<\/p>\n<\/td>\n<td width=\"187\">\n<p>\u00a0JSG C3<\/p>\n<\/td>\n<td width=\"82\">\n<p>\u00a01:4<\/p>\n<\/td>\n<\/tr>\n<tr>\n<td width=\"118\">\u00a0<\/td>\n<td width=\"146\">\n<p>\u00a0JSG C5<\/p>\n<\/td>\n<td width=\"187\">\n<p>\u00a0JSG C4<\/p>\n<\/td>\n<td width=\"82\">\n<p>\u00a05:1<\/p>\n<\/td>\n<\/tr>\n<\/tbody>\n<\/table>\n<p>Unsere JSG-Teams freuen sich sehr \u00fcber zahlreiche Zuschauer-Unterst\u00fctzung bei ihren Spielen!<\/p>\n<p>Bericht: \u00a0\u00a0\u00a0\u00a0\u00a0\u00a0\u00a0\u00a0Heiner Feldmann<\/p>\n<p>&nbsp;<\/p>\n<p>&nbsp;<\/p>\n","protected":false},"excerpt":{"rendered":"<p>Erster Sieg f\u00fcr die A1! Beim ersten Heimspiel war es soweit und unsere U19 landete in der Partie gegen Sparta Nordhorn mit 3:1 den ersten Dreier der neuen Saison in der A-Jugend-Bezirksliga. Auch unsere B1 holte die maximale Punktausbeute und gewann gleich 0:12 bei der \u00fcberforderten Reserve von Olympia Laxten. \u00a0 A-Jugend: Nach den ersten beiden Ausw\u00e4rtsniederlagen sollte es am vergangenen Samstag endlich soweit sein: Mit einem 3:1-Erfolg gelang dem Team von Trainer R\u00fcdiger Gr\u00fcner der Sprung auf Platz 9 der Bezirksliga-Tabelle. Dabei sah es zur Halbzeit noch gar nicht danach aus: Trotz mehr Spielanteilen lag unsere U19 hier noch mit 0:1 zur\u00fcck. Mit etwas mehr Pech h\u00e4tte es sogar noch h\u00f6her f\u00fcr die G\u00e4ste aus dem Nordhorner Stadtteil Bookholt stehen k\u00f6nnen, wenn diese ihre Konterchancen besser genutzt h\u00e4tten. In der zweiten Halbzeit konnte unsere A1 den Druck auf die G\u00e4ste jedoch noch einmal erh\u00f6hen, was Folgen hatte: Nach Toren von Oliver Niehof, Justin Jager und Joschka Schnieders stand am Ende ein verdientes 3:1 auf dem Spielberichtsbogen des Schiedsrichters. Am kommenden Mittwoch (14.09.) steht f\u00fcr unsere U19 bereits das n\u00e4chste [&hellip;]<\/p>\n","protected":false},"author":3,"featured_media":0,"comment_status":"open","ping_status":"open","sticky":false,"template":"","format":"standard","meta":{"footnotes":""},"categories":[42],"tags":[],"class_list":["post-2104","post","type-post","status-publish","format-standard","hentry","category-jsg"],"_links":{"self":[{"href":"https:\/\/www.sv-listrup.de\/index.php?rest_route=\/wp\/v2\/posts\/2104","targetHints":{"allow":["GET"]}}],"collection":[{"href":"https:\/\/www.sv-listrup.de\/index.php?rest_route=\/wp\/v2\/posts"}],"about":[{"href":"https:\/\/www.sv-listrup.de\/index.php?rest_route=\/wp\/v2\/types\/post"}],"author":[{"embeddable":true,"href":"https:\/\/www.sv-listrup.de\/index.php?rest_route=\/wp\/v2\/users\/3"}],"replies":[{"embeddable":true,"href":"https:\/\/www.sv-listrup.de\/index.php?rest_route=%2Fwp%2Fv2%2Fcomments&post=2104"}],"version-history":[{"count":1,"href":"https:\/\/www.sv-listrup.de\/index.php?rest_route=\/wp\/v2\/posts\/2104\/revisions"}],"predecessor-version":[{"id":2105,"href":"https:\/\/www.sv-listrup.de\/index.php?rest_route=\/wp\/v2\/posts\/2104\/revisions\/2105"}],"wp:attachment":[{"href":"https:\/\/www.sv-listrup.de\/index.php?rest_route=%2Fwp%2Fv2%2Fmedia&parent=2104"}],"wp:term":[{"taxonomy":"category","embeddable":true,"href":"https:\/\/www.sv-listrup.de\/index.php?rest_route=%2Fwp%2Fv2%2Fcategories&post=2104"},{"taxonomy":"post_tag","embeddable":true,"href":"https:\/\/www.sv-listrup.de\/index.php?rest_route=%2Fwp%2Fv2%2Ftags&post=2104"}],"curies":[{"name":"wp","href":"https:\/\/api.w.org\/{rel}","templated":true}]}}