{"id":2177,"date":"2016-09-20T17:09:35","date_gmt":"2016-09-20T17:09:35","guid":{"rendered":"http:\/\/sv-listrup.de\/?p=2177"},"modified":"2016-09-20T17:09:35","modified_gmt":"2016-09-20T17:09:35","slug":"jsg-b1-gewinnt-das-spitzenspiel","status":"publish","type":"post","link":"https:\/\/www.sv-listrup.de\/?p=2177","title":{"rendered":"JSG: B1 gewinnt das Spitzenspiel!"},"content":{"rendered":"<p><strong>Einen Sprung in die Aufstiegszone der Kreisliga Emsland machte am Samstag unsere B1 mit einem 3:2-Sieg im Spitzenspiel gegen die JSG Ber\u00dfen\/Eisten-H\u00fcven! Unsere A1 musste hingegen eine knappe Niederlage gegen die starke JSG Schwefingen\/Teglingen\/SV Meppen einstecken. Einen 2:7-Ausw\u00e4rtserfolg brachte unsere C1 aus Darme mit.<\/strong><\/p>\n<p><strong>\u00a0<\/strong><\/p>\n<p><strong>A-Jugend:<\/strong><\/p>\n<p>Nach dem ersten Saisonsieg am letzten Wochenende gegen Sparta Nordhorn blieb am Mittwochabend (14.09.) f\u00fcr unsere U19 der erhoffte Sprung ins Bezirksliga-Mittelfeld leider aus. Mit der JSG Schwefingen\/Teglingen\/SV Meppen hatte es die Elf von Trainer R\u00fcdiger Gr\u00fcner mit einem Gegner auf Augenh\u00f6he zu tun. Leider musste unser Team relativ fr\u00fch in der ersten Halbzeit erneut einem R\u00fcckstand hinterherlaufen.<\/p>\n<p>Die erhoffte Reaktion ab Mitte der 1. Halbzeit blieb nicht aus: Die beste Phase unseres Teams (u. a. mit einem Lattentreffer in der 40. Minute) wurde jedoch leider nicht mit einem Torerfolg gekr\u00f6nt. Stattdessen musste unsere A1 nach einem unn\u00f6tigen Ballverlust mit dem Halbzeitpfiff den zweiten Gegentreffer entgegennehmen. Der Anschlusstreffer durch Oliver Niehof nach einer Flanke von Jonas Sch\u00fcring in der 65. Minute gab noch mal Hoffnung, die Partie drehen zu k\u00f6nnen. Zahlreiche Ecken im Schlussteil der Partie blieben jedoch leider ungenutzt, so dass am Ende eine bittere 1:2-Niederlage stand.<\/p>\n<p><strong>Am kommenden Kirmeswochenende m\u00f6chte unsere U19 gegen den Aufsteiger JSG Clusorth\/Bawinkel nun unbedingt punkten! Ansto\u00df ist am Samstag (24.09.2016) um 15.00 Uhr im Concordia-Park Emsb\u00fcren.<\/strong><\/p>\n<p>Die Ergebnisse der A-Jugendmannschaften:<\/p>\n<table width=\"495\">\n<tbody>\n<tr>\n<td width=\"122\">\n<p>\u00a0Bezirksliga:<\/p>\n<\/td>\n<td width=\"189\">\n<p>\u00a0JSG Schwef.\/Tegl.\/Mep.<\/p>\n<\/td>\n<td width=\"111\">\n<p>\u00a0JSG A1<\/p>\n<\/td>\n<td width=\"63\">\n<p>\u00a02:1<\/p>\n<\/td>\n<\/tr>\n<tr>\n<td width=\"122\">\n<p>\u00a01. Kreisklasse:<\/p>\n<\/td>\n<td width=\"189\">\n<p>\u00a0JSG Messingen\/L.\/Br.<\/p>\n<\/td>\n<td width=\"111\">\n<p>\u00a0JSG A2<\/p>\n<\/td>\n<td width=\"63\">\n<p>\u00a06:0<\/p>\n<\/td>\n<\/tr>\n<tr>\n<td width=\"122\">\n<p>\u00a02. Kreisklasse:<\/p>\n<\/td>\n<td width=\"189\">\n<p>\u00a0SVA Salzbergen 2<\/p>\n<\/td>\n<td width=\"111\">\n<p>\u00a0JSG A4<\/p>\n<\/td>\n<td width=\"63\">\n<p>\u00a04:6<\/p>\n<\/td>\n<\/tr>\n<\/tbody>\n<\/table>\n<p><strong>B-Jugend:<\/strong><\/p>\n<p>Einen verdienten Sieg gab es im Kreisliga-Spitzenspiel am Samstag f\u00fcr unsere B1 gegen die JSG Ber\u00dfen\/Eisten-H\u00fcven! Gegen den bisherigen Tabellenzweiten legte die Mannschaft von Trainer Dieter Weeme eine blitzsaubere erste Halbzeit hin: Nach Toren von John Rodriguez, Julian Weeme und Jan Roling f\u00fchrte unser Team mit 3:0 zum Pausentee. Bis dahin hatte der Gast keine einzige nennenswerte Torchance.<\/p>\n<p>In der zweiten Halbzeit lie\u00df die Konzentration im Gegensatz zu mehreren bisherigen Saisonspielen zum Gl\u00fcck nicht nach. Dennoch konnten die G\u00e4ste aus dem H\u00fcmmling nach einem Abwehrfehler auf 3:1 verk\u00fcrzen. Die danach folgende wohl gr\u00f6\u00dfte \u201e120 prozentige\u201c-Torgelegenheit f\u00fcr unsere U17 konnte danach leider nicht genutzt werden. Zehn Spielminuten vor Ende der Begegnung kam somit sogar noch etwas Spannung auf, als die G\u00e4ste auf 3:2 verk\u00fcrzten. Letztlich wurde der wichtige \u201eDreier\u201c jedoch noch gut \u00fcber die B\u00fchne gebracht.<\/p>\n<p>Mit diesem Erfolg konnte die JSG Ber\u00dfen\/Eisten-H\u00fcven vom zweiten Tabellenplatz verdr\u00e4ngt werden.<\/p>\n<p>Weiter geht es f\u00fcr unsere B1 nun in dieser Woche mit zwei Ausw\u00e4rtsspielen: Zun\u00e4chst ist unsere U17 am Dienstag (20.09.2016) um 19.00 Uhr im Kreispokal-Achtelfinale beim Kreisliga-Konkurrenten JSG Clusorth\/Bawinkel zu Gast. In der Meisterschaft folgt dann am kommenden Samstag (24.09.2016) um 14.00 Uhr das Spiel bei der JSG TuS\/VfB Lingen.<\/p>\n<p>Die B-Jugend-Ergebnisse der vergangenen Woche:<\/p>\n<table width=\"552\">\n<tbody>\n<tr>\n<td width=\"122\">\n<p>\u00a0Kreisliga:<\/p>\n<\/td>\n<td width=\"170\">\n<p>\u00a0JSG B1<\/p>\n<\/td>\n<td width=\"197\">\n<p>\u00a0JSG Ber\u00dfen\/Eisten-H\u00fcv.<\/p>\n<\/td>\n<td width=\"54\">\n<p>\u00a03:2<\/p>\n<\/td>\n<\/tr>\n<tr>\n<td width=\"122\">\n<p>\u00a01. Kreisklasse:<\/p>\n<\/td>\n<td width=\"170\">\n<p>\u00a0JSG Darme\/Schepsd.<\/p>\n<\/td>\n<td width=\"197\">\n<p>\u00a0JSG B2<\/p>\n<\/td>\n<td width=\"54\">\n<p>\u00a06:1<\/p>\n<\/td>\n<\/tr>\n<tr>\n<td width=\"122\">\n<p>\u00a02. Kreisklasse:<\/p>\n<\/td>\n<td width=\"170\">\n<p>\u00a0JSG B3<\/p>\n<\/td>\n<td width=\"197\">\n<p>\u00a0JSG Union Meppen\/Emsl.<\/p>\n<\/td>\n<td width=\"54\">\n<p>\u00a01:4<\/p>\n<\/td>\n<\/tr>\n<\/tbody>\n<\/table>\n<p><strong>C-Jugend<\/strong><\/p>\n<p>Bereits am Dienstagabend (13.09.) trat unsere U15 im Kreisliga-Ausw\u00e4rtsspiel bei der JSG Darme\/Schepsdorf an. Hier konnte unser fast im gesamten Spielverlauf \u00fcberlegendes Team Mitte der zweiten Halbzeit durch einen Doppelschlag von Josh Jager und Nico Seltier mit 0:2 in F\u00fchrung gehen. Durch ein Eigentor kurz vor dem Halbzeitpfiff verk\u00fcrzten die G\u00e4ste auf 1:2.<\/p>\n<p>In der zweiten Halbzeit war dann in der 48. Minute das sch\u00f6nste Tor des Tages von Mika Abeln, der das Leder aus 20 Metern in den rechten oberen Torwinkel h\u00e4mmerte, der \u201eDosen\u00f6ffner\u201c f\u00fcr weitere Tore unserer C1. Diese wurden zum Teil sehr sch\u00f6n herausgespielt. Als weitere Torsch\u00fctzen k\u00f6nnten sich Mathis Focks, Nico Seltier, Simon Seltier und Josh Jager eintragen. Somit stand am Ende \u2013 bei einem weiteren Gegentor der Darmer \u2013 ein verdienter 2:7-Ausw\u00e4rtserfolg f\u00fcr unsere U15! Hiermit konnte der vierte Tabellenplatz gefestigt werden.<\/p>\n<p>Auch die Mannschaft von Trainer Heiner Feldmann steht in dieser Woche vor zwei Ausw\u00e4rtsspielen, die kurioserweise beide in Spelle stattfinden. Zun\u00e4chst geht es am Dienstag (20.09.) um 18.00 Uhr im Kreispokal-Achtelfinale gegen Spelle\/Venhaus 3, danach dann am Freitag, (23.09.) bereits um 17.00 Uhr gegen Spelle\/Venhaus 2 in der Meisterschaft.<\/p>\n<p>Die C-Jugend-Ergebnisse der vergangenen Woche:<\/p>\n<table width=\"543\">\n<tbody>\n<tr>\n<td width=\"118\">\n<p>\u00a0Kreisliga:<\/p>\n<\/td>\n<td width=\"165\">\n<p>\u00a0JSG Darme\/Schepsd.<\/p>\n<\/td>\n<td width=\"168\">\n<p>\u00a0JSG C1<\/p>\n<\/td>\n<td width=\"82\">\n<p>\u00a02:7<\/p>\n<\/td>\n<\/tr>\n<tr>\n<td width=\"118\">\n<p>1. Kreisklasse:<\/p>\n<\/td>\n<td width=\"165\">\n<p>\u00a0JSG C2<\/p>\n<\/td>\n<td width=\"168\">\n<p>\u00a0Olympia Laxten 2<\/p>\n<\/td>\n<td width=\"82\">\n<p>\u00a01:2<\/p>\n<\/td>\n<\/tr>\n<tr>\n<td width=\"118\">\n<p>\u00a02. Kreisklasse:<\/p>\n<\/td>\n<td width=\"165\">\n<p>\u00a0JSG C3<\/p>\n<\/td>\n<td width=\"168\">\n<p>\u00a0JSG C5<\/p>\n<\/td>\n<td width=\"82\">\n<p>\u00a07:1<\/p>\n<\/td>\n<\/tr>\n<tr>\n<td width=\"118\">\u00a0<\/td>\n<td width=\"165\">\n<p>\u00a0JSG C4<\/p>\n<\/td>\n<td width=\"168\">\u00a0<\/td>\n<td width=\"82\">\n<p>\u00a0Spielfrei<\/p>\n<\/td>\n<\/tr>\n<\/tbody>\n<\/table>\n<p>Unsere JSG-Teams freuen sich sehr \u00fcber zahlreiche Zuschauer-Unterst\u00fctzung bei ihren Spielen!<\/p>\n<p>Bericht: \u00a0\u00a0\u00a0\u00a0\u00a0\u00a0\u00a0\u00a0Heiner Feldmann<\/p>\n<p>&nbsp;<\/p>\n<p>&nbsp;<\/p>\n","protected":false},"excerpt":{"rendered":"<p>Einen Sprung in die Aufstiegszone der Kreisliga Emsland machte am Samstag unsere B1 mit einem 3:2-Sieg im Spitzenspiel gegen die JSG Ber\u00dfen\/Eisten-H\u00fcven! Unsere A1 musste hingegen eine knappe Niederlage gegen die starke JSG Schwefingen\/Teglingen\/SV Meppen einstecken. Einen 2:7-Ausw\u00e4rtserfolg brachte unsere C1 aus Darme mit. \u00a0 A-Jugend: Nach dem ersten Saisonsieg am letzten Wochenende gegen Sparta Nordhorn blieb am Mittwochabend (14.09.) f\u00fcr unsere U19 der erhoffte Sprung ins Bezirksliga-Mittelfeld leider aus. Mit der JSG Schwefingen\/Teglingen\/SV Meppen hatte es die Elf von Trainer R\u00fcdiger Gr\u00fcner mit einem Gegner auf Augenh\u00f6he zu tun. Leider musste unser Team relativ fr\u00fch in der ersten Halbzeit erneut einem R\u00fcckstand hinterherlaufen. Die erhoffte Reaktion ab Mitte der 1. Halbzeit blieb nicht aus: Die beste Phase unseres Teams (u. a. mit einem Lattentreffer in der 40. Minute) wurde jedoch leider nicht mit einem Torerfolg gekr\u00f6nt. Stattdessen musste unsere A1 nach einem unn\u00f6tigen Ballverlust mit dem Halbzeitpfiff den zweiten Gegentreffer entgegennehmen. Der Anschlusstreffer durch Oliver Niehof nach einer Flanke von Jonas Sch\u00fcring in der 65. Minute gab noch mal Hoffnung, die Partie drehen zu k\u00f6nnen. Zahlreiche Ecken im Schlussteil [&hellip;]<\/p>\n","protected":false},"author":3,"featured_media":0,"comment_status":"open","ping_status":"open","sticky":false,"template":"","format":"standard","meta":{"footnotes":""},"categories":[42],"tags":[],"class_list":["post-2177","post","type-post","status-publish","format-standard","hentry","category-jsg"],"_links":{"self":[{"href":"https:\/\/www.sv-listrup.de\/index.php?rest_route=\/wp\/v2\/posts\/2177","targetHints":{"allow":["GET"]}}],"collection":[{"href":"https:\/\/www.sv-listrup.de\/index.php?rest_route=\/wp\/v2\/posts"}],"about":[{"href":"https:\/\/www.sv-listrup.de\/index.php?rest_route=\/wp\/v2\/types\/post"}],"author":[{"embeddable":true,"href":"https:\/\/www.sv-listrup.de\/index.php?rest_route=\/wp\/v2\/users\/3"}],"replies":[{"embeddable":true,"href":"https:\/\/www.sv-listrup.de\/index.php?rest_route=%2Fwp%2Fv2%2Fcomments&post=2177"}],"version-history":[{"count":1,"href":"https:\/\/www.sv-listrup.de\/index.php?rest_route=\/wp\/v2\/posts\/2177\/revisions"}],"predecessor-version":[{"id":2179,"href":"https:\/\/www.sv-listrup.de\/index.php?rest_route=\/wp\/v2\/posts\/2177\/revisions\/2179"}],"wp:attachment":[{"href":"https:\/\/www.sv-listrup.de\/index.php?rest_route=%2Fwp%2Fv2%2Fmedia&parent=2177"}],"wp:term":[{"taxonomy":"category","embeddable":true,"href":"https:\/\/www.sv-listrup.de\/index.php?rest_route=%2Fwp%2Fv2%2Fcategories&post=2177"},{"taxonomy":"post_tag","embeddable":true,"href":"https:\/\/www.sv-listrup.de\/index.php?rest_route=%2Fwp%2Fv2%2Ftags&post=2177"}],"curies":[{"name":"wp","href":"https:\/\/api.w.org\/{rel}","templated":true}]}}