{"id":2202,"date":"2016-09-26T18:15:33","date_gmt":"2016-09-26T18:15:33","guid":{"rendered":"http:\/\/sv-listrup.de\/?p=2202"},"modified":"2016-09-26T18:15:33","modified_gmt":"2016-09-26T18:15:33","slug":"jsg-b1-und-c1-mit-vier-siegen","status":"publish","type":"post","link":"https:\/\/www.sv-listrup.de\/?p=2202","title":{"rendered":"JSG: B1 und C1 mit vier Siegen!"},"content":{"rendered":"<p><strong>Es l\u00e4uft derzeit f\u00fcr unsere B1 und C1: Unsere U17 holte sich bei der JSG TuS\/VfB Lingen den n\u00e4chsten Dreier und konnte damit den zum Aufstieg berechtigten Tabellenplatz 2 festigen. Auch unsere U15 machte beim SC Spelle\/Venhaus 2 erneut ein sehr gutes Spiel und kletterte ebenfalls auf Tabellenplatz 2 in der C-Jugend-Kreisliga. Unter der Woche waren beide Teams bereits im Achtelfinale des Kreispokals erfolgreich. Unsere A1 musste ausgerechnet zur Kirmes leider eine bittere Heimniederlage einstecken.<\/strong><\/p>\n<p><strong>\u00a0<\/strong><\/p>\n<p><strong>\u00a0<\/strong><\/p>\n<p><strong>A-Jugend:<\/strong><\/p>\n<p>Viel vorgenommen hatte sich unsere U19 f\u00fcr das Heimspiel gegen die JSG Bawinkel\/Clusorth. Leider klappte es jedoch nicht mit dem zweiten Saisonsieg zur Kirmes, so dass unsere A1 zun\u00e4chst weiter auf Platz 12 verharren muss. Unser Team tat sich gegen den relativ tief stehenden Gegner schwer mit dem Spielaufbau. Dennoch sprangen auch nach den zu h\u00e4ufig nach vorne gespielten langen B\u00e4llen immer wieder Torchancen f\u00fcr die Mannschaft von Trainer R\u00fcdiger Gr\u00fcner heraus. Eine davon konnte bereits in der 11. Minute Pascal Wicher zur 1:0-F\u00fchrung nutzen. Nach einem individuellen Abwehrfehler fiel jedoch bereits in der 18. Minute der 1:1-Ausgleich.<\/p>\n<p><a href=\"https:\/\/www.sv-listrup.de\/wp-content\/uploads\/2016\/09\/DSC_0249_1.jpg\"><img loading=\"lazy\" decoding=\"async\" class=\"alignnone size-large wp-image-2203\" src=\"https:\/\/www.sv-listrup.de\/wp-content\/uploads\/2016\/09\/DSC_0249_1-1024x678.jpg\" alt=\"dsc_0249_1\" width=\"1024\" height=\"678\" srcset=\"https:\/\/www.sv-listrup.de\/wp-content\/uploads\/2016\/09\/DSC_0249_1-1024x678.jpg 1024w, https:\/\/www.sv-listrup.de\/wp-content\/uploads\/2016\/09\/DSC_0249_1-300x199.jpg 300w\" sizes=\"auto, (max-width: 1024px) 100vw, 1024px\" \/><\/a><\/p>\n<p><em>Olli Niehof<\/em><\/p>\n<p>Besser lief es dann zun\u00e4chst in der zweiten Halbzeit, in der mit zunehmender Spieldauer auch der Druck auf das Bawinkeler Tor immer gr\u00f6\u00dfer wurde. Unsere U19 konnte jetzt auch besser mittels Kurzpassspiel nach vorne durchkombinieren. Im Abschluss wollte es jedoch dann nicht mehr klappen: Mehrere Torchancen z. B. durch Jannik Hinerasky oder Joschka Schnieders konnten leider nicht genutzt werden.<\/p>\n<p><a href=\"https:\/\/www.sv-listrup.de\/wp-content\/uploads\/2016\/09\/DSC_0255_1.jpg\"><img loading=\"lazy\" decoding=\"async\" class=\"alignnone size-large wp-image-2204\" src=\"https:\/\/www.sv-listrup.de\/wp-content\/uploads\/2016\/09\/DSC_0255_1-1024x678.jpg\" alt=\"dsc_0255_1\" width=\"1024\" height=\"678\" srcset=\"https:\/\/www.sv-listrup.de\/wp-content\/uploads\/2016\/09\/DSC_0255_1-1024x678.jpg 1024w, https:\/\/www.sv-listrup.de\/wp-content\/uploads\/2016\/09\/DSC_0255_1-300x199.jpg 300w\" sizes=\"auto, (max-width: 1024px) 100vw, 1024px\" \/><\/a><\/p>\n<p><em>Die Bawinkeler r\u00fchrten vor dem Tor ordentlich Beton an\u2026<\/em><\/p>\n<p><a href=\"https:\/\/www.sv-listrup.de\/wp-content\/uploads\/2016\/09\/DSC_0263_1.jpg\"><img loading=\"lazy\" decoding=\"async\" class=\"alignnone size-large wp-image-2205\" src=\"https:\/\/www.sv-listrup.de\/wp-content\/uploads\/2016\/09\/DSC_0263_1-1024x678.jpg\" alt=\"dsc_0263_1\" width=\"1024\" height=\"678\" srcset=\"https:\/\/www.sv-listrup.de\/wp-content\/uploads\/2016\/09\/DSC_0263_1-1024x678.jpg 1024w, https:\/\/www.sv-listrup.de\/wp-content\/uploads\/2016\/09\/DSC_0263_1-300x199.jpg 300w\" sizes=\"auto, (max-width: 1024px) 100vw, 1024px\" \/><\/a><\/p>\n<p><em>Hier gab es \u201edas dickste Ding\u201c f\u00fcr unsere Elf: Dieser Freisto\u00df von Justin Jager landete jedoch leider nur am rechten Torpfosten.<\/em><\/p>\n<p>Dennoch blieben die G\u00e4ste mit gelegentlichen Kontern stets gef\u00e4hrlich. Nach einem weiteren individuellen Abwehrfehler fiel in der 75. Minute anstatt einer nun durchaus verdienten F\u00fchrung f\u00fcr unsere A1 zu allem \u00dcberfluss das 1:2 f\u00fcr die G\u00e4ste<a href=\"https:\/\/www.sv-listrup.de\/wp-content\/uploads\/2016\/09\/DSC_0267_1.jpg\"><img loading=\"lazy\" decoding=\"async\" class=\"alignnone size-large wp-image-2206\" src=\"https:\/\/www.sv-listrup.de\/wp-content\/uploads\/2016\/09\/DSC_0267_1-1024x678.jpg\" alt=\"dsc_0267_1\" width=\"1024\" height=\"678\" srcset=\"https:\/\/www.sv-listrup.de\/wp-content\/uploads\/2016\/09\/DSC_0267_1-1024x678.jpg 1024w, https:\/\/www.sv-listrup.de\/wp-content\/uploads\/2016\/09\/DSC_0267_1-300x199.jpg 300w\" sizes=\"auto, (max-width: 1024px) 100vw, 1024px\" \/><\/a><\/p>\n<p>&nbsp;<\/p>\n<p><em>Unsere U19 versuchte danach noch alles daran zu setzen, den Ausgleich zu erzielen. Doch mit den in der Schlussphase hoch in den Strafraum gespielten B\u00e4llen hatte man auch danach kein Gl\u00fcck mehr.<\/em><\/p>\n<p>Mit einem weiteren Konter der Bawinkeler konnten diese in den Schlussminuten sogar noch den 1:3-Siegtreffer erzielen, so dass es am Ende ausgerechnet am Kirmessamstag eine bittere Heimniederlage gegen eigentlich technisch unterlegende G\u00e4ste setzte.<\/p>\n<p>Unsere U19 sollte sich nun m\u00f6glichst schnell wieder aufrappeln, denn bereits am kommenden Samstag, dem 01.10.2016 steht mit einem Ausw\u00e4rtsspiel um 16.00 Uhr bei der JSG Neuenhaus\/Veldhausen in Neuenhaus die n\u00e4chste Partie auf dem Programm. Das n\u00e4chste Heimspiel folgt dann am <strong>Samstag, den 15.10.2016 um 15.30 gegen die JSG Holthausen\/Altenlingen<\/strong> im Concordia-Park.<\/p>\n<p>Die Ergebnisse der A-Jugendmannschaften:<\/p>\n<table width=\"552\">\n<tbody>\n<tr>\n<td width=\"117\">\n<p>\u00a0Bezirksliga:<\/p>\n<\/td>\n<td width=\"83\">\n<p>\u00a0JSG A1<\/p>\n<\/td>\n<td width=\"290\">\n<p>\u00a0JSG Bawinkel\/Clusorth<\/p>\n<\/td>\n<td width=\"52\">\n<p>\u00a01:3<\/p>\n<\/td>\n<\/tr>\n<tr>\n<td width=\"117\">\n<p>\u00a01. Kreisklasse:<\/p>\n<\/td>\n<td width=\"83\">\n<p>\u00a0JSG A2<\/p>\n<\/td>\n<td width=\"290\">\n<p>\u00a0JSG Dalum\/Gro\u00df Hesepe<\/p>\n<\/td>\n<td width=\"52\">\n<p>\u00a02:5<\/p>\n<\/td>\n<\/tr>\n<tr>\n<td width=\"117\">\u00a0<\/td>\n<td width=\"83\">\n<p>\u00a0JSG A2<\/p>\n<\/td>\n<td width=\"290\">\n<p>\u00a0JSG Schwefingen\/Meppen\/Teglingen 2<\/p>\n<\/td>\n<td width=\"52\">\n<p>\u00a02:3<\/p>\n<\/td>\n<\/tr>\n<tr>\n<td width=\"117\">\n<p>\u00a02. Kreisklasse:<\/p>\n<\/td>\n<td width=\"83\">\n<p>\u00a0JSG A4<\/p>\n<\/td>\n<td width=\"290\">\n<p>\u00a0SV Dohren<\/p>\n<\/td>\n<td width=\"52\">\n<p>\u00a06:2<\/p>\n<\/td>\n<\/tr>\n<\/tbody>\n<\/table>\n<p><strong>\u00a0<\/strong><\/p>\n<p><strong>B-Jugend:<\/strong><\/p>\n<p>Gut in die Saison gefunden hat inzwischen unsere U17! Bei der JSG TuS\/VfB Lingen gab es mit einem 1:5 den n\u00e4chsten deutlichen Ausw\u00e4rtserfolg f\u00fcr die Mannschaft von Trainer Dieter Weeme.<\/p>\n<p>Bereits nach sieben Spielminuten und einer sehr starken Anfangsphase lag unsere B1 durch Treffer von Lennart Elfert und Yannek Midden mit 0:2 in Front. Pascal Kirchner erh\u00f6hte noch bis zum Halbzeitpfiff auf 0:3. Leider passte unsere U17 dann in der zweiten Halbzeit sich dem eher d\u00fcrftigen Niveau des Gegners an, der zudem durch eine sehr ruppige Gangart auffiel. Dennoch war der Sieg unserer B1 nie gef\u00e4hrdet: In der 67. Minute konnte John Rodriguez zun\u00e4chst auf 0:4 erh\u00f6hen. Nach dem Ehrentreffer der Lingener zum 1:4 stellte kurz vor dem Schlusspfiff Jan Roling mit dem 1:5 den alten Abstand wieder her. Bei einer besseren Chancenverwertung h\u00e4tte es das Ergebnis auch noch h\u00f6her ausfallen k\u00f6nnen.<\/p>\n<p>Mit diesem Erfolg konnte unser Team sich weiter in der Spitzengruppe festsetzen und den zweiten Tabellenplatz festigen.<\/p>\n<p>Unter der Woche war unsere U17 bereits im Achtelfinale des Kreispokals beim Ligakonkurrenten JSG Bawinkel\/Clusorth erfolgreich: Nachdem es nach 80 Minuten noch 2:2 unentschieden stand (Torsch\u00fctzen: John Rodriguez und Pascal Kirchner), ging es direkt ins Elfmeterschie\u00dfen: Hier konnte Torh\u00fcter Christian Jansen sich mit einem gehaltenen Strafsto\u00df auszeichnen, so dass mit dem letzten verwandelten Elfer durch Yannek Midden es am Ende 5:7 nach Elfmeterschie\u00dfen f\u00fcr unsere B1 hie\u00df. Auch unsere B2 konnte mit einem 1:5-Ausw\u00e4rtssieg bei Voran Br\u00f6gbern 2 in das Kreispokal-Viertelfinale einziehen.<\/p>\n<p>F\u00fcr unsere B1 steht erst nach den Herbstferien das n\u00e4chste Meisterschaftsspiel an: Am <strong>Dienstag, den 18.10.2016<\/strong> empf\u00e4ngt die Mannschaft von Trainer Dieter Weeme <strong>um 19.00 Uhr die JSG Meppen\/Teglingen\/Schwefingen 2<\/strong> auf dem Lescheder Sportgel\u00e4nde.<\/p>\n<p>Die B-Jugend-Ergebnisse der vergangenen Woche:<\/p>\n<table width=\"571\">\n<tbody>\n<tr>\n<td width=\"121\">\n<p>\u00a0Kreisliga:<\/p>\n<\/td>\n<td width=\"181\">\n<p>\u00a0JSG TuS\/VfB Lingen<\/p>\n<\/td>\n<td width=\"181\">\n<p>\u00a0JSG B1<\/p>\n<\/td>\n<td width=\"81\">\n<p>\u00a01:5<\/p>\n<\/td>\n<\/tr>\n<tr>\n<td width=\"121\">\n<p>\u00a0Kreispokal:<\/p>\n<\/td>\n<td width=\"181\">\n<p>\u00a0JSG Bawinkel\/Clusorth<\/p>\n<\/td>\n<td width=\"181\">\n<p>\u00a0JSG B1<\/p>\n<\/td>\n<td width=\"81\">\n<p>\u00a05:7 n. E.<\/p>\n<\/td>\n<\/tr>\n<tr>\n<td width=\"121\">\u00a0<\/td>\n<td width=\"181\">\n<p>\u00a0Voran Br\u00f6gbern 2<\/p>\n<\/td>\n<td width=\"181\">\n<p>\u00a0JSG B2<\/p>\n<\/td>\n<td width=\"81\">\n<p>\u00a01:5<\/p>\n<\/td>\n<\/tr>\n<tr>\n<td width=\"121\">\n<p>\u00a01. Kreisklasse:<\/p>\n<\/td>\n<td width=\"181\">\n<p>\u00a0JSG B2<\/p>\n<\/td>\n<td width=\"181\">\u00a0<\/td>\n<td width=\"81\">\n<p>\u00a0Spielfrei<\/p>\n<\/td>\n<\/tr>\n<tr>\n<td width=\"121\">\n<p>\u00a02. Kreisklasse:<\/p>\n<\/td>\n<td width=\"181\">\n<p>\u00a0Voran Br\u00f6gbern 2<\/p>\n<\/td>\n<td width=\"181\">\n<p>\u00a0JSG B3<\/p>\n<\/td>\n<td width=\"81\">\n<p>\u00a02:0<\/p>\n<\/td>\n<\/tr>\n<\/tbody>\n<\/table>\n<p><strong>\u00a0<\/strong><\/p>\n<p><strong>C-Jugend<\/strong><\/p>\n<p>Zwei Ausw\u00e4rtsspiele in Spelle standen in dieser Woche f\u00fcr unsere U15 an: Zun\u00e4chst tat sich unser Team am Dienstag im Kreispokal beim SC Spelle\/Venhaus 3 noch relativ schwer, so dass man am Ende \u201enur\u201c mit einem 3:2-Ausw\u00e4rtserfolg (Tore: 2x Nico Seltier und Mika Abeln) in das Viertelfinale einzog.<\/p>\n<p>Eine deutliche Leistungssteigerung gab es daf\u00fcr am Freitag (23.09.) im Meisterschaftsspiel beim SC Spelle\/Venhaus 2: Unsere C1 spielte passend zum tollen Sp\u00e4tsommerwetter sehr ansehnlichen Fu\u00dfball und konnte mit einem deutlichen 6:0 am Tabellennachbarn vorbei auf Platz 2 vorr\u00fccken. Der verdiente Sieg fiel dabei am Ende jedoch um ein bis zwei Tore zu hoch aus. Einen gro\u00dfen Tag hatte Nico Seltier, der s\u00e4mtliche sechs Tore erzielte, darunter ein verwandelter Foulelfmeter. Fast s\u00e4mtliche Tore wurden dabei von seinen Mannschaftskameraden sehr sch\u00f6n vorbereitet.<\/p>\n<p>Auch die Mannschaft von Trainer Heiner Feldmann hat in den Herbstferien spielfrei. Weiter geht es am <strong>Sonntag, dem 16.10.2016 um 11.00 Uhr mit einem Heimspiel gegen die JSG Lengerich\/Wettrup<\/strong> im Concordia-Park.<\/p>\n<p>Ein tolles Pokalspiel lieferte am vergangenen Montag unsere vorwiegend aus Listruper Spielern bestehende C2 zuhause gegen den klassenh\u00f6heren SVA Salzbergen ab: Die Mannschaft von Trainer Michael B\u00fcnker unterlag hier nur knapp mit 1:2.<\/p>\n<p>Die C-Jugend-Ergebnisse der vergangenen Woche:<\/p>\n<table width=\"543\">\n<tbody>\n<tr>\n<td width=\"118\">\n<p>\u00a0Kreisliga:<\/p>\n<\/td>\n<td width=\"165\">\n<p>\u00a0SC Spelle\/Venhaus 2<\/p>\n<\/td>\n<td width=\"168\">\n<p>\u00a0JSG C1<\/p>\n<\/td>\n<td width=\"82\">\n<p>\u00a00:6<\/p>\n<\/td>\n<\/tr>\n<tr>\n<td width=\"118\">\n<p>\u00a0Kreispokal:<\/p>\n<\/td>\n<td width=\"165\">\n<p>\u00a0SC Spelle\/Venhaus 3<\/p>\n<\/td>\n<td width=\"168\">\n<p>\u00a0JSG C1<\/p>\n<\/td>\n<td width=\"82\">\n<p>\u00a02:3<\/p>\n<\/td>\n<\/tr>\n<tr>\n<td width=\"118\">\u00a0<\/td>\n<td width=\"165\">\n<p>\u00a0JSG C2<\/p>\n<\/td>\n<td width=\"168\">\n<p>\u00a0SVA Salzbergen<\/p>\n<\/td>\n<td width=\"82\">\n<p>\u00a01:2<\/p>\n<\/td>\n<\/tr>\n<tr>\n<td width=\"118\">\n<p>1. Kreisklasse:<\/p>\n<\/td>\n<td width=\"165\">\n<p>\u00a0JSG C2<\/p>\n<\/td>\n<td width=\"168\">\u00a0<\/td>\n<td width=\"82\">\n<p>\u00a0Spielfrei<\/p>\n<\/td>\n<\/tr>\n<tr>\n<td width=\"118\">\n<p>\u00a02. Kreisklasse:<\/p>\n<\/td>\n<td width=\"165\">\n<p>\u00a0JSG C3<\/p>\n<\/td>\n<td width=\"168\">\u00a0<\/td>\n<td width=\"82\">\n<p>\u00a0Spielfrei<\/p>\n<\/td>\n<\/tr>\n<tr>\n<td width=\"118\">\u00a0<\/td>\n<td width=\"165\">\n<p>\u00a0JSG C4<\/p>\n<\/td>\n<td width=\"168\">\n<p>\u00a0SVA Salzbergen 2<\/p>\n<\/td>\n<td width=\"82\">\n<p>\u00a00:9<\/p>\n<\/td>\n<\/tr>\n<tr>\n<td width=\"118\">\u00a0<\/td>\n<td width=\"165\">\n<p>\u00a0JSG C5<\/p>\n<\/td>\n<td width=\"168\">\n<p>\u00a0SVA Salzbergen 2<\/p>\n<\/td>\n<td width=\"82\">\n<p>\u00a01:5<\/p>\n<\/td>\n<\/tr>\n<\/tbody>\n<\/table>\n<p>Unsere JSG-Teams freuen sich sehr \u00fcber zahlreiche Zuschauer-Unterst\u00fctzung bei ihren Spielen!<\/p>\n<p>Bericht und Fotos: \u00a0\u00a0\u00a0\u00a0\u00a0\u00a0\u00a0\u00a0Heiner Feldmann<\/p>\n<p>&nbsp;<\/p>\n<p>&nbsp;<\/p>\n","protected":false},"excerpt":{"rendered":"<p>Es l\u00e4uft derzeit f\u00fcr unsere B1 und C1: Unsere U17 holte sich bei der JSG TuS\/VfB Lingen den n\u00e4chsten Dreier und konnte damit den zum Aufstieg berechtigten Tabellenplatz 2 festigen. Auch unsere U15 machte beim SC Spelle\/Venhaus 2 erneut ein sehr gutes Spiel und kletterte ebenfalls auf Tabellenplatz 2 in der C-Jugend-Kreisliga. Unter der Woche waren beide Teams bereits im Achtelfinale des Kreispokals erfolgreich. Unsere A1 musste ausgerechnet zur Kirmes leider eine bittere Heimniederlage einstecken. \u00a0 \u00a0 A-Jugend: Viel vorgenommen hatte sich unsere U19 f\u00fcr das Heimspiel gegen die JSG Bawinkel\/Clusorth. Leider klappte es jedoch nicht mit dem zweiten Saisonsieg zur Kirmes, so dass unsere A1 zun\u00e4chst weiter auf Platz 12 verharren muss. Unser Team tat sich gegen den relativ tief stehenden Gegner schwer mit dem Spielaufbau. Dennoch sprangen auch nach den zu h\u00e4ufig nach vorne gespielten langen B\u00e4llen immer wieder Torchancen f\u00fcr die Mannschaft von Trainer R\u00fcdiger Gr\u00fcner heraus. Eine davon konnte bereits in der 11. Minute Pascal Wicher zur 1:0-F\u00fchrung nutzen. Nach einem individuellen Abwehrfehler fiel jedoch bereits in der 18. Minute der 1:1-Ausgleich. Olli Niehof Besser lief [&hellip;]<\/p>\n","protected":false},"author":3,"featured_media":0,"comment_status":"open","ping_status":"open","sticky":false,"template":"","format":"standard","meta":{"footnotes":""},"categories":[42],"tags":[],"class_list":["post-2202","post","type-post","status-publish","format-standard","hentry","category-jsg"],"_links":{"self":[{"href":"https:\/\/www.sv-listrup.de\/index.php?rest_route=\/wp\/v2\/posts\/2202","targetHints":{"allow":["GET"]}}],"collection":[{"href":"https:\/\/www.sv-listrup.de\/index.php?rest_route=\/wp\/v2\/posts"}],"about":[{"href":"https:\/\/www.sv-listrup.de\/index.php?rest_route=\/wp\/v2\/types\/post"}],"author":[{"embeddable":true,"href":"https:\/\/www.sv-listrup.de\/index.php?rest_route=\/wp\/v2\/users\/3"}],"replies":[{"embeddable":true,"href":"https:\/\/www.sv-listrup.de\/index.php?rest_route=%2Fwp%2Fv2%2Fcomments&post=2202"}],"version-history":[{"count":1,"href":"https:\/\/www.sv-listrup.de\/index.php?rest_route=\/wp\/v2\/posts\/2202\/revisions"}],"predecessor-version":[{"id":2207,"href":"https:\/\/www.sv-listrup.de\/index.php?rest_route=\/wp\/v2\/posts\/2202\/revisions\/2207"}],"wp:attachment":[{"href":"https:\/\/www.sv-listrup.de\/index.php?rest_route=%2Fwp%2Fv2%2Fmedia&parent=2202"}],"wp:term":[{"taxonomy":"category","embeddable":true,"href":"https:\/\/www.sv-listrup.de\/index.php?rest_route=%2Fwp%2Fv2%2Fcategories&post=2202"},{"taxonomy":"post_tag","embeddable":true,"href":"https:\/\/www.sv-listrup.de\/index.php?rest_route=%2Fwp%2Fv2%2Ftags&post=2202"}],"curies":[{"name":"wp","href":"https:\/\/api.w.org\/{rel}","templated":true}]}}