{"id":2465,"date":"2016-11-07T09:50:11","date_gmt":"2016-11-07T09:50:11","guid":{"rendered":"http:\/\/sv-listrup.de\/?p=2465"},"modified":"2016-11-11T08:26:24","modified_gmt":"2016-11-11T08:26:24","slug":"spielbericht-bilder-zum-derbysieg","status":"publish","type":"post","link":"https:\/\/www.sv-listrup.de\/?p=2465","title":{"rendered":"Spielbericht &#038; Bilder zum Derbysieg!"},"content":{"rendered":"<p><span style=\"font-family: Calibri;\">Der Spielbericht &amp; einige Bilder zum Derbysieg<\/span><\/p>\n<p><span style=\"color: #000000; font-family: Calibri;\">Treffsichere Offensive, hitziges (aber faires) Derby, begeisterte Zuschauer, v\u00f6llig verr\u00fcckte Tore und ein Gegner der unserer Ersten bis zur 65. Minute alles abverlangte. Dieses Derby kann man mit vielen \u00dcberschriften betiteln\u2026 Zu so einem Spiel kann man viel schreiben, letztendlich k\u00f6nnen aber die am Gl\u00fccklichsten sein, die live dabei waren. Und das waren Einige! <\/span><\/p>\n<p><span style=\"color: #000000; font-family: Calibri;\">Coach Bernhard Lammers musste mit Bernd H\u00fcsing, Henni &amp; Sepp H\u00fclsing, Stephan Schwis, Bernd B\u00fcnker, Jake &amp; Devon Lohm\u00f6ller auf gleich 7(!) Leute aus dem Kader der Ersten verzichten. Gl\u00fccklicherweise haben wir seit einigen Jahren eine starke Zweite, die die Erste in der Startelf im Derby in Person von Dennis Wittmoser, Hendrik B\u00fcltel und Michi Tewes unterst\u00fctzen k\u00f6nnen. Genau 11 Mann hatte Lammers dann zusammen, kurzfristige Ausf\u00e4lle waren also verboten! Doch davon wollte man sich nicht unterbuttern lassen, denn als Tabellenf\u00fchrer mit Emsb\u00fcren im R\u00fccken (die ihren Doppelspieltag mit 6 Punkten abschlossen) war ein Sieg gegen die Alemania mehr oder weniger Pflicht.<\/span><\/p>\n<p><span style=\"color: #000000; font-family: Calibri;\">Doch es dauerte lange bis das Derby richtig auftaute. In den ersten 30 Minuten hatte unser SVL leichte \u00dcberhand, konnte sich aber nur selten gef\u00e4hrlich vors G\u00e4stetor kombinieren. \u00c4hnlich sah es bei der Zweiten unseres roten Nachbarn aus, die sich aber alsbald mehr und mehr in die Partie k\u00e4mpften. Ein Treffer lag zwar nicht in der Luft, aber kam aufgrund der st\u00e4rkeren Willensleistung der G\u00e4ste nicht v\u00f6llig \u00fcberraschend. Eugen Federer untermauerte diese in der 38. Minute, als er sich auf links gegen 3 Verteidiger durchsetzte und gr\u00e4tschend das 0:1 f\u00fcr Salzbergen erzielte. Ein Schock f\u00fcr unsere Elf, die schnellstm\u00f6glich um Wiedergutmachung bem\u00fcht war. Und die kam in der 45. Minute: Der Ball landet 25 Meter vor dem Tor auf der Brust(Bauch) von Mini Wobbe, der den Ball perfekt mit dem Volley in den linken Torwinkel bef\u00f6rderte. Traumtor, 1:1, Halbzeitpfiff!<\/span><\/p>\n<p><span style=\"color: #000000; font-family: Calibri;\">Und dieser Treffer war ganz wichtig: Mit ordentlich R\u00fcckenwind kamen unsere Jungs aus der Kabine und gingen fr\u00fch in H\u00e4lfte 2 in F\u00fchrung. Wobbe bekommt den Ball \u00e4u\u00dferen 16er Rand und flankt in die Mitte auf Jonas. Der Ball kommt \u00fcber Umwege auf den aufger\u00fcckten Au\u00dfenverteidiger Hendrik B\u00fcltel, der den Ball per Kopf vors Tor legte, wo Mittelst\u00fcrmer Mitch B\u00fcnker v\u00f6llig freistehend nur noch einzuschieben braucht! Riesen Jubel am Platz, wie auch beigef\u00fcgtes Bild sehr deutlich zeigt \ud83d\ude1b<br \/><\/span><span style=\"color: #000000; font-family: Calibri;\"> <br \/> Aber die Freude hielt nicht lange\u2026 Nach Ballverlust im Mittelfeld spielt Spielmacher L\u00e4ge einen flachen Pass in die Schnittstelle, wo Alex Niemeyer mit Gl\u00fcck unsere Innenverteidigung d\u00fcpiert und den Ball frei vor Keeper Grimma ins Tor donnert. (siehe Bild 4) Das Spiel wurde nun ruppiger, Salzbergen besser und unsere ersatzgeschw\u00e4chte Elf konnte ihre Qualit\u00e4ten kaum noch ausspielen. Dann aber die 62. Minute: Mini Wobbe mit stark getreten Freisto\u00df von halb links auf den 11-Meterpunkt auf den Kopf des hochsteigenden Jonas Berger, der die Kugel ins lange Eck verl\u00e4ngerte. 3:2! (s. Bild 5) <\/span><\/p>\n<p><span style=\"color: #000000; font-family: Calibri;\"> Und die Entscheidung folgte prompt: Michi Tewes, frisch gewordener Papa, nahm nach einem Kl\u00e4rungsversuch nach einer Ecke aus 20 Metern Ma\u00df und traf per Volley ins lange Eck zum 4:2! Klasse versenkt \ud83d\ude09 (Bild 6) Zwar ist ein 2 Tore Vorsprung immer einholbar, doch nach diesem Treffer war allen klar: das Ding ist durch. Dementsprechend souver\u00e4n &amp; ballsicher pr\u00e4sentierte sich unsere Elf in den letzten 25 Minuten und zeigte endlich ihre spielerische Klasse. Zur Freude der Zuschauer, denen aber zun\u00e4chst weitere Treffer (meist Distanzsch\u00fcsse) aufgrund des gut aufgelegten G\u00e4stekeepers verwehrt blieben. In der 75. Minute war dieser aber machtlos, als ein strammer Freisto\u00df vom Vizekapit\u00e4n Bomber Evers in der Mauer abgef\u00e4lscht wurde und ins Netz segelte.<br \/> Den Schlusspunkt setzte Chrissi Schwis nach starker Leistung heute: Aggressiv lief er den Libero an und ergaunerte sich im 16er den Ball, ehe er flach einschob. 6:2, eine tolle und absolut sehenswerte 2. Halbzeit unserer Elf.<\/span><\/p>\n<p><span style=\"color: #000000; font-family: Calibri;\">Unsere Erste gr\u00fc\u00dft weiter vom Platz der Sonne und bekommt den langersehnten souver\u00e4nen Derbysieg trotz zahlreiche Ausf\u00e4lle und v\u00f6llig neu formierter Hintermannschaft, wobei man den \u201eAushilfen\u201c Michi Tewes, Hendrik B\u00fcltel und Dennis Wittmoser nur ein riesen Lob f\u00fcr die gezeigte Leistung aussprechen kann. Danke an die Zweite f\u00fcr diese Unterst\u00fctzung, die ihr zweites Spiel am Wochenende ebenfalls mit 1:1 beendeten! Gegen den Tabellenletzten Darme sollte zwar unbedingt ein Sieg her, aber aufgrund des Fehlens zahlreicher Leistungstr\u00e4ger muss man sich vielleicht auch mit einem Punkt zufrieden geben, wobei der unerwartete Punkterfolg vom Freitag gegen Spitzenreiter L\u00fcnne ein Bonus sein wird.<\/span><\/p>\n<p><span style=\"color: #000000; font-family: Calibri;\">Unsere Zweite hat kommendes Wochenende nun spielfrei und darf sich im Endspurt vor der Winterpause nochmal erholen. F\u00fcr unsere Erste stehen noch zwei richtige Topduelle auf dem Programm. N\u00e4chsten Sonntag geht\u2019s bereits um 12 Uhr zum Ausw\u00e4rtsspiel gegen Spelle III, ehe es am Sonntag dem 20.11 zum Heimkracher und Derby gegen den Tabellenzweiten Emsb\u00fcren II kommt. Im Hinblick auf die restliche Saison k\u00f6nnen das ganz entscheidende Punkte sein!<\/span><\/p>\n<p><span style=\"color: #000000; font-family: Calibri;\">#Derbysieger<br \/><\/span><span style=\"color: #000000; font-family: Calibri;\"> #Genugtuung<br \/> #Spitzenreiter<br \/>#LISTRUPISTDERGEILSTECLUBDERWELT<\/span><\/p>\n<p>Die komplette Bildergalerie von Fupa gibt es hier: <a href=\"http:\/\/www.fupa.net\/galerie\/sportverein-listrup-1949-sv-alemannia-salzbergen-1919-ii-173848\/foto1.html\">http:\/\/www.fupa.net\/galerie\/sportverein-listrup-1949-sv-alemannia-salzbergen-1919-ii-173848\/foto1.html<\/a><\/p>\n<p><span style=\"color: #000000; font-family: Calibri;\">\u00a0<\/span><\/p>\n<p><span style=\"color: #000000; font-family: Calibri;\"><a href=\"https:\/\/www.sv-listrup.de\/wp-content\/uploads\/2016\/11\/Derbysieger.png\"><img loading=\"lazy\" decoding=\"async\" class=\"alignnone size-large wp-image-2473\" src=\"https:\/\/www.sv-listrup.de\/wp-content\/uploads\/2016\/11\/Derbysieger.png\" alt=\"derbysieger\" width=\"815\" height=\"167\" srcset=\"https:\/\/www.sv-listrup.de\/wp-content\/uploads\/2016\/11\/Derbysieger.png 815w, https:\/\/www.sv-listrup.de\/wp-content\/uploads\/2016\/11\/Derbysieger-300x61.png 300w, https:\/\/www.sv-listrup.de\/wp-content\/uploads\/2016\/11\/Derbysieger-768x157.png 768w\" sizes=\"auto, (max-width: 815px) 100vw, 815px\" \/><\/a><\/span><\/p>\n<p>&nbsp;<\/p>\n<p><span style=\"color: #000000; font-family: Calibri;\"><a href=\"https:\/\/www.sv-listrup.de\/wp-content\/uploads\/2016\/11\/0-1-Listrup-SVA.jpg\"><img loading=\"lazy\" decoding=\"async\" class=\"alignnone size-large wp-image-2467\" src=\"https:\/\/www.sv-listrup.de\/wp-content\/uploads\/2016\/11\/0-1-Listrup-SVA.jpg\" alt=\"0-1-listrup-sva\" width=\"900\" height=\"600\" srcset=\"https:\/\/www.sv-listrup.de\/wp-content\/uploads\/2016\/11\/0-1-Listrup-SVA.jpg 900w, https:\/\/www.sv-listrup.de\/wp-content\/uploads\/2016\/11\/0-1-Listrup-SVA-300x200.jpg 300w, https:\/\/www.sv-listrup.de\/wp-content\/uploads\/2016\/11\/0-1-Listrup-SVA-768x512.jpg 768w\" sizes=\"auto, (max-width: 900px) 100vw, 900px\" \/><\/a>0:1 des SVA durch Eugen Federer\u00a0<\/span><\/p>\n<p><span style=\"color: #000000; font-family: Calibri;\"><a href=\"https:\/\/www.sv-listrup.de\/wp-content\/uploads\/2016\/11\/2-1-Listrup-SVA.jpg\"><img loading=\"lazy\" decoding=\"async\" class=\"alignnone size-large wp-image-2468\" src=\"https:\/\/www.sv-listrup.de\/wp-content\/uploads\/2016\/11\/2-1-Listrup-SVA.jpg\" alt=\"2-1-listrup-sva\" width=\"900\" height=\"600\" srcset=\"https:\/\/www.sv-listrup.de\/wp-content\/uploads\/2016\/11\/2-1-Listrup-SVA.jpg 900w, https:\/\/www.sv-listrup.de\/wp-content\/uploads\/2016\/11\/2-1-Listrup-SVA-300x200.jpg 300w, https:\/\/www.sv-listrup.de\/wp-content\/uploads\/2016\/11\/2-1-Listrup-SVA-768x512.jpg 768w\" sizes=\"auto, (max-width: 900px) 100vw, 900px\" \/><\/a>\u00a02:1 F\u00fchrung durch Mitch B\u00fcnker<\/span><\/p>\n<p><span style=\"color: #000000; font-family: Calibri;\"><a href=\"https:\/\/www.sv-listrup.de\/wp-content\/uploads\/2016\/11\/2-2-Listrup-SVA.jpg\"><img loading=\"lazy\" decoding=\"async\" class=\"alignnone size-large wp-image-2469\" src=\"https:\/\/www.sv-listrup.de\/wp-content\/uploads\/2016\/11\/2-2-Listrup-SVA.jpg\" alt=\"2-2-listrup-sva\" width=\"900\" height=\"600\" srcset=\"https:\/\/www.sv-listrup.de\/wp-content\/uploads\/2016\/11\/2-2-Listrup-SVA.jpg 900w, https:\/\/www.sv-listrup.de\/wp-content\/uploads\/2016\/11\/2-2-Listrup-SVA-300x200.jpg 300w, https:\/\/www.sv-listrup.de\/wp-content\/uploads\/2016\/11\/2-2-Listrup-SVA-768x512.jpg 768w\" sizes=\"auto, (max-width: 900px) 100vw, 900px\" \/><\/a>\u00a02:2 Ausgleich durch Alex Niemeyer<\/span><\/p>\n<p><span style=\"color: #000000; font-family: Calibri;\"><a href=\"https:\/\/www.sv-listrup.de\/wp-content\/uploads\/2016\/11\/3-2-Listrup-SVA-1.jpg\"><img loading=\"lazy\" decoding=\"async\" class=\"alignnone size-large wp-image-2470\" src=\"https:\/\/www.sv-listrup.de\/wp-content\/uploads\/2016\/11\/3-2-Listrup-SVA-1.jpg\" alt=\"3-2-listrup-sva\" width=\"900\" height=\"600\" srcset=\"https:\/\/www.sv-listrup.de\/wp-content\/uploads\/2016\/11\/3-2-Listrup-SVA-1.jpg 900w, https:\/\/www.sv-listrup.de\/wp-content\/uploads\/2016\/11\/3-2-Listrup-SVA-1-300x200.jpg 300w, https:\/\/www.sv-listrup.de\/wp-content\/uploads\/2016\/11\/3-2-Listrup-SVA-1-768x512.jpg 768w\" sizes=\"auto, (max-width: 900px) 100vw, 900px\" \/><\/a>\u00a03:2 F\u00fchrung durch Kopfballtor Jonas Berger<\/span><\/p>\n<p><span style=\"color: #000000; font-family: Calibri;\"><a href=\"https:\/\/www.sv-listrup.de\/wp-content\/uploads\/2016\/11\/4-2-Listrup-SVA..jpg\"><img loading=\"lazy\" decoding=\"async\" class=\"alignnone size-large wp-image-2471\" src=\"https:\/\/www.sv-listrup.de\/wp-content\/uploads\/2016\/11\/4-2-Listrup-SVA..jpg\" alt=\"4-2-listrup-sva\" width=\"900\" height=\"596\" srcset=\"https:\/\/www.sv-listrup.de\/wp-content\/uploads\/2016\/11\/4-2-Listrup-SVA..jpg 900w, https:\/\/www.sv-listrup.de\/wp-content\/uploads\/2016\/11\/4-2-Listrup-SVA.-300x199.jpg 300w, https:\/\/www.sv-listrup.de\/wp-content\/uploads\/2016\/11\/4-2-Listrup-SVA.-768x509.jpg 768w\" sizes=\"auto, (max-width: 900px) 100vw, 900px\" \/><\/a>\u00a0<\/span>4:2 durch Michi Tewes<\/p>\n<p><span style=\"color: #000000; font-family: Calibri;\"><a href=\"https:\/\/www.sv-listrup.de\/wp-content\/uploads\/2016\/11\/6-2-Listrup-SVA.jpg\"><img loading=\"lazy\" decoding=\"async\" class=\"alignnone size-large wp-image-2472\" src=\"https:\/\/www.sv-listrup.de\/wp-content\/uploads\/2016\/11\/6-2-Listrup-SVA.jpg\" alt=\"6-2-listrup-sva\" width=\"900\" height=\"600\" srcset=\"https:\/\/www.sv-listrup.de\/wp-content\/uploads\/2016\/11\/6-2-Listrup-SVA.jpg 900w, https:\/\/www.sv-listrup.de\/wp-content\/uploads\/2016\/11\/6-2-Listrup-SVA-300x200.jpg 300w, https:\/\/www.sv-listrup.de\/wp-content\/uploads\/2016\/11\/6-2-Listrup-SVA-768x512.jpg 768w\" sizes=\"auto, (max-width: 900px) 100vw, 900px\" \/><\/a> <\/span><\/p>\n<p>6:2 durch Chrissi Schwis<\/p>\n<p><span style=\"color: #000000; font-family: Calibri;\"><a href=\"https:\/\/www.sv-listrup.de\/wp-content\/uploads\/2016\/11\/Derbysieger.png\">\u00a0<\/a><\/span><\/p>\n<p>&nbsp;<\/p>\n<p>&nbsp;<\/p>\n<p><span style=\"color: #000000; font-family: Calibri;\">\u00a0<\/span><\/p>\n<p>&nbsp;<\/p>\n","protected":false},"excerpt":{"rendered":"<p>Der Spielbericht &amp; einige Bilder zum Derbysieg Treffsichere Offensive, hitziges (aber faires) Derby, begeisterte Zuschauer, v\u00f6llig verr\u00fcckte Tore und ein Gegner der unserer Ersten bis zur 65. Minute alles abverlangte. Dieses Derby kann man mit vielen \u00dcberschriften betiteln\u2026 Zu so einem Spiel kann man viel schreiben, letztendlich k\u00f6nnen aber die am Gl\u00fccklichsten sein, die live dabei waren. Und das waren Einige! Coach Bernhard Lammers musste mit Bernd H\u00fcsing, Henni &amp; Sepp H\u00fclsing, Stephan Schwis, Bernd B\u00fcnker, Jake &amp; Devon Lohm\u00f6ller auf gleich 7(!) Leute aus dem Kader der Ersten verzichten. Gl\u00fccklicherweise haben wir seit einigen Jahren eine starke Zweite, die die Erste in der Startelf im Derby in Person von Dennis Wittmoser, Hendrik B\u00fcltel und Michi Tewes unterst\u00fctzen k\u00f6nnen. Genau 11 Mann hatte Lammers dann zusammen, kurzfristige Ausf\u00e4lle waren also verboten! Doch davon wollte man sich nicht unterbuttern lassen, denn als Tabellenf\u00fchrer mit Emsb\u00fcren im R\u00fccken (die ihren Doppelspieltag mit 6 Punkten abschlossen) war ein Sieg gegen die Alemania mehr oder weniger Pflicht. Doch es dauerte lange bis das Derby richtig auftaute. In den ersten 30 Minuten hatte unser SVL [&hellip;]<\/p>\n","protected":false},"author":7,"featured_media":2466,"comment_status":"open","ping_status":"open","sticky":false,"template":"","format":"standard","meta":{"footnotes":""},"categories":[11,10],"tags":[],"class_list":["post-2465","post","type-post","status-publish","format-standard","has-post-thumbnail","hentry","category-seniorenfussball-1-senioren","category-seniorenfussbal-2-senioren"],"_links":{"self":[{"href":"https:\/\/www.sv-listrup.de\/index.php?rest_route=\/wp\/v2\/posts\/2465","targetHints":{"allow":["GET"]}}],"collection":[{"href":"https:\/\/www.sv-listrup.de\/index.php?rest_route=\/wp\/v2\/posts"}],"about":[{"href":"https:\/\/www.sv-listrup.de\/index.php?rest_route=\/wp\/v2\/types\/post"}],"author":[{"embeddable":true,"href":"https:\/\/www.sv-listrup.de\/index.php?rest_route=\/wp\/v2\/users\/7"}],"replies":[{"embeddable":true,"href":"https:\/\/www.sv-listrup.de\/index.php?rest_route=%2Fwp%2Fv2%2Fcomments&post=2465"}],"version-history":[{"count":1,"href":"https:\/\/www.sv-listrup.de\/index.php?rest_route=\/wp\/v2\/posts\/2465\/revisions"}],"predecessor-version":[{"id":2474,"href":"https:\/\/www.sv-listrup.de\/index.php?rest_route=\/wp\/v2\/posts\/2465\/revisions\/2474"}],"wp:featuredmedia":[{"embeddable":true,"href":"https:\/\/www.sv-listrup.de\/index.php?rest_route=\/wp\/v2\/media\/2466"}],"wp:attachment":[{"href":"https:\/\/www.sv-listrup.de\/index.php?rest_route=%2Fwp%2Fv2%2Fmedia&parent=2465"}],"wp:term":[{"taxonomy":"category","embeddable":true,"href":"https:\/\/www.sv-listrup.de\/index.php?rest_route=%2Fwp%2Fv2%2Fcategories&post=2465"},{"taxonomy":"post_tag","embeddable":true,"href":"https:\/\/www.sv-listrup.de\/index.php?rest_route=%2Fwp%2Fv2%2Ftags&post=2465"}],"curies":[{"name":"wp","href":"https:\/\/api.w.org\/{rel}","templated":true}]}}