{"id":2503,"date":"2016-11-14T16:48:56","date_gmt":"2016-11-14T16:48:56","guid":{"rendered":"http:\/\/sv-listrup.de\/?p=2503"},"modified":"2016-11-14T16:48:56","modified_gmt":"2016-11-14T16:48:56","slug":"jsg-super-spiel-der-a1","status":"publish","type":"post","link":"https:\/\/www.sv-listrup.de\/?p=2503","title":{"rendered":"JSG: Super-Spiel der A1!"},"content":{"rendered":"<p><strong>In guter bis sehr guter Form befinden sich kurz vor der Winterpause unsere A1, B1 und C1 der JSG Emsb\u00fcren\/Leschede\/Listrup! Es gab jeweils sehr \u00fcberzeugende Spiele gegen starke Gegner in dieser Woche. Insbesondere unsere A1 zeigte eines ihrer bisher besten Saisonspiele!<\/strong><\/p>\n<p><strong>\u00a0<\/strong><\/p>\n<p><strong>A-Jugend:<\/p>\n<p> <\/strong><\/p>\n<p>Zum ersten Mal war unsere A1 am Mittwochabend in einem Meisterschaftsspiel auf dem trotz des widrigen Wetters gut zu bespielenden neuen Kunstrasenplatz im Concordia-Park aktiv und zeigte hier eine tolle Leistung! Gegner war im ersten R\u00fcckrundenspiel der Tabellendritte JSG Uelsen\/Wielen, gegen die man im Hinspiel noch ungl\u00fccklich 3:1 verloren hatte.<\/p>\n<p>&nbsp;<\/p>\n<p>Das neue Selbstbewusstsein unserer A1 war f\u00f6rmlich mit den H\u00e4nden zu greifen. Die starken Niedergrafschafter fanden im gesamten Spiel kein Mittel, um die starke Defensive unseres Teams, die sich immer wieder sehr geschickt ballorientiert verschob, zu durchbrechen.<\/p>\n<p>&nbsp;<\/p>\n<p>Wesentlich gef\u00e4hrlicher war hingegen unsere Offensive: Bereits in der vierten Spielminute sorgte der stark aufspielende Jannik Hinerasky mit einem sehr sch\u00f6nen Treffer f\u00fcr die 1:0-F\u00fchrung unserer U19. Dieses war auch der Halbzeitstand.<\/p>\n<p>&nbsp;<\/p>\n<p>Auch in der zweiten Halbzeit entwickelte sich ein sehr gutes Bezirksliga-Spiel mit einer weiterhin von ihren Trainern R\u00fcdiger Gr\u00fcner und Wolly Jager hervorragend eingestellten JSG-A1. Nach einem sehr sch\u00f6nen Spielzug \u00fcber Peter Berning setzte sich in der 75. Minute Jannik Hinerasky auf der rechten Seite gegen seinen Gegenspieler durch und passte von der Grundlinie zur\u00fcck auf den mitgelaufenen Oliver Niehof, der nur noch den Fuss hinhalten musste: 2:0!<\/p>\n<p>&nbsp;<\/p>\n<p>Das spielentscheidende 3:0 fiel dann nur sechs Minuten sp\u00e4ter. Oliver Niehof konnte mit seinem siebten Saisontreffer den herausst\u00fcrzenden G\u00e4stekeeper sehenswert \u00fcberlupfen, der Ball trudelte anschlie\u00dfend \u00fcber die Torlinie.<\/p>\n<p>&nbsp;<\/p>\n<p>Eine hervorragende geschlossene Mannschaftsleistung unserer A1, die sich im Laufe der Saison bislang immer weiter steigern konnte! Sehr sch\u00f6n war f\u00fcr die Zuschauer auch zu sehen, welch guter Teamgeist in der Mannschaft steckt!<\/p>\n<p><a href=\"https:\/\/www.sv-listrup.de\/wp-content\/uploads\/2016\/11\/Bild-2.jpg\"><img loading=\"lazy\" decoding=\"async\" class=\"alignnone size-large wp-image-2504\" src=\"https:\/\/www.sv-listrup.de\/wp-content\/uploads\/2016\/11\/Bild-2-1024x473.jpg\" alt=\"bild-2\" width=\"1024\" height=\"473\" srcset=\"https:\/\/www.sv-listrup.de\/wp-content\/uploads\/2016\/11\/Bild-2-1024x473.jpg 1024w, https:\/\/www.sv-listrup.de\/wp-content\/uploads\/2016\/11\/Bild-2-300x138.jpg 300w, https:\/\/www.sv-listrup.de\/wp-content\/uploads\/2016\/11\/Bild-2-768x355.jpg 768w\" sizes=\"auto, (max-width: 1024px) 100vw, 1024px\" \/><\/a><\/p>\n<p>&nbsp;<\/p>\n<p>&nbsp;<\/p>\n<p>In den n\u00e4chsten Wochen hat unsere A1 noch drei sehr interessante Spiele zu bestreiten: <strong>Am n\u00e4chsten Samstag, dem 19.11.2016 steht um 16.00 Uhr zun\u00e4chst das Derby beim SV Alemannia Salzbergen an<\/strong>. Es folgen danach noch Heimspiele gegen den Tabellenf\u00fchrer Sparta Werlte und den VfL Herzlake. Alle Fussballfans aus der Gemeinde Emsb\u00fcren sind herzlich eingeladen unser Team zun\u00e4chst am Samstag am Salzbergener Bahndamm zu unterst\u00fctzen!<\/p>\n<p>Die Ergebnisse der A-Jugendmannschaften:<\/p>\n<table width=\"552\">\n<tbody>\n<tr>\n<td width=\"114\">\n<p>\u00a0Bezirksliga:<\/p>\n<\/td>\n<td width=\"187\">\n<p>\u00a0JSG A1<\/p>\n<\/td>\n<td width=\"159\">\n<p>\u00a0JSG Uelsen\/Wielen<\/p>\n<\/td>\n<td width=\"82\">\n<p>\u00a03:0<\/p>\n<\/td>\n<\/tr>\n<tr>\n<td width=\"114\">\n<p>\u00a01. Kreisklasse:<\/p>\n<\/td>\n<td width=\"187\">\n<p>\u00a0JSG Geeste\/Osterbrock<\/p>\n<\/td>\n<td width=\"159\">\n<p>\u00a0JSG A2<\/p>\n<\/td>\n<td width=\"82\">\n<p>\u00a02:5<\/p>\n<\/td>\n<\/tr>\n<tr>\n<td width=\"114\">\n<p>\u00a02. Kreisklasse:<\/p>\n<\/td>\n<td width=\"187\">\n<p>\u00a0JSG A4<\/p>\n<\/td>\n<td width=\"159\">\n<p>&nbsp;<\/p>\n<\/td>\n<td width=\"82\">\n<p>\u00a0Spielfrei<\/p>\n<\/td>\n<\/tr>\n<\/tbody>\n<\/table>\n<p><strong>\u00a0<\/strong><\/p>\n<p><strong>B-Jugend:<\/strong><\/p>\n<p>Ein sehr intensives Spitzenspiel in der B-Jugend-Kreisliga erlebten die zahlreichen Zuschauer auf dem Sportplatz in Emmeln, wo unsere B1 beim Spitzenreiter, der JSG Haren\/Emmeln, zu Gast war.<\/p>\n<p>Unser Team wollte auf keinen Fall verlieren, um die Gastgeber, welche sechs Punkte Vorsprung vor unserer drittplatzierten U17 hatten, nicht davonziehen zu lassen.<\/p>\n<p>Die ersatzgeschw\u00e4chte Mannschaft von Trainer Dieter Weeme hatte einen Einstand nach Ma\u00df: C-Jugend-Spieler Nico Seltier besorgte nach einem Eckball bereits in der zweiten Minute die 1:0-F\u00fchrung f\u00fcr unsere B1. Es entwickelte sich danach ein ausgeglichenes Spiel auf Augenh\u00f6he. In der 20. Spielminute verschossen die Gastgeber einen Elfmeter an die Latte.<\/p>\n<p>In der 24. Minute war es dann Julian Weeme, der sein Team nun sogar mit 2:0 in F\u00fchrung bringen konnte. Zum psychologisch sehr ung\u00fcnstigem Zeitpunkt fiel in der Schlussminute der ersten Halbzeit der 1:2-Anschlusstreffer f\u00fcr die Harener.<\/p>\n<p>Bei Temperaturen um den Gefrierpunkt ging es dann in der zweiten Halbzei auf dem Platz sehr hei\u00df weiter: Die Harener legten los wie die Feuerwehr und setzten unsere U17 sehr unter Druck. Der 2:2-Ausgleich nach einem Eckball war daher verdient.<\/p>\n<p>Unserer B1 gelang es danach immer mehr sich aus der Umklammerung zu l\u00f6sen und die Kontrolle \u00fcber das Spiel wieder zu gewinnen. Je l\u00e4nger es dauerte, desto spielbestimmender wurde unser Team. So gab es gegen Ende der Begegnung noch mehrere gute Torgelegenheiten, insbesondere nach Standartsituationen, die durchaus die erste Saisonniederlage f\u00fcr die JSG Haren\/Emmeln bedeuten h\u00e4tte k\u00f6nnen.<\/p>\n<p>Auf der anderen Seite vereitelte kurz vor dem Schlusspfiff unser Torh\u00fcter Lennart Menke auch eine Gro\u00dfchance der Gastgeber und bewahrte sein Team damit vor einer sicherlich auch m\u00f6glichen Niederlage.<\/p>\n<p>Insgesamt ein gerechtes Unentschieden in einem von beiden Mannschaften sehr intensiv gef\u00fchrtem Kreisliga-Spitzenspiel.<\/p>\n<p>Unsere B1 geht damit wie auch alle weiteren JSG-Mannschaften auf Kreisebene in die Winterpause bzw. Hallenfussballzeit. Auf Tabellenplatz 3 liegend hat die Mannschaft in der R\u00fcckrunde alle M\u00f6glichkeiten, einen der beiden Aufstiegspl\u00e4tze noch zu erreichen.<\/p>\n<p>Die B-Jugend-Ergebnisse der vergangenen Woche:<\/p>\n<table width=\"571\">\n<tbody>\n<tr>\n<td width=\"114\">\n<p>\u00a0Kreisliga:<\/p>\n<\/td>\n<td width=\"168\">\n<p>\u00a0JSG Haren\/Emmeln<\/p>\n<\/td>\n<td width=\"206\">\n<p>\u00a0JSG B1<\/p>\n<\/td>\n<td width=\"73\">\n<p>\u00a02:2<\/p>\n<\/td>\n<\/tr>\n<tr>\n<td width=\"114\">\n<p>\u00a01. Kreisklasse:<\/p>\n<\/td>\n<td width=\"168\">\n<p>\u00a0JSG B2<\/p>\n<\/td>\n<td width=\"206\">\n<p>&nbsp;<\/p>\n<\/td>\n<td width=\"73\">\n<p>\u00a0Spielfrei<\/p>\n<\/td>\n<\/tr>\n<tr>\n<td width=\"114\">\n<p>\u00a02. Kreisklasse:<\/p>\n<\/td>\n<td width=\"168\">\n<p>\u00a0JSG B3<\/p>\n<\/td>\n<td width=\"206\">\n<p>\u00a0JSG Geeste\/Osterbrock 2<\/p>\n<\/td>\n<td width=\"73\">\n<p>\u00a05:1<\/p>\n<\/td>\n<\/tr>\n<\/tbody>\n<\/table>\n<p><strong>\u00a0<\/strong><\/p>\n<p><strong>C-Jugend:<\/strong><\/p>\n<p>Letztlich machte auch unsere C1 am vergangenen Dienstag ein richtig gutes Spiel. Die Mannschaft war in Gersten zu Gast bei den C-M\u00e4dchen des SV Meppen, welche bereits seit Jahren bei den Junioren mitspielen. In der letzten Saison gelang der Mannschaft von Trainerin Veronika Kl\u00f6ppel der Aufstieg in der Kreisliga, wo sie als Tabellensechster bislang eine gute Rolle spielen.<\/p>\n<p>Sehr interessant war das Spiel auch f\u00fcr die JSG-Spielerinnen Charlotte Schulte und Vanessa Kotte, die erstmals auf eine reine M\u00e4dchen-Mannschaft trafen. Es waren somit mehr M\u00e4dels als Jungs auf dem Platz.<\/p>\n<p>Auch in Gersten entwickelte sich auf holprigem Gel\u00e4uf eine intensive Begegnung. Nach dem D\u00e4mpfer zuletzt im Ausw\u00e4rtsspiel bei der JSG Altenlingen\/Holthausen war der Mannschaft von Trainer Heiner Feldmann anzumerken, dass sie etwas gutmachen wollten. Verdient war nach einem sch\u00f6nen Schnittstellenpass von Jannes Haking die F\u00fchrung f\u00fcr unsere U15 durch Nico Seltier in der 19. Spielminute. Vier Minuten sp\u00e4ter konnte der quirlige Daniello J\u00e4nsch auf 0:2 erh\u00f6hen, was auch der Halbzeitstand war.<\/p>\n<p>Die Meppener C-M\u00e4dchen, bei denen auch zwei spielstarke Niedersachsen-Auswahl-Spielerinnen mitkickten, machten ebenfalls ein sehr gutes Spiel, so dass man auch in der zweiten Halbzeit von einer Begegnung auf spielerisch hohem Kreisliga-Niveau sprechen kann.<\/p>\n<p>Nico Seltier und der eingewechselte Jan-Luca Fr\u00f6se erh\u00f6hten bis zur 55 Minute zun\u00e4chst auf 0:4, so dass die Partie Mitte der zweiten Halbzeit bereits entschieden war. Dennoch lie\u00dfen die spiel- und kampfstarken M\u00e4dels nicht nach, so dass es auch bis zum Ende der Begegnung immer wieder zu Chancen f\u00fcr den SV Meppen kam.<\/p>\n<p>F\u00fcnf Minuten vor Ende besorgte Nico Seltier mit seinem dritten Treffer das 0:5, bevor Talea M\u00fcller noch den hochverdienten Meppener Ehrentreffer in der letzten Minute erzielte.<\/p>\n<p>Auch wenn der Erfolg am Ende vielleicht etwas zu hoch ausfiel, zeigte sich Trainer Heiner Feldmann mit der sehr guten geschlossenen Mannschaftsleistung seiner U15 zufrieden: Auch unsere C1 kann mit nun mit einem Erfolgserlebnis die Hinrunde der Kreisliga beenden, wo sie als Tabellenzweiter \u00fcberwintert.<\/p>\n<p>In den n\u00e4chsten Wochen tr\u00e4gt unsere U15 noch drei Testspiele auf dem Kunstrasenplatz im Concordia-Park aus und freut sich indes auch schon auf die Hallensaison. Das erste Testspiel findet statt am kommenden Samstag, den 19.11.2016 um 13.00 Uhr gegen den FC Sch\u00fcttorf 09.<\/p>\n<p>Die C-Jugend-Ergebnisse der vergangenen Woche:<\/p>\n<table width=\"580\">\n<tbody>\n<tr>\n<td width=\"118\">\n<p>\u00a0Kreisliga:<\/p>\n<\/td>\n<td width=\"193\">\n<p>\u00a0SV Meppen C-M\u00e4dchen<\/p>\n<\/td>\n<td width=\"187\">\n<p>\u00a0JSG C1<\/p>\n<\/td>\n<td width=\"73\">\n<p>\u00a01:5<\/p>\n<\/td>\n<\/tr>\n<tr>\n<td width=\"118\">\n<p>1. Kreisklasse:<\/p>\n<\/td>\n<td width=\"193\">\n<p>\u00a0JSG C2<\/p>\n<\/td>\n<td width=\"187\">\n<p>&nbsp;<\/p>\n<\/td>\n<td width=\"73\">\n<p>\u00a0Spielfrei<\/p>\n<\/td>\n<\/tr>\n<tr>\n<td width=\"118\">\n<p>\u00a02. Kreisklasse:<\/p>\n<\/td>\n<td width=\"193\">\n<p>\u00a0JSG C3<\/p>\n<\/td>\n<td width=\"187\">\n<p>\u00a0JSG C4<\/p>\n<\/td>\n<td width=\"73\">\n<p>\u00a012:2<\/p>\n<\/td>\n<\/tr>\n<tr>\n<td width=\"118\">\n<p>&nbsp;<\/p>\n<\/td>\n<td width=\"193\">\n<p>\u00a0JSG C5<\/p>\n<\/td>\n<td width=\"187\">\n<p>&nbsp;<\/p>\n<\/td>\n<td width=\"73\">\n<p>\u00a0Spielfrei<\/p>\n<\/td>\n<\/tr>\n<\/tbody>\n<\/table>\n<p>Unsere JSG-Teams freuen sich sehr \u00fcber zahlreiche Unterst\u00fctzung bei ihren Spielen!<\/p>\n<p>Bericht: \u00a0\u00a0\u00a0\u00a0\u00a0\u00a0\u00a0\u00a0Heiner Feldmann<\/p>\n<p>Foto:\u00a0\u00a0\u00a0\u00a0\u00a0\u00a0\u00a0\u00a0\u00a0\u00a0\u00a0\u00a0\u00a0\u00a0 Andr\u00e9 Niemeyer<\/p>\n<p>&nbsp;<\/p>\n<p>&nbsp;<\/p>\n","protected":false},"excerpt":{"rendered":"<p>In guter bis sehr guter Form befinden sich kurz vor der Winterpause unsere A1, B1 und C1 der JSG Emsb\u00fcren\/Leschede\/Listrup! Es gab jeweils sehr \u00fcberzeugende Spiele gegen starke Gegner in dieser Woche. Insbesondere unsere A1 zeigte eines ihrer bisher besten Saisonspiele! \u00a0 A-Jugend: Zum ersten Mal war unsere A1 am Mittwochabend in einem Meisterschaftsspiel auf dem trotz des widrigen Wetters gut zu bespielenden neuen Kunstrasenplatz im Concordia-Park aktiv und zeigte hier eine tolle Leistung! Gegner war im ersten R\u00fcckrundenspiel der Tabellendritte JSG Uelsen\/Wielen, gegen die man im Hinspiel noch ungl\u00fccklich 3:1 verloren hatte. &nbsp; Das neue Selbstbewusstsein unserer A1 war f\u00f6rmlich mit den H\u00e4nden zu greifen. Die starken Niedergrafschafter fanden im gesamten Spiel kein Mittel, um die starke Defensive unseres Teams, die sich immer wieder sehr geschickt ballorientiert verschob, zu durchbrechen. &nbsp; Wesentlich gef\u00e4hrlicher war hingegen unsere Offensive: Bereits in der vierten Spielminute sorgte der stark aufspielende Jannik Hinerasky mit einem sehr sch\u00f6nen Treffer f\u00fcr die 1:0-F\u00fchrung unserer U19. Dieses war auch der Halbzeitstand. &nbsp; Auch in der zweiten Halbzeit entwickelte sich ein sehr gutes Bezirksliga-Spiel mit einer weiterhin von [&hellip;]<\/p>\n","protected":false},"author":3,"featured_media":2504,"comment_status":"open","ping_status":"open","sticky":false,"template":"","format":"standard","meta":{"footnotes":""},"categories":[42],"tags":[],"class_list":["post-2503","post","type-post","status-publish","format-standard","has-post-thumbnail","hentry","category-jsg"],"_links":{"self":[{"href":"https:\/\/www.sv-listrup.de\/index.php?rest_route=\/wp\/v2\/posts\/2503","targetHints":{"allow":["GET"]}}],"collection":[{"href":"https:\/\/www.sv-listrup.de\/index.php?rest_route=\/wp\/v2\/posts"}],"about":[{"href":"https:\/\/www.sv-listrup.de\/index.php?rest_route=\/wp\/v2\/types\/post"}],"author":[{"embeddable":true,"href":"https:\/\/www.sv-listrup.de\/index.php?rest_route=\/wp\/v2\/users\/3"}],"replies":[{"embeddable":true,"href":"https:\/\/www.sv-listrup.de\/index.php?rest_route=%2Fwp%2Fv2%2Fcomments&post=2503"}],"version-history":[{"count":1,"href":"https:\/\/www.sv-listrup.de\/index.php?rest_route=\/wp\/v2\/posts\/2503\/revisions"}],"predecessor-version":[{"id":2505,"href":"https:\/\/www.sv-listrup.de\/index.php?rest_route=\/wp\/v2\/posts\/2503\/revisions\/2505"}],"wp:featuredmedia":[{"embeddable":true,"href":"https:\/\/www.sv-listrup.de\/index.php?rest_route=\/wp\/v2\/media\/2504"}],"wp:attachment":[{"href":"https:\/\/www.sv-listrup.de\/index.php?rest_route=%2Fwp%2Fv2%2Fmedia&parent=2503"}],"wp:term":[{"taxonomy":"category","embeddable":true,"href":"https:\/\/www.sv-listrup.de\/index.php?rest_route=%2Fwp%2Fv2%2Fcategories&post=2503"},{"taxonomy":"post_tag","embeddable":true,"href":"https:\/\/www.sv-listrup.de\/index.php?rest_route=%2Fwp%2Fv2%2Ftags&post=2503"}],"curies":[{"name":"wp","href":"https:\/\/api.w.org\/{rel}","templated":true}]}}