{"id":2618,"date":"2017-01-24T21:32:27","date_gmt":"2017-01-24T21:32:27","guid":{"rendered":"http:\/\/sv-listrup.de\/?p=2618"},"modified":"2017-01-24T21:34:24","modified_gmt":"2017-01-24T21:34:24","slug":"fast-alle-trainer-und-betreuer-machen-weiter","status":"publish","type":"post","link":"https:\/\/www.sv-listrup.de\/?p=2618","title":{"rendered":"Fast alle Trainer und Betreuer machen weiter!"},"content":{"rendered":"<p>Nach der Vertragsverl\u00e4ngerung von Bernhard Lammers nun weitere gute Nachrichten f\u00fcr unsere erwachsenen Fu\u00dfballer: Fast alle weiteren Trainer\u00a0 bzw. Betreuer im Frauen- und Herrenfu\u00dfball machen ihren Job in der kommenden Saison weiter und\u00a0gew\u00e4hrleisten damit\u00a0eine Fortsetzung der positiven Entwicklung in der Fu\u00dfballabteilung. Matthias R\u00f6ttering (Erste Damen), Hendrik B\u00fcltel (Zweite Damen), Gerrit Hindricks\u00a0(Co-Trainer Erste),\u00a0Andreas Lohm\u00f6ller und Christoph R\u00f6ttering (Zweite)\u00a0sowie Andreas L\u00f6cken (Dritte) sind auch in der kommenden Saison dabei. An die Seite von Andreas L\u00f6cken r\u00fcckt ab der n\u00e4chsten Saison allerdings Michael Wilde, der den ausscheidenden Daniel Siepker ersetzt.\u00a0 Bei der Ersten h\u00f6rt Markus van der Zee leider aus beruflichen Gr\u00fcnden als Torwarttrainer auf. Ob Lars Hengem\u00fchl als Betreuer der Ersten weitermachen m\u00f6chte, steht noch nicht fest.<\/p>\n<p>Das Beitragsbild zeigt das Trainer- und Betreuerteam in der Winterpause der vergangenen Saison zusammen mit Fu\u00dfballobmann &#8222;BB&#8220;.<\/p>\n","protected":false},"excerpt":{"rendered":"<p>Nach der Vertragsverl\u00e4ngerung von Bernhard Lammers nun weitere gute Nachrichten f\u00fcr unsere erwachsenen Fu\u00dfballer: Fast alle weiteren Trainer\u00a0 bzw. Betreuer im Frauen- und Herrenfu\u00dfball machen ihren Job in der kommenden Saison weiter und\u00a0gew\u00e4hrleisten damit\u00a0eine Fortsetzung der positiven Entwicklung in der Fu\u00dfballabteilung. Matthias R\u00f6ttering (Erste Damen), Hendrik B\u00fcltel (Zweite Damen), Gerrit Hindricks\u00a0(Co-Trainer Erste),\u00a0Andreas Lohm\u00f6ller und Christoph R\u00f6ttering (Zweite)\u00a0sowie Andreas L\u00f6cken (Dritte) sind auch in der kommenden Saison dabei. An die Seite von Andreas L\u00f6cken r\u00fcckt ab der n\u00e4chsten Saison allerdings Michael Wilde, der den ausscheidenden Daniel Siepker ersetzt.\u00a0 Bei der Ersten h\u00f6rt Markus van der Zee leider aus beruflichen Gr\u00fcnden als Torwarttrainer auf. Ob Lars Hengem\u00fchl als Betreuer der Ersten weitermachen m\u00f6chte, steht noch nicht fest. Das Beitragsbild zeigt das Trainer- und Betreuerteam in der Winterpause der vergangenen Saison zusammen mit Fu\u00dfballobmann &#8222;BB&#8220;.<\/p>\n","protected":false},"author":4,"featured_media":1468,"comment_status":"open","ping_status":"open","sticky":false,"template":"","format":"standard","meta":{"footnotes":""},"categories":[7,11,29,10,9],"tags":[],"class_list":["post-2618","post","type-post","status-publish","format-standard","has-post-thumbnail","hentry","category-seniorenfussball-1-damen","category-seniorenfussball-1-senioren","category-seniorenfussball-2-damen","category-seniorenfussbal-2-senioren","category-seniorenfussball-3-senioren"],"_links":{"self":[{"href":"https:\/\/www.sv-listrup.de\/index.php?rest_route=\/wp\/v2\/posts\/2618","targetHints":{"allow":["GET"]}}],"collection":[{"href":"https:\/\/www.sv-listrup.de\/index.php?rest_route=\/wp\/v2\/posts"}],"about":[{"href":"https:\/\/www.sv-listrup.de\/index.php?rest_route=\/wp\/v2\/types\/post"}],"author":[{"embeddable":true,"href":"https:\/\/www.sv-listrup.de\/index.php?rest_route=\/wp\/v2\/users\/4"}],"replies":[{"embeddable":true,"href":"https:\/\/www.sv-listrup.de\/index.php?rest_route=%2Fwp%2Fv2%2Fcomments&post=2618"}],"version-history":[{"count":3,"href":"https:\/\/www.sv-listrup.de\/index.php?rest_route=\/wp\/v2\/posts\/2618\/revisions"}],"predecessor-version":[{"id":2621,"href":"https:\/\/www.sv-listrup.de\/index.php?rest_route=\/wp\/v2\/posts\/2618\/revisions\/2621"}],"wp:featuredmedia":[{"embeddable":true,"href":"https:\/\/www.sv-listrup.de\/index.php?rest_route=\/wp\/v2\/media\/1468"}],"wp:attachment":[{"href":"https:\/\/www.sv-listrup.de\/index.php?rest_route=%2Fwp%2Fv2%2Fmedia&parent=2618"}],"wp:term":[{"taxonomy":"category","embeddable":true,"href":"https:\/\/www.sv-listrup.de\/index.php?rest_route=%2Fwp%2Fv2%2Fcategories&post=2618"},{"taxonomy":"post_tag","embeddable":true,"href":"https:\/\/www.sv-listrup.de\/index.php?rest_route=%2Fwp%2Fv2%2Ftags&post=2618"}],"curies":[{"name":"wp","href":"https:\/\/api.w.org\/{rel}","templated":true}]}}