{"id":2720,"date":"2017-03-12T05:52:22","date_gmt":"2017-03-12T05:52:22","guid":{"rendered":"http:\/\/sv-listrup.de\/?p=2720"},"modified":"2017-03-12T05:52:22","modified_gmt":"2017-03-12T05:52:22","slug":"heute-sv-listrup-ii-vs-beesten-i-14-uhr","status":"publish","type":"post","link":"https:\/\/www.sv-listrup.de\/?p=2720","title":{"rendered":"Heute SV Listrup II vs. Beesten I 14 Uhr!"},"content":{"rendered":"<p>SV Listrup II vs. Fortuna Beesten I heute um 14 Uhr!<\/p>\n<p>Endlich wird auch bei unseren Herren im Verein wieder Fu\u00dfball gespielt \u26bd?. Nach dem Spielausfall unserer Ersten, hat unsere Zweite somit das 1. Spiel nach der Winterpause zu bestreiten. Gut f\u00fcr Coach Lohmi, denn mit dem frisch verm\u00e4hltem Sepp H\u00fclsig und Flitzer Stephan Schwis stehen zwei freigespielte Stammkr\u00e4fte der Ersten zur Verf\u00fcgung. ?<\/p>\n<p>Verst\u00e4rkung kann sicherlich nicht schaden, denn die G\u00e4ste aus Beesten mit unserem ehemaligem Spieler Dennis F\u00fchner stehen in der Tabelle weitaus besser da als unsere Elf und wollen weiter Abstand zu den Abstiegsr\u00e4ngen gut machen. F\u00fcr unsere Elf sind drei Punkte zum Start extrem wichtig, denn die Luft in der 2. Kreisklasse wird sonst immer d\u00fcnner. Da die Zukunft des geliebtem TUS noch immer in den Sternen steht, muss wohl erstmal weiter von zwei Absteigern ausgegangen werden. Die Truppe braucht heute also jede m\u00f6gliche Unterst\u00fctzung: Ich hoffe man sieht sich um 14 Uhr auf unserem Sportplatz ??<\/p>\n<p>#NurderSVL<br \/>#Heimspiel<br \/>#ZielNichtabstieg<br \/>#Betonanr\u00fchren<br \/>#F\u00fchnizeigendassogarunsereZweitest\u00e4rkerist<br \/>#R\u00fcckrundenstart<\/p>\n<p>&nbsp;<\/p>\n<p><a href=\"https:\/\/www.sv-listrup.de\/wp-content\/uploads\/2017\/03\/IMG_20170312_063643.png\"><img loading=\"lazy\" decoding=\"async\" class=\"alignnone size-large wp-image-2721\" src=\"https:\/\/www.sv-listrup.de\/wp-content\/uploads\/2017\/03\/IMG_20170312_063643-707x1024.png\" alt=\"IMG_20170312_063643\" width=\"707\" height=\"1024\" srcset=\"https:\/\/www.sv-listrup.de\/wp-content\/uploads\/2017\/03\/IMG_20170312_063643-707x1024.png 707w, https:\/\/www.sv-listrup.de\/wp-content\/uploads\/2017\/03\/IMG_20170312_063643-207x300.png 207w, https:\/\/www.sv-listrup.de\/wp-content\/uploads\/2017\/03\/IMG_20170312_063643-768x1113.png 768w, https:\/\/www.sv-listrup.de\/wp-content\/uploads\/2017\/03\/IMG_20170312_063643.png 1080w\" sizes=\"auto, (max-width: 707px) 100vw, 707px\" \/><\/a><\/p>\n","protected":false},"excerpt":{"rendered":"<p>SV Listrup II vs. Fortuna Beesten I heute um 14 Uhr! Endlich wird auch bei unseren Herren im Verein wieder Fu\u00dfball gespielt \u26bd?. Nach dem Spielausfall unserer Ersten, hat unsere Zweite somit das 1. Spiel nach der Winterpause zu bestreiten. Gut f\u00fcr Coach Lohmi, denn mit dem frisch verm\u00e4hltem Sepp H\u00fclsig und Flitzer Stephan Schwis stehen zwei freigespielte Stammkr\u00e4fte der Ersten zur Verf\u00fcgung. ? Verst\u00e4rkung kann sicherlich nicht schaden, denn die G\u00e4ste aus Beesten mit unserem ehemaligem Spieler Dennis F\u00fchner stehen in der Tabelle weitaus besser da als unsere Elf und wollen weiter Abstand zu den Abstiegsr\u00e4ngen gut machen. F\u00fcr unsere Elf sind drei Punkte zum Start extrem wichtig, denn die Luft in der 2. Kreisklasse wird sonst immer d\u00fcnner. Da die Zukunft des geliebtem TUS noch immer in den Sternen steht, muss wohl erstmal weiter von zwei Absteigern ausgegangen werden. Die Truppe braucht heute also jede m\u00f6gliche Unterst\u00fctzung: Ich hoffe man sieht sich um 14 Uhr auf unserem Sportplatz ?? #NurderSVL#Heimspiel#ZielNichtabstieg#Betonanr\u00fchren#F\u00fchnizeigendassogarunsereZweitest\u00e4rkerist#R\u00fcckrundenstart &nbsp;<\/p>\n","protected":false},"author":7,"featured_media":2277,"comment_status":"open","ping_status":"open","sticky":false,"template":"","format":"standard","meta":{"footnotes":""},"categories":[1],"tags":[],"class_list":["post-2720","post","type-post","status-publish","format-standard","has-post-thumbnail","hentry","category-allgemein"],"_links":{"self":[{"href":"https:\/\/www.sv-listrup.de\/index.php?rest_route=\/wp\/v2\/posts\/2720","targetHints":{"allow":["GET"]}}],"collection":[{"href":"https:\/\/www.sv-listrup.de\/index.php?rest_route=\/wp\/v2\/posts"}],"about":[{"href":"https:\/\/www.sv-listrup.de\/index.php?rest_route=\/wp\/v2\/types\/post"}],"author":[{"embeddable":true,"href":"https:\/\/www.sv-listrup.de\/index.php?rest_route=\/wp\/v2\/users\/7"}],"replies":[{"embeddable":true,"href":"https:\/\/www.sv-listrup.de\/index.php?rest_route=%2Fwp%2Fv2%2Fcomments&post=2720"}],"version-history":[{"count":1,"href":"https:\/\/www.sv-listrup.de\/index.php?rest_route=\/wp\/v2\/posts\/2720\/revisions"}],"predecessor-version":[{"id":2722,"href":"https:\/\/www.sv-listrup.de\/index.php?rest_route=\/wp\/v2\/posts\/2720\/revisions\/2722"}],"wp:featuredmedia":[{"embeddable":true,"href":"https:\/\/www.sv-listrup.de\/index.php?rest_route=\/wp\/v2\/media\/2277"}],"wp:attachment":[{"href":"https:\/\/www.sv-listrup.de\/index.php?rest_route=%2Fwp%2Fv2%2Fmedia&parent=2720"}],"wp:term":[{"taxonomy":"category","embeddable":true,"href":"https:\/\/www.sv-listrup.de\/index.php?rest_route=%2Fwp%2Fv2%2Fcategories&post=2720"},{"taxonomy":"post_tag","embeddable":true,"href":"https:\/\/www.sv-listrup.de\/index.php?rest_route=%2Fwp%2Fv2%2Ftags&post=2720"}],"curies":[{"name":"wp","href":"https:\/\/api.w.org\/{rel}","templated":true}]}}