{"id":2776,"date":"2017-03-29T17:14:51","date_gmt":"2017-03-29T17:14:51","guid":{"rendered":"http:\/\/sv-listrup.de\/?p=2776"},"modified":"2017-03-29T17:14:51","modified_gmt":"2017-03-29T17:14:51","slug":"starke-leistung-jsg-a1-siegt-im-spitzenspiel-mit-20","status":"publish","type":"post","link":"https:\/\/www.sv-listrup.de\/?p=2776","title":{"rendered":"Starke Leistung: JSG-A1 siegt im Spitzenspiel mit 2:0!"},"content":{"rendered":"<p>Ein \u00fcberzeugender und nie gef\u00e4hrdeter 2:0-Heimsieg gelang am Samstagnachmittag (25.03.2017) unserer A1 gegen die JSG Neuenhaus\/Veldhausen. W\u00e4hrend unsere B1 am Dienstag, 21.03.12017, gegen die JSG Bawinkel zwei Punkte liegen lie\u00df, gelang ihr dann eine Woche sp\u00e4ter (28.05.) ein wichtiger 2:0 Ausw\u00e4rtserfolg bei der JSG Ber\u00dfen\/Eisten-H\u00fcven. Unserer C1 wurden wegen Nichtantritt des Gegners indes drei Punkte \u201eam gr\u00fcnen Tisch\u201c zugesprochen.<\/p>\n<p><strong>\u00a0<\/strong><\/p>\n<p><strong>A-Jugend:<a href=\"https:\/\/www.sv-listrup.de\/wp-content\/uploads\/2017\/03\/DSC_0466_1.jpg\"><img loading=\"lazy\" decoding=\"async\" class=\"alignnone size-large wp-image-2778\" src=\"https:\/\/www.sv-listrup.de\/wp-content\/uploads\/2017\/03\/DSC_0466_1-1024x678.jpg\" alt=\"DSC_0466_1\" width=\"1024\" height=\"678\" srcset=\"https:\/\/www.sv-listrup.de\/wp-content\/uploads\/2017\/03\/DSC_0466_1-1024x678.jpg 1024w, https:\/\/www.sv-listrup.de\/wp-content\/uploads\/2017\/03\/DSC_0466_1-300x199.jpg 300w, https:\/\/www.sv-listrup.de\/wp-content\/uploads\/2017\/03\/DSC_0466_1-768x509.jpg 768w\" sizes=\"auto, (max-width: 1024px) 100vw, 1024px\" \/><\/a> <a href=\"https:\/\/www.sv-listrup.de\/wp-content\/uploads\/2017\/03\/DSC_0467_1.jpg\"><img loading=\"lazy\" decoding=\"async\" class=\"alignnone size-large wp-image-2779\" src=\"https:\/\/www.sv-listrup.de\/wp-content\/uploads\/2017\/03\/DSC_0467_1-1024x678.jpg\" alt=\"DSC_0467_1\" width=\"1024\" height=\"678\" srcset=\"https:\/\/www.sv-listrup.de\/wp-content\/uploads\/2017\/03\/DSC_0467_1-1024x678.jpg 1024w, https:\/\/www.sv-listrup.de\/wp-content\/uploads\/2017\/03\/DSC_0467_1-300x199.jpg 300w, https:\/\/www.sv-listrup.de\/wp-content\/uploads\/2017\/03\/DSC_0467_1-768x509.jpg 768w\" sizes=\"auto, (max-width: 1024px) 100vw, 1024px\" \/><\/a><\/strong><\/p>\n<p><strong>\u00a0<\/strong><\/p>\n<p>Ein insgesamt gutes bis sehr gutes Spiel machte unsere U19 (Tabellendritter) gegen den Tabellenzweiten der Bezirksliga, die JSG Neuenhaus\/Veldhausen, am Samstag. Sie agierte insbesondere in der zweiten Halbzeit hoch\u00fcberlegen. Hierbei ist zu ber\u00fccksichtigen, dass gleich mehrere Stammspieler, wie Jordi Enking, Fabian Hopmann, Marcel Schulte oder Torh\u00fcter Niklas Agnes, am Samstag verhindert waren. Sie wurden hervorragend ersetzt von unseren U17-Spielern Yannek Midden und Lennart Elfert, die beide in der Vierer-Abwehrkette agierten, sowie Torh\u00fcter Christian Jansen.<\/p>\n<p>&nbsp;<\/p>\n<p>Die G\u00e4ste aus der Niedergrafschaft, die ebenfalls ersatzgeschw\u00e4cht waren, kamen \u00fcber die gesamten 90 Minuten zu vielleicht zwei \u201ehalben\u201c Torchancen. Ansonsten dominierte unsere A1 das Spiel und ging in der 38. Minute durch Jonas Sch\u00fcring verdient in F\u00fchrung.<\/p>\n<p>&nbsp;<\/p>\n<p>Spielerisch legte unsere A1 in der zweiten Halbzeit noch eine Sch\u00fcppe drauf: Es gelangen jetzt teilweise sehr sch\u00f6ne Kombinationen. Die Folge war dabei die 2:0-F\u00fchrung erneut durch Jonas Sch\u00fcring, bei dem der gegnerische Torh\u00fcter allerdings nicht gut aussah.<\/p>\n<p>&nbsp;<\/p>\n<p>Eine starke Leistung der Mannschaft von Trainer R\u00fcdiger Gr\u00fcner und Wolly Jager, bei denen die gesamte Mannschaft um den \u00fcberragenden Kapit\u00e4n Olli Niehof ein Prima-Spiel machte! Damit r\u00fcckte unsere U19 nun bis auf zwei Punkte an die JSG Neuenhaus\/Veldhausen heran. Nun besteht evt. sogar noch die M\u00f6glichkeit, dass unsere A1 mit ins Meisterschaftsrennen der Bezirksliga mit eingreift. Damit h\u00e4tte nach den ersten Saisonspielen, als sich unsere Mannschaft zun\u00e4chst in der Abstiegszone befand, sicherlich keiner gerechnet!<\/p>\n<p>&nbsp;<\/p>\n<p>Im Monat April folgen nun vier Ausw\u00e4rtsspiele f\u00fcr unsere A1 hintereinander. Das erste steigt am kommenden Samstag (01.04.2017), wenn die Mannschaft um 16.00 Uhr beim VfL Herzlake zu Gast ist.<\/p>\n<p><strong>D<\/strong>ie Ergebnisse der A-Jugendmannschaften:<\/p>\n<table width=\"514\">\n<tbody>\n<tr>\n<td width=\"118\">\n<p>\u00a0Bezirksliga:<\/p>\n<\/td>\n<td width=\"118\">\n<p>\u00a0JSG A1<\/p>\n<\/td>\n<td width=\"225\">\n<p>\u00a0JSG Neuenhaus\/Veldh.<\/p>\n<\/td>\n<td width=\"44\">\n<p>\u00a02:0<\/p>\n<\/td>\n<\/tr>\n<tr>\n<td width=\"118\">\n<p>\u00a01. Kreisklasse:<\/p>\n<\/td>\n<td width=\"118\">\n<p>\u00a0JSG A2<\/p>\n<\/td>\n<td width=\"225\">\n<p>\u00a0JSG Messingen\/L\u00fcnne\/Bram.<\/p>\n<\/td>\n<td width=\"44\">\n<p>\u00a06.2<\/p>\n<\/td>\n<\/tr>\n<tr>\n<td width=\"118\">\n<p>\u00a02. Kreisklasse:<\/p>\n<\/td>\n<td width=\"118\">\n<p>\u00a0VfL Herzlake 2<\/p>\n<\/td>\n<td width=\"225\">\n<p>\u00a0JSG A4<\/p>\n<\/td>\n<td width=\"44\">\n<p>\u00a00:2<\/p>\n<\/td>\n<\/tr>\n<\/tbody>\n<\/table>\n<p>&nbsp;<\/p>\n<p><strong>B-Jugend:<\/strong><\/p>\n<p>Sehr schwer tat sich unsere B1 am 21.03. beim Heimspiel gegen die sehr defensiv spielende JSG Bawinkel\/Clusorth mit dem Toreschie\u00dfen: Unsere U17 war zwar das ganze Spiel \u00fcber hoch \u00fcberlegen, konnte diese \u00dcberlegenheit jedoch nicht in Tore umm\u00fcnzen.<\/p>\n<p>Das Spielgeschehen spielte sich fast in den gesamten 80 Minuten in der Bawinkeler H\u00e4lfte ab, die sich erarbeiteten Torchancen wurden jedoch leider s\u00e4mtlich vergeben. Somit stand am Ende ein entt\u00e4uschendes 0:0, so dass wie schon im Hinspiel und im \u00dcbrigen auch im Pokalspiel (welches dann doch noch im Elfmeterschie\u00dfen gewonnen wurde) gegen denselben Gegner es wieder nicht zu einem Sieg reichte.<\/p>\n<p>Besser machte es die Mannschaft von Trainer Dieter Weeme eine Woche sp\u00e4ter am 28.03. beim Tabellennachbarn von der JSG Ber\u00dfen\/Eisten-H\u00fcven: Die Mannschaft trat hier ersatzgeschw\u00e4cht an, so fehlte z. B. Yannek Midden. Dennoch gelang ihr nach Treffern von Julian Weeme per Foulelfmeter direkt nach Wiederanpfiff in der zweiten Halbzeit sowie von Nico Seltier in der 61. Minute ein wichtiger und verdienter 2:0-Erfolg, mit dem unsere U17 als Tabellenvierter sich weiterhin in der Spitzengruppe der Kreisliga-Tabelle befindet mit Tuchf\u00fchlung zu den Aufstiegspl\u00e4tzen.<\/p>\n<p><strong>Bereits am kommenden Samstag, den 01.04.2017, findet das n\u00e4chste Meisterschafts-Heimspiel unserer B1 statt. Um 16.00 Uhr ist dann die JSG JSG TuS\/VfB Lingen auf dem Lescheder Sportgel\u00e4nde zu Gast. <\/strong><\/p>\n<p>Die B-Jugend-Ergebnisse der vergangenen Woche:<\/p>\n<table width=\"580\">\n<tbody>\n<tr>\n<td width=\"114\">\n<p>\u00a0Kreisliga:<\/p>\n<\/td>\n<td width=\"168\">\n<p>\u00a0JSG B1<\/p>\n<\/td>\n<td width=\"191\">\n<p>\u00a0JSG Bawinkel\/Clusorth<\/p>\n<\/td>\n<td width=\"97\">\n<p>\u00a00:0<\/p>\n<\/td>\n<\/tr>\n<tr>\n<td width=\"114\">\n<p>&nbsp;<\/p>\n<\/td>\n<td width=\"168\">\n<p>\u00a0JSG Ber\u00dfen\/E.-H\u00fcven<\/p>\n<\/td>\n<td width=\"191\">\n<p>\u00a0JSG B1<\/p>\n<\/td>\n<td width=\"97\">\n<p>\u00a00:2<\/p>\n<\/td>\n<\/tr>\n<tr>\n<td width=\"114\">\n<p>\u00a01. Kreisklasse:<\/p>\n<\/td>\n<td width=\"168\">\n<p>\u00a0JSG B2<\/p>\n<\/td>\n<td width=\"191\">\n<p>\u00a0JSG Schapen\/Beesten<\/p>\n<\/td>\n<td width=\"97\">\n<p>\u00a04:4<\/p>\n<\/td>\n<\/tr>\n<tr>\n<td width=\"114\">\n<p>\u00a02. Kreisklasse:<\/p>\n<\/td>\n<td width=\"168\">\n<p>\u00a0JSG B3<\/p>\n<\/td>\n<td width=\"191\">\n<p>\u00a0JSG Dalum\/Gr. Hesepe 2<\/p>\n<\/td>\n<td width=\"97\">\n<p>\u00a03:2<\/p>\n<\/td>\n<\/tr>\n<\/tbody>\n<\/table>\n<p>&nbsp;<\/p>\n<p>&nbsp;<\/p>\n<p><strong>C-Jugend:<\/strong><\/p>\n<p>Das Meisterschaftsspiel am Samstag f\u00fcr unsere C1 gegen die JSG Darme\/Schepsdorf wurde leider am Vorabend vom Gegner aufgrund Spielermangels abgesagt.<\/p>\n<p>Die Mannschaft und Trainer Heiner Feldmann h\u00e4tte gerne gespielt, damit sie im Spielrhythmus bleiben kann. So gab es nun jedoch drei Punkte am \u201egr\u00fcnen Tisch\u201c, da das Spiel als \u201eNicht angetreten\u201c durch die JSG Darme\/Schepsdorf gewertet wurde.<\/p>\n<p>Unsere C1 bleibt damit Tabellenf\u00fchrer der Kreisliga mit vier Punkten Vorsprung vor der JSG Twist, die jedoch zwei Spiele weniger absolviert hat.<\/p>\n<p>Ein ganz hervorragendes Spiel machte indes unsere C2: Sie konnte den mit Abstand vorne liegenden Tabellenf\u00fchrer SV Bokeloh am Sonntag auf dem Listruper Sportplatz mit 3:2 in einem hochgradig spannenden Spiel bezwingen. Den entscheidenden Treffer zum 3:2 erzielte dabei zwei Minuten vor dem Abpfiff Jan-Luca Fr\u00f6se, wie auch schon die beiden vorherigen Treffer. Trainer Michael B\u00fcnker zeigte sich sehr zufrieden mit seiner sehr gut spielenden Mannschaft, aus der insbesondere Silas Stein an diesem Tag herausragte.<\/p>\n<p>Unsere C1 hat am kommenden Wochenende spielfrei.<\/p>\n<p>Die C-Jugend-Ergebnisse der vergangenen Woche:<\/p>\n<table width=\"580\">\n<tbody>\n<tr>\n<td width=\"118\">\n<p>\u00a0Kreisliga:<\/p>\n<\/td>\n<td width=\"193\">\n<p>\u00a0JSG C1<\/p>\n<\/td>\n<td width=\"187\">\n<p>\u00a0JSG Darme\/Schepsdorf<\/p>\n<\/td>\n<td width=\"73\">\n<p>\u00a05:0<\/p>\n<\/td>\n<\/tr>\n<tr>\n<td width=\"118\">\n<p>1. Kreisklasse:<\/p>\n<\/td>\n<td width=\"193\">\n<p>\u00a0JSG C2<\/p>\n<\/td>\n<td width=\"187\">\n<p>\u00a0SV Bokeloh<\/p>\n<\/td>\n<td width=\"73\">\n<p>\u00a03:2<\/p>\n<\/td>\n<\/tr>\n<tr>\n<td width=\"118\">\n<p>\u00a02. Kreisklasse:<\/p>\n<\/td>\n<td width=\"193\">\n<p>\u00a0JSG C3<\/p>\n<\/td>\n<td width=\"187\">\n<p>\u00a0Olympia Laxten 3<\/p>\n<\/td>\n<td width=\"73\">\n<p>\u00a08:1<\/p>\n<\/td>\n<\/tr>\n<tr>\n<td width=\"118\">\n<p>&nbsp;<\/p>\n<\/td>\n<td width=\"193\">\n<p>\u00a0JSG C4<\/p>\n<\/td>\n<td width=\"187\">\n<p>\u00a0JSG C5<\/p>\n<\/td>\n<td width=\"73\">\n<p>\u00a02:1<\/p>\n<\/td>\n<\/tr>\n<\/tbody>\n<\/table>\n<p>Unsere JSG-Teams freuen sich sehr \u00fcber Zuschauer-Unterst\u00fctzung!<\/p>\n<p>Bericht:\u00a0\u00a0\u00a0\u00a0Heiner Feldmann<\/p>\n<p>&nbsp;<\/p>\n<p>&nbsp;<\/p>\n","protected":false},"excerpt":{"rendered":"<p>Ein \u00fcberzeugender und nie gef\u00e4hrdeter 2:0-Heimsieg gelang am Samstagnachmittag (25.03.2017) unserer A1 gegen die JSG Neuenhaus\/Veldhausen. W\u00e4hrend unsere B1 am Dienstag, 21.03.12017, gegen die JSG Bawinkel zwei Punkte liegen lie\u00df, gelang ihr dann eine Woche sp\u00e4ter (28.05.) ein wichtiger 2:0 Ausw\u00e4rtserfolg bei der JSG Ber\u00dfen\/Eisten-H\u00fcven. Unserer C1 wurden wegen Nichtantritt des Gegners indes drei Punkte \u201eam gr\u00fcnen Tisch\u201c zugesprochen. \u00a0 A-Jugend: \u00a0 Ein insgesamt gutes bis sehr gutes Spiel machte unsere U19 (Tabellendritter) gegen den Tabellenzweiten der Bezirksliga, die JSG Neuenhaus\/Veldhausen, am Samstag. Sie agierte insbesondere in der zweiten Halbzeit hoch\u00fcberlegen. Hierbei ist zu ber\u00fccksichtigen, dass gleich mehrere Stammspieler, wie Jordi Enking, Fabian Hopmann, Marcel Schulte oder Torh\u00fcter Niklas Agnes, am Samstag verhindert waren. Sie wurden hervorragend ersetzt von unseren U17-Spielern Yannek Midden und Lennart Elfert, die beide in der Vierer-Abwehrkette agierten, sowie Torh\u00fcter Christian Jansen. &nbsp; Die G\u00e4ste aus der Niedergrafschaft, die ebenfalls ersatzgeschw\u00e4cht waren, kamen \u00fcber die gesamten 90 Minuten zu vielleicht zwei \u201ehalben\u201c Torchancen. Ansonsten dominierte unsere A1 das Spiel und ging in der 38. Minute durch Jonas Sch\u00fcring verdient in F\u00fchrung. &nbsp; Spielerisch legte unsere A1 [&hellip;]<\/p>\n","protected":false},"author":3,"featured_media":2777,"comment_status":"open","ping_status":"open","sticky":false,"template":"","format":"standard","meta":{"footnotes":""},"categories":[42],"tags":[],"class_list":["post-2776","post","type-post","status-publish","format-standard","has-post-thumbnail","hentry","category-jsg"],"_links":{"self":[{"href":"https:\/\/www.sv-listrup.de\/index.php?rest_route=\/wp\/v2\/posts\/2776","targetHints":{"allow":["GET"]}}],"collection":[{"href":"https:\/\/www.sv-listrup.de\/index.php?rest_route=\/wp\/v2\/posts"}],"about":[{"href":"https:\/\/www.sv-listrup.de\/index.php?rest_route=\/wp\/v2\/types\/post"}],"author":[{"embeddable":true,"href":"https:\/\/www.sv-listrup.de\/index.php?rest_route=\/wp\/v2\/users\/3"}],"replies":[{"embeddable":true,"href":"https:\/\/www.sv-listrup.de\/index.php?rest_route=%2Fwp%2Fv2%2Fcomments&post=2776"}],"version-history":[{"count":1,"href":"https:\/\/www.sv-listrup.de\/index.php?rest_route=\/wp\/v2\/posts\/2776\/revisions"}],"predecessor-version":[{"id":2780,"href":"https:\/\/www.sv-listrup.de\/index.php?rest_route=\/wp\/v2\/posts\/2776\/revisions\/2780"}],"wp:featuredmedia":[{"embeddable":true,"href":"https:\/\/www.sv-listrup.de\/index.php?rest_route=\/wp\/v2\/media\/2777"}],"wp:attachment":[{"href":"https:\/\/www.sv-listrup.de\/index.php?rest_route=%2Fwp%2Fv2%2Fmedia&parent=2776"}],"wp:term":[{"taxonomy":"category","embeddable":true,"href":"https:\/\/www.sv-listrup.de\/index.php?rest_route=%2Fwp%2Fv2%2Fcategories&post=2776"},{"taxonomy":"post_tag","embeddable":true,"href":"https:\/\/www.sv-listrup.de\/index.php?rest_route=%2Fwp%2Fv2%2Ftags&post=2776"}],"curies":[{"name":"wp","href":"https:\/\/api.w.org\/{rel}","templated":true}]}}