{"id":2901,"date":"2017-05-08T13:35:19","date_gmt":"2017-05-08T13:35:19","guid":{"rendered":"http:\/\/sv-listrup.de\/?p=2901"},"modified":"2017-05-09T19:51:24","modified_gmt":"2017-05-09T19:51:24","slug":"neuigkeiten-zum-kader-der-1-herren-20172018","status":"publish","type":"post","link":"https:\/\/www.sv-listrup.de\/?p=2901","title":{"rendered":"Neuigkeiten zum Kader der 1. Herren 2017\/2018 !"},"content":{"rendered":"<p><span style=\"font-size: 14pt;\">Abermals erfreuliche Nachrichten f\u00fcr unseren SVL zu verk\u00fcnden: <\/span><br \/><span style=\"font-size: 14pt;\">Alle Spieler der 1. Herren bleiben dem Verein \u00fcber den Sommer hinaus erhalten! Zudem steht mit Hendrik Th\u00fcnemann (Clusorth-Bramhar) bereits ein toller Neuzugang fest, der dem Team in der Kreisliga gut tun wird. \ud83d\ude09<\/span><\/p>\n<p><span style=\"font-size: 14pt;\">Soweit f\u00fcr Vereinsinsider nix neues&#8230; Neu zu verk\u00fcnden ist, dass durch die Verl\u00e4ngerung unseres Torwarttrainers Markus van der Zee, auch der Trainerstab in der aktuellen Form erhalten bleibt! Coach Lammers verl\u00e4ngerte bereits im Winter und soll zusammen mit Co-Trainer Gerrit Hindricks das Team in der Kreisliga coachen. Die Verl\u00e4ngerung von Markus war keineswegs zu erwarten, da dieser bereits fr\u00fchzeitig mitteilte, dass er aufgrund beruflicher Verpflichtung keine Zeit mehr habe. Umso erfreulicher, dass er es sich letztendlich doch anders \u00fcberlegte und sein letztes Qu\u00e4ntchen Freizeit freitags unseren Keepern widmet. Diese haben unter Markus bereits in der Vergangenheit eine tolle Entwicklung genommen, weshalb sein Anteil am Aufstieg gar nicht hoch genug einzusch\u00e4tzen ist. Der ganze Verein freut sich \u00fcber das weitere Jahre mit Markus (Funny)!<\/span><\/p>\n<p><span style=\"font-size: 14pt;\">Der einzige Abgang bleibt unser Betreuer Lars Hengem\u00fchl, der (mit einj\u00e4hriger Pause) die 1. Mannschaft bereits seit mehreren Jahren tatkr\u00e4ftig unterst\u00fctzt. Besten Dank an Lars f\u00fcr die jahrelange, ehrenamtliche Maloche! <\/span><\/p>\n<p><span style=\"font-size: 14pt;\">Einen guten \u00dcberblick zum\u00a0aktuellen Kader und den einzelnen Statistiken\u00a0liefert euch fupa.net <a href=\"http:\/\/www.fupa.net\/teams\/sportverein-listrup-1949-327243.html\">hier: (bitte klicken)<\/a><\/span><\/p>\n<p><span style=\"font-size: 14pt;\">Ob noch weitere Neuzug\u00e4nge dazu sto\u00dfen, bleibt abzuwarten&#8230; Obmann BB will neben der vakanten Betreuerstelle noch 1-2 Spieler dazu holen, die den d\u00fcnnen Kader der Ersten f\u00fcr die Kreisliga r\u00fcsten. Hei\u00dft also abwarten und weiter flei\u00dfig unsere\u00a0Seite\u00a0hier verfolgen:-)!<\/span><\/p>\n<p>&nbsp;<\/p>\n<p>&nbsp;<\/p>\n<p><div id=\"attachment_2905\" style=\"width: 3274px\" class=\"wp-caption alignleft\"><a href=\"https:\/\/www.sv-listrup.de\/wp-content\/uploads\/2017\/05\/Betreeuer-Trainer-1.jpg\"><img loading=\"lazy\" decoding=\"async\" aria-describedby=\"caption-attachment-2905\" class=\"wp-image-2905 size-full\" src=\"https:\/\/www.sv-listrup.de\/wp-content\/uploads\/2017\/05\/Betreeuer-Trainer-1.jpg\" alt=\"Betreuer Trainer\" width=\"3264\" height=\"2448\" srcset=\"https:\/\/www.sv-listrup.de\/wp-content\/uploads\/2017\/05\/Betreeuer-Trainer-1.jpg 3264w, https:\/\/www.sv-listrup.de\/wp-content\/uploads\/2017\/05\/Betreeuer-Trainer-1-300x225.jpg 300w, https:\/\/www.sv-listrup.de\/wp-content\/uploads\/2017\/05\/Betreeuer-Trainer-1-768x576.jpg 768w, https:\/\/www.sv-listrup.de\/wp-content\/uploads\/2017\/05\/Betreeuer-Trainer-1-1024x768.jpg 1024w\" sizes=\"auto, (max-width: 3264px) 100vw, 3264px\" \/><\/a><p id=\"caption-attachment-2905\" class=\"wp-caption-text\">Markus van der Zee (3. von links #Pril) gab zun\u00e4chst seinen R\u00fccktritt bekannt, ehe er sich zur Freude aller nun doch erneut bereit erkl\u00e4rte, unsere Torh\u00fcter zu trainieren.<\/p><\/div> <div id=\"attachment_2811\" style=\"width: 706px\" class=\"wp-caption alignnone\"><a href=\"https:\/\/www.sv-listrup.de\/wp-content\/uploads\/2017\/04\/HendrikTh\u00fcnemann.jpg\"><img loading=\"lazy\" decoding=\"async\" aria-describedby=\"caption-attachment-2811\" class=\"wp-image-2811\" src=\"https:\/\/www.sv-listrup.de\/wp-content\/uploads\/2017\/04\/HendrikTh\u00fcnemann-1024x768.jpg\" alt=\"HendrikTh\u00fcnemann\" width=\"696\" height=\"522\" srcset=\"https:\/\/www.sv-listrup.de\/wp-content\/uploads\/2017\/04\/HendrikTh\u00fcnemann-1024x768.jpg 1024w, https:\/\/www.sv-listrup.de\/wp-content\/uploads\/2017\/04\/HendrikTh\u00fcnemann-300x225.jpg 300w, https:\/\/www.sv-listrup.de\/wp-content\/uploads\/2017\/04\/HendrikTh\u00fcnemann-768x576.jpg 768w, https:\/\/www.sv-listrup.de\/wp-content\/uploads\/2017\/04\/HendrikTh\u00fcnemann.jpg 1600w\" sizes=\"auto, (max-width: 696px) 100vw, 696px\" \/><\/a><p id=\"caption-attachment-2811\" class=\"wp-caption-text\">Bereits im Winter konnte Fu\u00dfballobmann BB Hendrik Th\u00fcnemann aus Clusorth-Bramahr f\u00fcr uns gewinnen. Hendrik spielt die R\u00fcckrunde allerdings noch bei seinem Heimatverein, da dieser mitten im Abstiegskampf steckt. Vorbildlich! Ab Sommer soll der gro\u00dfgebaute Zentrumspieler unserer Ersten mit seiner Erfahrung weiterhelfen.<\/p><\/div> <div id=\"attachment_2563\" style=\"width: 512px\" class=\"wp-caption alignnone\"><a href=\"https:\/\/www.sv-listrup.de\/wp-content\/uploads\/2016\/12\/IMG-20161209-WA0005.jpg\"><img loading=\"lazy\" decoding=\"async\" aria-describedby=\"caption-attachment-2563\" class=\"wp-image-2563\" src=\"https:\/\/www.sv-listrup.de\/wp-content\/uploads\/2016\/12\/IMG-20161209-WA0005-1024x768.jpg\" alt=\"img-20161209-wa0005\" width=\"502\" height=\"377\" srcset=\"https:\/\/www.sv-listrup.de\/wp-content\/uploads\/2016\/12\/IMG-20161209-WA0005-1024x768.jpg 1024w, https:\/\/www.sv-listrup.de\/wp-content\/uploads\/2016\/12\/IMG-20161209-WA0005-300x225.jpg 300w, https:\/\/www.sv-listrup.de\/wp-content\/uploads\/2016\/12\/IMG-20161209-WA0005-768x576.jpg 768w, https:\/\/www.sv-listrup.de\/wp-content\/uploads\/2016\/12\/IMG-20161209-WA0005.jpg 1600w\" sizes=\"auto, (max-width: 502px) 100vw, 502px\" \/><\/a><p id=\"caption-attachment-2563\" class=\"wp-caption-text\">Bernhard Lammers geht im Sommer bereits in seine f\u00fcnfte Saison beim SVL. Nach dem Aufstieg von der 2. in die 1. Kreisklasse wurde die Erste unter Lammers erst Tabellenvierter, ehe man als Zweiter in der letzten Saison nur knapp in der Relegation scheiterte. Nun folgte mit der Meisterschaft und dem Aufstieg in die Kreisliga der wohl gr\u00f6\u00dfte Erfolg in der Historie des SVL!<\/p><\/div> <div id=\"attachment_2372\" style=\"width: 5701px\" class=\"wp-caption aligncenter\"><a href=\"https:\/\/www.sv-listrup.de\/wp-content\/uploads\/2016\/10\/FUP_8257.jpg\"><img loading=\"lazy\" decoding=\"async\" aria-describedby=\"caption-attachment-2372\" class=\"wp-image-2372 size-full\" src=\"https:\/\/www.sv-listrup.de\/wp-content\/uploads\/2016\/10\/FUP_8257.jpg\" alt=\"fup_8257\" width=\"5691\" height=\"3794\" srcset=\"https:\/\/www.sv-listrup.de\/wp-content\/uploads\/2016\/10\/FUP_8257.jpg 5691w, https:\/\/www.sv-listrup.de\/wp-content\/uploads\/2016\/10\/FUP_8257-300x200.jpg 300w, https:\/\/www.sv-listrup.de\/wp-content\/uploads\/2016\/10\/FUP_8257-768x512.jpg 768w, https:\/\/www.sv-listrup.de\/wp-content\/uploads\/2016\/10\/FUP_8257-1024x683.jpg 1024w\" sizes=\"auto, (max-width: 5691px) 100vw, 5691px\" \/><\/a><p id=\"caption-attachment-2372\" class=\"wp-caption-text\">Der Kader unserer 1. Herren im Herbst 2016. Auf dem Foto fehlten Hendrik B\u00fcltel, Bernd H\u00fcsing und Christoph Schwis<\/p><\/div><\/p>\n<p>&nbsp;<\/p>\n","protected":false},"excerpt":{"rendered":"<p>Abermals erfreuliche Nachrichten f\u00fcr unseren SVL zu verk\u00fcnden: Alle Spieler der 1. Herren bleiben dem Verein \u00fcber den Sommer hinaus erhalten! Zudem steht mit Hendrik Th\u00fcnemann (Clusorth-Bramhar) bereits ein toller Neuzugang fest, der dem Team in der Kreisliga gut tun wird. \ud83d\ude09 Soweit f\u00fcr Vereinsinsider nix neues&#8230; Neu zu verk\u00fcnden ist, dass durch die Verl\u00e4ngerung unseres Torwarttrainers Markus van der Zee, auch der Trainerstab in der aktuellen Form erhalten bleibt! Coach Lammers verl\u00e4ngerte bereits im Winter und soll zusammen mit Co-Trainer Gerrit Hindricks das Team in der Kreisliga coachen. Die Verl\u00e4ngerung von Markus war keineswegs zu erwarten, da dieser bereits fr\u00fchzeitig mitteilte, dass er aufgrund beruflicher Verpflichtung keine Zeit mehr habe. Umso erfreulicher, dass er es sich letztendlich doch anders \u00fcberlegte und sein letztes Qu\u00e4ntchen Freizeit freitags unseren Keepern widmet. Diese haben unter Markus bereits in der Vergangenheit eine tolle Entwicklung genommen, weshalb sein Anteil am Aufstieg gar nicht hoch genug einzusch\u00e4tzen ist. Der ganze Verein freut sich \u00fcber das weitere Jahre mit Markus (Funny)! Der einzige Abgang bleibt unser Betreuer Lars Hengem\u00fchl, der (mit einj\u00e4hriger Pause) die 1. Mannschaft [&hellip;]<\/p>\n","protected":false},"author":7,"featured_media":2372,"comment_status":"open","ping_status":"open","sticky":false,"template":"","format":"standard","meta":{"footnotes":""},"categories":[1],"tags":[],"class_list":["post-2901","post","type-post","status-publish","format-standard","has-post-thumbnail","hentry","category-allgemein"],"_links":{"self":[{"href":"https:\/\/www.sv-listrup.de\/index.php?rest_route=\/wp\/v2\/posts\/2901","targetHints":{"allow":["GET"]}}],"collection":[{"href":"https:\/\/www.sv-listrup.de\/index.php?rest_route=\/wp\/v2\/posts"}],"about":[{"href":"https:\/\/www.sv-listrup.de\/index.php?rest_route=\/wp\/v2\/types\/post"}],"author":[{"embeddable":true,"href":"https:\/\/www.sv-listrup.de\/index.php?rest_route=\/wp\/v2\/users\/7"}],"replies":[{"embeddable":true,"href":"https:\/\/www.sv-listrup.de\/index.php?rest_route=%2Fwp%2Fv2%2Fcomments&post=2901"}],"version-history":[{"count":2,"href":"https:\/\/www.sv-listrup.de\/index.php?rest_route=\/wp\/v2\/posts\/2901\/revisions"}],"predecessor-version":[{"id":2907,"href":"https:\/\/www.sv-listrup.de\/index.php?rest_route=\/wp\/v2\/posts\/2901\/revisions\/2907"}],"wp:featuredmedia":[{"embeddable":true,"href":"https:\/\/www.sv-listrup.de\/index.php?rest_route=\/wp\/v2\/media\/2372"}],"wp:attachment":[{"href":"https:\/\/www.sv-listrup.de\/index.php?rest_route=%2Fwp%2Fv2%2Fmedia&parent=2901"}],"wp:term":[{"taxonomy":"category","embeddable":true,"href":"https:\/\/www.sv-listrup.de\/index.php?rest_route=%2Fwp%2Fv2%2Fcategories&post=2901"},{"taxonomy":"post_tag","embeddable":true,"href":"https:\/\/www.sv-listrup.de\/index.php?rest_route=%2Fwp%2Fv2%2Ftags&post=2901"}],"curies":[{"name":"wp","href":"https:\/\/api.w.org\/{rel}","templated":true}]}}