{"id":2910,"date":"2017-05-08T15:27:23","date_gmt":"2017-05-08T15:27:23","guid":{"rendered":"http:\/\/sv-listrup.de\/?p=2910"},"modified":"2017-05-08T15:27:23","modified_gmt":"2017-05-08T15:27:23","slug":"jsg-a1-mit-elftem-sieg-in-folge-bericht-und-fotos-heiner-feldmann","status":"publish","type":"post","link":"https:\/\/www.sv-listrup.de\/?p=2910","title":{"rendered":"JSG: A1 mit elftem Sieg in Folge!    Bericht und Fotos:  Heiner Feldmann"},"content":{"rendered":"<p>Das absolute Spitzenspiel gem\u00e4\u00df der R\u00fcckrundentabelle der A-Jugend-Bezirksliga stand am vergangenen Mittwoch auf dem Kunstrasenplatz im Concordia-Park an: Der Tabellenf\u00fchrer JSG Emsb\u00fcren\/Leschede\/Listrup traf hier auf den R\u00fcckrunden-Tabellenzweiten JSG Niedergrafschaft (Samtgemeinde Emlichheim). Unsere U19 l\u00f6ste diese Aufgabe mit Bravour!<\/p>\n<p><strong>\u00a0<\/strong><\/p>\n<p><strong>A-Jugend:<\/strong><\/p>\n<p><strong>\u00a0<\/strong><\/p>\n<p>Auf Wunsch der Emlichheimer wurde dieses Spiel auf den Mittwochabend vorgezogen. Unsere JSG nahm hier von Anfang an das Heft in die Hand und kam auch zu mehreren Torchancen. Zwei davon nutzte Torj\u00e4ger Jonas Sch\u00fcring in der 9. und 20. Spielminute, eine weitere Oliver Niehof zum 3:0 in der 31. Minute.<\/p>\n<p>&nbsp;<\/p>\n<p><a href=\"https:\/\/www.sv-listrup.de\/wp-content\/uploads\/2017\/05\/DSC_0035_1.jpg\"><img loading=\"lazy\" decoding=\"async\" class=\"alignnone size-large wp-image-2911\" src=\"https:\/\/www.sv-listrup.de\/wp-content\/uploads\/2017\/05\/DSC_0035_1-1024x589.jpg\" alt=\"DSC_0035_1\" width=\"1024\" height=\"589\" srcset=\"https:\/\/www.sv-listrup.de\/wp-content\/uploads\/2017\/05\/DSC_0035_1-1024x589.jpg 1024w, https:\/\/www.sv-listrup.de\/wp-content\/uploads\/2017\/05\/DSC_0035_1-300x173.jpg 300w, https:\/\/www.sv-listrup.de\/wp-content\/uploads\/2017\/05\/DSC_0035_1-768x442.jpg 768w\" sizes=\"auto, (max-width: 1024px) 100vw, 1024px\" \/><\/a><\/p>\n<p>&nbsp;<\/p>\n<p><em>Nach einem Eckball kommt der Ball an Mann und Maus vorbei bis zu Olli Niehof, der\u2026<\/em><\/p>\n<p><em>\u00a0<\/em><\/p>\n<p><a href=\"https:\/\/www.sv-listrup.de\/wp-content\/uploads\/2017\/05\/DSC_0036_1.jpg\"><img loading=\"lazy\" decoding=\"async\" class=\"alignnone size-large wp-image-2912\" src=\"https:\/\/www.sv-listrup.de\/wp-content\/uploads\/2017\/05\/DSC_0036_1-1024x564.jpg\" alt=\"DSC_0036_1\" width=\"1024\" height=\"564\" srcset=\"https:\/\/www.sv-listrup.de\/wp-content\/uploads\/2017\/05\/DSC_0036_1-1024x564.jpg 1024w, https:\/\/www.sv-listrup.de\/wp-content\/uploads\/2017\/05\/DSC_0036_1-300x165.jpg 300w, https:\/\/www.sv-listrup.de\/wp-content\/uploads\/2017\/05\/DSC_0036_1-768x423.jpg 768w\" sizes=\"auto, (max-width: 1024px) 100vw, 1024px\" \/><\/a><\/p>\n<p>&nbsp;<\/p>\n<p><em>\u2026 die Kugel nur noch \u00fcber die Linie dr\u00fccken braucht. 3:0 f\u00fcr unsere A1!<\/em><\/p>\n<p>&nbsp;<\/p>\n<p>Die G\u00e4ste aus der Niedergrafschaft hatten ihre st\u00e4rkste Phase gegen Ende der ersten Halbzeit. Nur zu dieser Zeit kamen diese auch zu Torchancen, eine davon nutzte Janik Wolbert zum 3:1-Anschlu\u00dftreffer.<\/p>\n<p>&nbsp;<\/p>\n<p><a href=\"https:\/\/www.sv-listrup.de\/wp-content\/uploads\/2017\/05\/DSC_0042_1.jpg\"><img loading=\"lazy\" decoding=\"async\" class=\"alignnone size-large wp-image-2913\" src=\"https:\/\/www.sv-listrup.de\/wp-content\/uploads\/2017\/05\/DSC_0042_1-1024x832.jpg\" alt=\"DSC_0042_1\" width=\"1024\" height=\"832\" srcset=\"https:\/\/www.sv-listrup.de\/wp-content\/uploads\/2017\/05\/DSC_0042_1-1024x832.jpg 1024w, https:\/\/www.sv-listrup.de\/wp-content\/uploads\/2017\/05\/DSC_0042_1-300x244.jpg 300w, https:\/\/www.sv-listrup.de\/wp-content\/uploads\/2017\/05\/DSC_0042_1-768x624.jpg 768w\" sizes=\"auto, (max-width: 1024px) 100vw, 1024px\" \/><\/a><\/p>\n<p>&nbsp;<\/p>\n<p><em>Olli Teipen<\/em><\/p>\n<p>&nbsp;<\/p>\n<p>In der zweiten Halbzeit gab es dann wieder ein Spiel auf ein Tor, n\u00e4mlich das der Emlichheimer. Nahtlos f\u00fcgten sich auch die eingewechselten B-Jugendspieler Yannek Midden und Julian Weeme in das Spiel ein. Durch weitere Tore durch Jonas Sch\u00fcring zum 4:1 direkt nach der Halbzeit, durch Leon Egbers per Strafsto\u00df zum 5:1 und durch Oliver Teipen kurz vor dem Schlu\u00dfpfiff zum 6:1-Endstand gab es am Ende sogar einen Kantersieg gegen die in der R\u00fcckrunde bislang ungeschlagenen G\u00e4ste.<\/p>\n<p>&nbsp;<\/p>\n<p><a href=\"https:\/\/www.sv-listrup.de\/wp-content\/uploads\/2017\/05\/DSC_0054_1.jpg\"><img loading=\"lazy\" decoding=\"async\" class=\"alignnone size-large wp-image-2914\" src=\"https:\/\/www.sv-listrup.de\/wp-content\/uploads\/2017\/05\/DSC_0054_1-1024x606.jpg\" alt=\"DSC_0054_1\" width=\"1024\" height=\"606\" srcset=\"https:\/\/www.sv-listrup.de\/wp-content\/uploads\/2017\/05\/DSC_0054_1-1024x606.jpg 1024w, https:\/\/www.sv-listrup.de\/wp-content\/uploads\/2017\/05\/DSC_0054_1-300x177.jpg 300w, https:\/\/www.sv-listrup.de\/wp-content\/uploads\/2017\/05\/DSC_0054_1-768x454.jpg 768w\" sizes=\"auto, (max-width: 1024px) 100vw, 1024px\" \/><\/a><\/p>\n<p>&nbsp;<\/p>\n<p>Mit diesem elften Sieg in Folge konnte unsere JSG die Tabellenf\u00fchrung in der Bezirksliga ausbauen, wobei der SVA Salzbergen als Tabellenzweiter bei vier Punkten R\u00fcckstand noch zwei Spiele weniger ausgetragen hat.<\/p>\n<p>&nbsp;<\/p>\n<p>Unsere A1 hat nun am kommenden Wochenende spielfrei und trifft danach am Freitag, dem 19.05.2017 im n\u00e4chsten Heimspiel im Derby auf die JSG Wietmarschen\/Lohne. Ansto\u00df ist dann um 19.00 Uhr im Concordia-Park.<\/p>\n<p><strong>D<\/strong>ie Ergebnisse der A-Jugendmannschaften:<\/p>\n<table width=\"543\">\n<tbody>\n<tr>\n<td width=\"124\">\n<p>\u00a0Bezirksliga:<\/p>\n<\/td>\n<td width=\"159\">\n<p>\u00a0JSG A1<\/p>\n<\/td>\n<td width=\"178\">\n<p>\u00a0JSG Niedergrafschaft<\/p>\n<\/td>\n<td width=\"73\">\n<p>\u00a06:1<\/p>\n<\/td>\n<\/tr>\n<tr>\n<td width=\"124\">\n<p>\u00a01. Kreisklasse:<\/p>\n<\/td>\n<td width=\"159\">\n<p>\u00a0JSG A2<\/p>\n<\/td>\n<td width=\"178\">\n<p>&nbsp;<\/p>\n<\/td>\n<td width=\"73\">\n<p>\u00a0Spielfrei<\/p>\n<\/td>\n<\/tr>\n<tr>\n<td width=\"124\">\n<p>\u00a02. Kreisklasse:<\/p>\n<\/td>\n<td width=\"159\">\n<p>\u00a0JSG A4<\/p>\n<\/td>\n<td width=\"178\">\n<p>&nbsp;<\/p>\n<\/td>\n<td width=\"73\">\n<p>\u00a0Spielfrei<\/p>\n<\/td>\n<\/tr>\n<\/tbody>\n<\/table>\n<p>&nbsp;<\/p>\n<p><strong>B-Jugend:<\/strong><\/p>\n<p>Ein spielfreies Wochenende hatten unsere B-Jugendmannschaften.<\/p>\n<p><strong>Bereits am kommenden Dienstagabend, dem 09.05.2017 um 19.00 Uhr, hat die Mannschaft von Trainer Dieter Weeme das n\u00e4chste Heimspiel auf dem Lescheder Sportgel\u00e4nde gegen die JSG Dalum\/Gro\u00df Hesepe.<\/strong><\/p>\n<p>&nbsp;<\/p>\n<p><strong>C-Jugend:<\/strong><\/p>\n<p>Auch s\u00e4mtliche JSG-C-Jugendmannschaften hatten an diesem Wochenende spielfrei. Die C1 nutzte dieses zu einem Testspiel am Sonntag. Hier unterlag unsere U15 dem starken Tabellenvierten der Bezirksliga, der JSG Teglingen\/SV Meppen\/Schwefingen mit 2:5. Bis zwei Minuten vor dem Schlusspfiff hatte es noch 2:3 gehei\u00dfen. Torsch\u00fctzen f\u00fcr unsere JSG waren Nico und Simon Seltier.<\/p>\n<p>Am kommenden Samstag (13.05.) um 12.30 Uhr findet das Emsland-Pokalfinale auf dem Sportgel\u00e4nde der DJK Tinnen bei Haren statt. Hier trifft unsere C1 als Kreispokalsieger Emsland-S\u00fcd auf die Vertreter aus Mitte (JSG Twist) und Nord (JSG Surwold\/Bockhorst\/Esterwegen).<\/p>\n<p>Unsere JSG-Teams freuen sich sehr \u00fcber Zuschauer-Unterst\u00fctzung!<\/p>\n","protected":false},"excerpt":{"rendered":"<p>Das absolute Spitzenspiel gem\u00e4\u00df der R\u00fcckrundentabelle der A-Jugend-Bezirksliga stand am vergangenen Mittwoch auf dem Kunstrasenplatz im Concordia-Park an: Der Tabellenf\u00fchrer JSG Emsb\u00fcren\/Leschede\/Listrup traf hier auf den R\u00fcckrunden-Tabellenzweiten JSG Niedergrafschaft (Samtgemeinde Emlichheim). Unsere U19 l\u00f6ste diese Aufgabe mit Bravour! \u00a0 A-Jugend: \u00a0 Auf Wunsch der Emlichheimer wurde dieses Spiel auf den Mittwochabend vorgezogen. Unsere JSG nahm hier von Anfang an das Heft in die Hand und kam auch zu mehreren Torchancen. Zwei davon nutzte Torj\u00e4ger Jonas Sch\u00fcring in der 9. und 20. Spielminute, eine weitere Oliver Niehof zum 3:0 in der 31. Minute. &nbsp; &nbsp; Nach einem Eckball kommt der Ball an Mann und Maus vorbei bis zu Olli Niehof, der\u2026 \u00a0 &nbsp; \u2026 die Kugel nur noch \u00fcber die Linie dr\u00fccken braucht. 3:0 f\u00fcr unsere A1! &nbsp; Die G\u00e4ste aus der Niedergrafschaft hatten ihre st\u00e4rkste Phase gegen Ende der ersten Halbzeit. Nur zu dieser Zeit kamen diese auch zu Torchancen, eine davon nutzte Janik Wolbert zum 3:1-Anschlu\u00dftreffer. &nbsp; &nbsp; Olli Teipen &nbsp; In der zweiten Halbzeit gab es dann wieder ein Spiel auf ein Tor, n\u00e4mlich das der Emlichheimer. Nahtlos [&hellip;]<\/p>\n","protected":false},"author":3,"featured_media":2867,"comment_status":"open","ping_status":"open","sticky":false,"template":"","format":"standard","meta":{"footnotes":""},"categories":[42],"tags":[],"class_list":["post-2910","post","type-post","status-publish","format-standard","has-post-thumbnail","hentry","category-jsg"],"_links":{"self":[{"href":"https:\/\/www.sv-listrup.de\/index.php?rest_route=\/wp\/v2\/posts\/2910","targetHints":{"allow":["GET"]}}],"collection":[{"href":"https:\/\/www.sv-listrup.de\/index.php?rest_route=\/wp\/v2\/posts"}],"about":[{"href":"https:\/\/www.sv-listrup.de\/index.php?rest_route=\/wp\/v2\/types\/post"}],"author":[{"embeddable":true,"href":"https:\/\/www.sv-listrup.de\/index.php?rest_route=\/wp\/v2\/users\/3"}],"replies":[{"embeddable":true,"href":"https:\/\/www.sv-listrup.de\/index.php?rest_route=%2Fwp%2Fv2%2Fcomments&post=2910"}],"version-history":[{"count":1,"href":"https:\/\/www.sv-listrup.de\/index.php?rest_route=\/wp\/v2\/posts\/2910\/revisions"}],"predecessor-version":[{"id":2915,"href":"https:\/\/www.sv-listrup.de\/index.php?rest_route=\/wp\/v2\/posts\/2910\/revisions\/2915"}],"wp:featuredmedia":[{"embeddable":true,"href":"https:\/\/www.sv-listrup.de\/index.php?rest_route=\/wp\/v2\/media\/2867"}],"wp:attachment":[{"href":"https:\/\/www.sv-listrup.de\/index.php?rest_route=%2Fwp%2Fv2%2Fmedia&parent=2910"}],"wp:term":[{"taxonomy":"category","embeddable":true,"href":"https:\/\/www.sv-listrup.de\/index.php?rest_route=%2Fwp%2Fv2%2Fcategories&post=2910"},{"taxonomy":"post_tag","embeddable":true,"href":"https:\/\/www.sv-listrup.de\/index.php?rest_route=%2Fwp%2Fv2%2Ftags&post=2910"}],"curies":[{"name":"wp","href":"https:\/\/api.w.org\/{rel}","templated":true}]}}