{"id":2955,"date":"2017-05-22T06:58:08","date_gmt":"2017-05-22T06:58:08","guid":{"rendered":"http:\/\/sv-listrup.de\/?p=2955"},"modified":"2017-05-23T06:56:17","modified_gmt":"2017-05-23T06:56:17","slug":"1-herren-siegt-mit-32-in-darme-mittwoch-letztes-heimspiel-mit-anschliessender-meisterfeier","status":"publish","type":"post","link":"https:\/\/www.sv-listrup.de\/?p=2955","title":{"rendered":"Mittwoch letztes Heimspiel mit anschlie\u00dfender Meisterfeier!"},"content":{"rendered":"<div id=\"id_5923dbcd6826e7543584666\" class=\"text_exposed_root text_exposed\">\n<p>Der SV Listrup freut sich auf euch!<\/p>\n<p>Morgen Abend ist es schon soweit: Unsere 1. Herrenmannschaft bestreitet ihr letztes Heimspiel in der 1.Kreisklasse Emsland S\u00fcd und bekommt obendrei die Troph\u00e4e f\u00fcr die absolut verdiente Meisterschaft \u00fcberreicht<span class=\"_5mfr _47e3\"><img loading=\"lazy\" decoding=\"async\" class=\"img\" src=\"https:\/\/static.xx.fbcdn.net\/images\/emoji.php\/v8\/f17\/1.5\/16\/1f3c6.png\" alt=\"\" width=\"16\" height=\"16\" \/><span class=\"_7oe\">\ud83c\udfc6<\/span><\/span><span class=\"_5mfr _47e3\"><img loading=\"lazy\" decoding=\"async\" class=\"img\" src=\"https:\/\/static.xx.fbcdn.net\/images\/emoji.php\/v8\/fdc\/1.5\/16\/1f60e.png\" alt=\"\" width=\"16\" height=\"16\" \/><span class=\"_7oe\">\ud83d\ude0e<\/span><\/span><span class=\"_5mfr _47e3\"><img loading=\"lazy\" decoding=\"async\" class=\"img\" src=\"https:\/\/static.xx.fbcdn.net\/images\/emoji.php\/v8\/fc5\/1.5\/16\/1f4aa.png\" alt=\"\" width=\"16\" height=\"16\" \/><span class=\"_7oe\">\ud83d\udcaa<\/span><\/span>!<\/p>\n<p>Ihr, also jeder Freund bzw. Anh\u00e4nger des SV Listrup, ist dazu recht herzlichst eingeladen. Wir haben uns nicht lumpen lassen und bieten euch ab 18:15 Uhr (Vorspiel der U10 Talente) bis tief in die Nacht beste Unterhaltung, Verpfl<span class=\"text_exposed_hide\">&#8230;<\/span><span class=\"text_exposed_show\">egung und ein paar hoffentlich geniale Stunden auf der \u00f6ffentlichen Meisterfeier unseres SVL! Einl\u00e4uten wollen wir das nat\u00fcrlich mit einem Heimsieg gegen die Adler aus Messingen, die mit ordentlich Zuschauern per Bus anreisen werden. Chapeau! <\/span><\/p>\n<div class=\"text_exposed_show\">\n<p>Lasst uns diese Feier zum besten Abend der Vereinsgeschichte machen<span class=\"_5mfr _47e3\"><img loading=\"lazy\" decoding=\"async\" class=\"img\" src=\"https:\/\/static.xx.fbcdn.net\/images\/emoji.php\/v8\/fef\/1.5\/16\/1f37b.png\" alt=\"\" width=\"16\" height=\"16\" \/><span class=\"_7oe\">\ud83c\udf7b<\/span><\/span><span class=\"_5mfr _47e3\"><img loading=\"lazy\" decoding=\"async\" class=\"img\" src=\"https:\/\/static.xx.fbcdn.net\/images\/emoji.php\/v8\/f10\/1.5\/16\/1f917.png\" alt=\"\" width=\"16\" height=\"16\" \/><span class=\"_7oe\">\ud83e\udd17<\/span><\/span><\/p>\n<p>Bis morgen<span class=\"_5mfr _47e3\"><img loading=\"lazy\" decoding=\"async\" class=\"img\" src=\"https:\/\/static.xx.fbcdn.net\/images\/emoji.php\/v8\/f5b\/1.5\/16\/1f60d.png\" alt=\"\" width=\"16\" height=\"16\" \/><span class=\"_7oe\">\ud83d\ude0d<\/span><\/span><span class=\"_5mfr _47e3\"><img loading=\"lazy\" decoding=\"async\" class=\"img\" src=\"https:\/\/static.xx.fbcdn.net\/images\/emoji.php\/v8\/f36\/1.5\/16\/26bd.png\" alt=\"\" width=\"16\" height=\"16\" \/><span class=\"_7oe\">\u26bd<\/span><\/span><span class=\"_5mfr _47e3\"><img loading=\"lazy\" decoding=\"async\" class=\"img\" src=\"https:\/\/static.xx.fbcdn.net\/images\/emoji.php\/v8\/fb0\/1.5\/16\/1f609.png\" alt=\"\" width=\"16\" height=\"16\" \/><span class=\"_7oe\">\ud83d\ude09<\/span><\/span><\/p>\n<p>PS: Teilen, LIKEN &amp; Weitererz\u00e4hlen ausdr\u00fccklich erw\u00fcnscht!<\/p>\n<p><a class=\"_58cn\" href=\"https:\/\/www.facebook.com\/hashtag\/nurdersvl?source=feed_text\" data-ft=\"{&quot;tn&quot;:&quot;*N&quot;,&quot;type&quot;:104}\"><span class=\"_5afx\"><span class=\"_58cl _5afz\">#<\/span><span class=\"_58cm\">NURDERSVL<\/span><\/span><\/a><br \/><a class=\"_58cn\" href=\"https:\/\/www.facebook.com\/hashtag\/wirsteigenuffuffuffsteigenwir?source=feed_text\" data-ft=\"{&quot;tn&quot;:&quot;*N&quot;,&quot;type&quot;:104}\"><span class=\"_5afx\"><span class=\"_58cl _5afz\">#<\/span><span class=\"_58cm\">WIRSTEIGENUFFUFFUFFSTEIGENWIR<\/span><\/span><\/a><br \/><a class=\"_58cn\" href=\"https:\/\/www.facebook.com\/hashtag\/derwohlgr\u00f6\u00dfteerfolgdervereinshistorie?source=feed_text\" data-ft=\"{&quot;tn&quot;:&quot;*N&quot;,&quot;type&quot;:104}\"><span class=\"_5afx\"><span class=\"_58cl _5afz\">#<\/span><span class=\"_58cm\">derwohlgr\u00f6\u00dfteErfolgderVereinshistorie<\/span><\/span><\/a><br \/><a class=\"_58cn\" href=\"https:\/\/www.facebook.com\/hashtag\/meisterschaftistnureinmalimjahr?source=feed_text\" data-ft=\"{&quot;tn&quot;:&quot;*N&quot;,&quot;type&quot;:104}\"><span class=\"_5afx\"><span class=\"_58cl _5afz\">#<\/span><span class=\"_58cm\">MeisterschaftistnureinmalimJahr<\/span><\/span><\/a><br \/><a class=\"_58cn\" href=\"https:\/\/www.facebook.com\/hashtag\/werdasverpassthatdensvlniegeliebt?source=feed_text\" data-ft=\"{&quot;tn&quot;:&quot;*N&quot;,&quot;type&quot;:104}\"><span class=\"_5afx\"><span class=\"_58cl _5afz\">#<\/span><span class=\"_58cm\">WerdasverpassthatdenSVLniegeliebt<\/span><\/span><\/a>!!!!!!!!!!!!<\/p>\n<\/div>\n<\/div>\n<p><a href=\"https:\/\/www.sv-listrup.de\/wp-content\/uploads\/2017\/05\/Plakat-Meisterfeier-1.png\"><img loading=\"lazy\" decoding=\"async\" class=\"size-full wp-image-2960 alignleft\" src=\"https:\/\/www.sv-listrup.de\/wp-content\/uploads\/2017\/05\/Plakat-Meisterfeier-1.png\" alt=\"Plakat Meisterfeier\" width=\"551\" height=\"787\" srcset=\"https:\/\/www.sv-listrup.de\/wp-content\/uploads\/2017\/05\/Plakat-Meisterfeier-1.png 551w, https:\/\/www.sv-listrup.de\/wp-content\/uploads\/2017\/05\/Plakat-Meisterfeier-1-210x300.png 210w\" sizes=\"auto, (max-width: 551px) 100vw, 551px\" \/><\/a><\/p>\n<p>&nbsp;<\/p>\n<p>&nbsp;<\/p>\n<p>&nbsp;<\/p>\n<p>&nbsp;<\/p>\n<p>&nbsp;<\/p>\n<p>&nbsp;<\/p>\n<p>&nbsp;<\/p>\n<p>&nbsp;<\/p>\n<p>&nbsp;<\/p>\n<p>&nbsp;<\/p>\n<p>&nbsp;<\/p>\n<p>&nbsp;<\/p>\n<p>&nbsp;<\/p>\n<p>&nbsp;<\/p>\n<p>&nbsp;<\/p>\n<p>&nbsp;<\/p>\n<p>&nbsp;<\/p>\n<p>&nbsp;<\/p>\n<p>&nbsp;<\/p>\n<p>&nbsp;<\/p>\n<p>&nbsp;<\/p>\n<p>&nbsp;<\/p>\n","protected":false},"excerpt":{"rendered":"<p>Der SV Listrup freut sich auf euch! Morgen Abend ist es schon soweit: Unsere 1. Herrenmannschaft bestreitet ihr letztes Heimspiel in der 1.Kreisklasse Emsland S\u00fcd und bekommt obendrei die Troph\u00e4e f\u00fcr die absolut verdiente Meisterschaft \u00fcberreicht\ud83c\udfc6\ud83d\ude0e\ud83d\udcaa! Ihr, also jeder Freund bzw. Anh\u00e4nger des SV Listrup, ist dazu recht herzlichst eingeladen. Wir haben uns nicht lumpen lassen und bieten euch ab 18:15 Uhr (Vorspiel der U10 Talente) bis tief in die Nacht beste Unterhaltung, Verpfl&#8230;egung und ein paar hoffentlich geniale Stunden auf der \u00f6ffentlichen Meisterfeier unseres SVL! Einl\u00e4uten wollen wir das nat\u00fcrlich mit einem Heimsieg gegen die Adler aus Messingen, die mit ordentlich Zuschauern per Bus anreisen werden. Chapeau! Lasst uns diese Feier zum besten Abend der Vereinsgeschichte machen\ud83c\udf7b\ud83e\udd17 Bis morgen\ud83d\ude0d\u26bd\ud83d\ude09 PS: Teilen, LIKEN &amp; Weitererz\u00e4hlen ausdr\u00fccklich erw\u00fcnscht! #NURDERSVL#WIRSTEIGENUFFUFFUFFSTEIGENWIR#derwohlgr\u00f6\u00dfteErfolgderVereinshistorie#MeisterschaftistnureinmalimJahr#WerdasverpassthatdenSVLniegeliebt!!!!!!!!!!!! &nbsp; &nbsp; &nbsp; &nbsp; &nbsp; &nbsp; &nbsp; &nbsp; &nbsp; &nbsp; &nbsp; &nbsp; &nbsp; &nbsp; &nbsp; &nbsp; &nbsp; &nbsp; &nbsp; &nbsp; &nbsp; &nbsp;<\/p>\n","protected":false},"author":7,"featured_media":2960,"comment_status":"open","ping_status":"open","sticky":false,"template":"","format":"standard","meta":{"footnotes":""},"categories":[1],"tags":[],"class_list":["post-2955","post","type-post","status-publish","format-standard","has-post-thumbnail","hentry","category-allgemein"],"_links":{"self":[{"href":"https:\/\/www.sv-listrup.de\/index.php?rest_route=\/wp\/v2\/posts\/2955","targetHints":{"allow":["GET"]}}],"collection":[{"href":"https:\/\/www.sv-listrup.de\/index.php?rest_route=\/wp\/v2\/posts"}],"about":[{"href":"https:\/\/www.sv-listrup.de\/index.php?rest_route=\/wp\/v2\/types\/post"}],"author":[{"embeddable":true,"href":"https:\/\/www.sv-listrup.de\/index.php?rest_route=\/wp\/v2\/users\/7"}],"replies":[{"embeddable":true,"href":"https:\/\/www.sv-listrup.de\/index.php?rest_route=%2Fwp%2Fv2%2Fcomments&post=2955"}],"version-history":[{"count":6,"href":"https:\/\/www.sv-listrup.de\/index.php?rest_route=\/wp\/v2\/posts\/2955\/revisions"}],"predecessor-version":[{"id":2966,"href":"https:\/\/www.sv-listrup.de\/index.php?rest_route=\/wp\/v2\/posts\/2955\/revisions\/2966"}],"wp:featuredmedia":[{"embeddable":true,"href":"https:\/\/www.sv-listrup.de\/index.php?rest_route=\/wp\/v2\/media\/2960"}],"wp:attachment":[{"href":"https:\/\/www.sv-listrup.de\/index.php?rest_route=%2Fwp%2Fv2%2Fmedia&parent=2955"}],"wp:term":[{"taxonomy":"category","embeddable":true,"href":"https:\/\/www.sv-listrup.de\/index.php?rest_route=%2Fwp%2Fv2%2Fcategories&post=2955"},{"taxonomy":"post_tag","embeddable":true,"href":"https:\/\/www.sv-listrup.de\/index.php?rest_route=%2Fwp%2Fv2%2Ftags&post=2955"}],"curies":[{"name":"wp","href":"https:\/\/api.w.org\/{rel}","templated":true}]}}