{"id":3080,"date":"2017-07-04T06:18:54","date_gmt":"2017-07-04T06:18:54","guid":{"rendered":"http:\/\/sv-listrup.de\/?p=3080"},"modified":"2017-07-06T12:25:18","modified_gmt":"2017-07-06T12:25:18","slug":"testspiele-1-herren-bundesligist-osnabrueck-u19-kommt-am-19-07-nach-listrup-samstag-daheim-gegen-gellendorf","status":"publish","type":"post","link":"https:\/\/www.sv-listrup.de\/?p=3080","title":{"rendered":"Testspiele 1. Herren: Samstag Heim-Testspiel um 15 Uhr in Listrup &#038; Am 19.07 kommt Bundesligist Osnabr\u00fcck-U19 zu uns!!!"},"content":{"rendered":"<p><span style=\"font-size: 14pt;\">Bereits seit dem 23.06 befindet sich unsere 1. Mannschaft mit ihrem erweiterten Kader wieder in der Vorbereitung f\u00fcr die neuen Saison. Bekanntlich wird dieser in der M\u00f6bel Wilken Kreisliga stattfinden- Eine tolle Herausforderung f\u00fcr den ganzen Verein, den sich die Erste mit ihrem Aufstieg redlich verdient hat. Um die Mannschaft bestens auf die kommenden Aufgaben vorzubereiten, stehen in der Vorbereitung attraktive Testspiele an:<\/span><\/p>\n<div id=\"id_595e2b8bb8acd5e24175065\" class=\"text_exposed_root text_exposed\">\n<p><span style=\"font-size: 14pt;\">1. Testspiel unserer Ersten am Samstag in Listrup!<\/span><\/p>\n<p><span style=\"font-size: 14pt;\">Diesen Samstag (08.07.2017) um 15 Uhr kommt der SF Gellendorf nach Listrup! Der Gast belegte in der letzten Saison den 4. Tabellenplatz in der Kreisliga B, Staffel 1 Steinfurt und scheiterte nur knapp am Aufstieg.<\/span><\/p>\n<p><span style=\"font-size: 14pt;\">Ein interessanter Test!<\/span><\/p>\n<div class=\"text_exposed_show\">\n<p><span style=\"font-size: 14pt;\">Alle Listrup-Anh\u00e4nger sind herzlich zum ersten Testspiel unserer 1. Herrenmannschaft eingeladen <span class=\"_5mfr _47e3\"><img loading=\"lazy\" decoding=\"async\" class=\"img\" src=\"https:\/\/static.xx.fbcdn.net\/images\/emoji.php\/v9\/f83\/1\/16\/1f60e.png\" alt=\"\" width=\"16\" height=\"16\" \/><span class=\"_7oe\">\ud83d\ude0e<\/span><\/span><\/span><\/p>\n<p><span style=\"font-size: 14pt;\">Am Sonntag folgt dann bereits der zweite Test: Um 11 Uhr spielt unsere Elf ausw\u00e4rts gegen SpVgg Brandlecht-Hestrup II. Langsam geht&#8217;s ins Eingemachte&#8230; <span class=\"_47e3 _5mfr\" title=\"\u201ewink\u201c-Emoticon\"><img loading=\"lazy\" decoding=\"async\" class=\"img\" src=\"https:\/\/static.xx.fbcdn.net\/images\/emoji.php\/v9\/f57\/1\/16\/1f609.png\" alt=\"\" width=\"16\" height=\"16\" \/><span class=\"_7oe\">\ud83d\ude09<\/span><\/span><\/span><\/p>\n<p><span style=\"font-size: 14pt;\"><a class=\"_58cn\" href=\"https:\/\/www.facebook.com\/hashtag\/vorbereitung?source=embed\" target=\"_blank\" data-ft=\"{&quot;tn&quot;:&quot;*N&quot;,&quot;type&quot;:104}\"><span class=\"_5afx\"><span class=\"_58cl _5afz\">#<\/span><span class=\"_58cm\">Vorbereitung<\/span><\/span><\/a><\/span><br \/><span style=\"font-size: 14pt;\"><a class=\"_58cn\" href=\"https:\/\/www.facebook.com\/hashtag\/sehenwowirstehen?source=embed\" target=\"_blank\" data-ft=\"{&quot;tn&quot;:&quot;*N&quot;,&quot;type&quot;:104}\"><span class=\"_5afx\"><span class=\"_58cl _5afz\">#<\/span><span class=\"_58cm\">Sehenwowirstehen<\/span><\/span><\/a><\/span><br \/><span style=\"font-size: 14pt;\"><a class=\"_58cn\" href=\"https:\/\/www.facebook.com\/hashtag\/aufeinbiervorbeikommengehtimmer?source=embed\" target=\"_blank\" data-ft=\"{&quot;tn&quot;:&quot;*N&quot;,&quot;type&quot;:104}\"><span class=\"_5afx\"><span class=\"_58cl _5afz\">#<\/span><span class=\"_58cm\">AufeinBiervorbeikommengehtimmer<\/span><\/span><\/a><\/span><br \/><span style=\"font-size: 14pt;\"><a class=\"_58cn\" href=\"https:\/\/www.facebook.com\/hashtag\/neuzuganghendrikth\u00fcnemannerstmalsimsvldress?source=embed\" target=\"_blank\" data-ft=\"{&quot;tn&quot;:&quot;*N&quot;,&quot;type&quot;:104}\"><span class=\"_5afx\"><span class=\"_58cl _5afz\">#<\/span><span class=\"_58cm\">NeuzugangHendrikTh\u00fcnemannerstmalsimSVLDress<\/span><\/span><\/a><\/span><br \/><span style=\"font-size: 14pt;\"><a class=\"_58cn\" href=\"https:\/\/www.facebook.com\/hashtag\/nurdersvl?source=embed\" target=\"_blank\" data-ft=\"{&quot;tn&quot;:&quot;*N&quot;,&quot;type&quot;:104}\"><span class=\"_5afx\"><span class=\"_58cl _5afz\">#<\/span><span class=\"_58cm\">NurderSVL<\/span><\/span><\/a><\/span><\/p>\n<p>&nbsp;<\/p>\n<\/div>\n<\/div>\n<p><span style=\"font-size: 14pt;\">D<\/span><span style=\"font-size: 14pt;\">as Highlight der Vorbereitung\u00a0ist\u00a0dabei ist\u00a0ganz klar das Freundschaftsspiel am Mittwoch, den <strong>19.07 um 19 Uhr<\/strong> gegen die <strong>U19 des VFL Osnabr\u00fcck, die in der A-Jugend Bundesliga<\/strong> (!!!) Nord, Nordost spielen \ud83d\ude09 ! Das darf sich die ganze Region nicht entgehen lassen, wenn in unserem kleinem Listruper Waldstadion potentielle Fu\u00dfballprofis auflaufen.<\/span><\/p>\n<p><span style=\"font-size: 14pt;\">\u00a0<\/span><\/p>\n<p><a href=\"https:\/\/www.sv-listrup.de\/wp-content\/uploads\/2017\/07\/Testspiel-Gellendorf.png\"><img loading=\"lazy\" decoding=\"async\" class=\"aligncenter  wp-image-3082\" src=\"https:\/\/www.sv-listrup.de\/wp-content\/uploads\/2017\/07\/Testspiel-Gellendorf.png\" alt=\"Testspiel Gellendorf\" width=\"641\" height=\"244\" srcset=\"https:\/\/www.sv-listrup.de\/wp-content\/uploads\/2017\/07\/Testspiel-Gellendorf.png 1200w, https:\/\/www.sv-listrup.de\/wp-content\/uploads\/2017\/07\/Testspiel-Gellendorf-300x114.png 300w, https:\/\/www.sv-listrup.de\/wp-content\/uploads\/2017\/07\/Testspiel-Gellendorf-768x292.png 768w, https:\/\/www.sv-listrup.de\/wp-content\/uploads\/2017\/07\/Testspiel-Gellendorf-1024x390.png 1024w\" sizes=\"auto, (max-width: 641px) 100vw, 641px\" \/><\/a><\/p>\n<p><a href=\"https:\/\/www.sv-listrup.de\/wp-content\/uploads\/2017\/07\/Testspiel-Osna-SVL-U19.png\"><img loading=\"lazy\" decoding=\"async\" class=\"aligncenter size-full wp-image-3081\" src=\"https:\/\/www.sv-listrup.de\/wp-content\/uploads\/2017\/07\/Testspiel-Osna-SVL-U19.png\" alt=\"Testspiel Osna SVL U19\" width=\"646\" height=\"899\" srcset=\"https:\/\/www.sv-listrup.de\/wp-content\/uploads\/2017\/07\/Testspiel-Osna-SVL-U19.png 646w, https:\/\/www.sv-listrup.de\/wp-content\/uploads\/2017\/07\/Testspiel-Osna-SVL-U19-216x300.png 216w\" sizes=\"auto, (max-width: 646px) 100vw, 646px\" \/><\/a><\/p>\n","protected":false},"excerpt":{"rendered":"<p>Bereits seit dem 23.06 befindet sich unsere 1. Mannschaft mit ihrem erweiterten Kader wieder in der Vorbereitung f\u00fcr die neuen Saison. Bekanntlich wird dieser in der M\u00f6bel Wilken Kreisliga stattfinden- Eine tolle Herausforderung f\u00fcr den ganzen Verein, den sich die Erste mit ihrem Aufstieg redlich verdient hat. Um die Mannschaft bestens auf die kommenden Aufgaben vorzubereiten, stehen in der Vorbereitung attraktive Testspiele an: 1. Testspiel unserer Ersten am Samstag in Listrup! Diesen Samstag (08.07.2017) um 15 Uhr kommt der SF Gellendorf nach Listrup! Der Gast belegte in der letzten Saison den 4. Tabellenplatz in der Kreisliga B, Staffel 1 Steinfurt und scheiterte nur knapp am Aufstieg. Ein interessanter Test! Alle Listrup-Anh\u00e4nger sind herzlich zum ersten Testspiel unserer 1. Herrenmannschaft eingeladen \ud83d\ude0e Am Sonntag folgt dann bereits der zweite Test: Um 11 Uhr spielt unsere Elf ausw\u00e4rts gegen SpVgg Brandlecht-Hestrup II. Langsam geht&#8217;s ins Eingemachte&#8230; \ud83d\ude09 #Vorbereitung#Sehenwowirstehen#AufeinBiervorbeikommengehtimmer#NeuzugangHendrikTh\u00fcnemannerstmalsimSVLDress#NurderSVL &nbsp; Das Highlight der Vorbereitung\u00a0ist\u00a0dabei ist\u00a0ganz klar das Freundschaftsspiel am Mittwoch, den 19.07 um 19 Uhr gegen die U19 des VFL Osnabr\u00fcck, die in der A-Jugend Bundesliga (!!!) Nord, Nordost spielen \ud83d\ude09 ! Das [&hellip;]<\/p>\n","protected":false},"author":7,"featured_media":3081,"comment_status":"open","ping_status":"open","sticky":false,"template":"","format":"standard","meta":{"footnotes":""},"categories":[1,11],"tags":[],"class_list":["post-3080","post","type-post","status-publish","format-standard","has-post-thumbnail","hentry","category-allgemein","category-seniorenfussball-1-senioren"],"_links":{"self":[{"href":"https:\/\/www.sv-listrup.de\/index.php?rest_route=\/wp\/v2\/posts\/3080","targetHints":{"allow":["GET"]}}],"collection":[{"href":"https:\/\/www.sv-listrup.de\/index.php?rest_route=\/wp\/v2\/posts"}],"about":[{"href":"https:\/\/www.sv-listrup.de\/index.php?rest_route=\/wp\/v2\/types\/post"}],"author":[{"embeddable":true,"href":"https:\/\/www.sv-listrup.de\/index.php?rest_route=\/wp\/v2\/users\/7"}],"replies":[{"embeddable":true,"href":"https:\/\/www.sv-listrup.de\/index.php?rest_route=%2Fwp%2Fv2%2Fcomments&post=3080"}],"version-history":[{"count":6,"href":"https:\/\/www.sv-listrup.de\/index.php?rest_route=\/wp\/v2\/posts\/3080\/revisions"}],"predecessor-version":[{"id":3090,"href":"https:\/\/www.sv-listrup.de\/index.php?rest_route=\/wp\/v2\/posts\/3080\/revisions\/3090"}],"wp:featuredmedia":[{"embeddable":true,"href":"https:\/\/www.sv-listrup.de\/index.php?rest_route=\/wp\/v2\/media\/3081"}],"wp:attachment":[{"href":"https:\/\/www.sv-listrup.de\/index.php?rest_route=%2Fwp%2Fv2%2Fmedia&parent=3080"}],"wp:term":[{"taxonomy":"category","embeddable":true,"href":"https:\/\/www.sv-listrup.de\/index.php?rest_route=%2Fwp%2Fv2%2Fcategories&post=3080"},{"taxonomy":"post_tag","embeddable":true,"href":"https:\/\/www.sv-listrup.de\/index.php?rest_route=%2Fwp%2Fv2%2Ftags&post=3080"}],"curies":[{"name":"wp","href":"https:\/\/api.w.org\/{rel}","templated":true}]}}