{"id":324,"date":"2015-02-24T11:15:47","date_gmt":"2015-02-24T11:15:47","guid":{"rendered":"http:\/\/sv-listrup.de\/?p=324"},"modified":"2015-03-22T12:02:32","modified_gmt":"2015-03-22T12:02:32","slug":"generalversammlung-2007","status":"publish","type":"post","link":"https:\/\/www.sv-listrup.de\/?p=324","title":{"rendered":"Generalversammlung &#8211; 2007"},"content":{"rendered":"<p><strong>Protokoll der Generalversammlung 2007<\/strong><\/p>\n<p><strong>Sportkegler Aush\u00e4ngeschild des Vereins<\/strong><\/p>\n<p><strong> Generalversammlung des SV Listrup \u2013 Mitgliedsbeitr\u00e4ge erh\u00f6ht<\/strong><\/p>\n<p>Die Generalversammlung des SV Listrup war Anlass, R\u00fcckschau auf das Vereinsleben im vergangenen Jahr zu nehmen. Dabei stachen neben teilweise beachtlichen Erfolgen im Jugend- und M\u00e4dchenfu\u00dfballbereich wieder einmal herausragende Erfolge der Sportkegler hervor. So konnte der erste Vorsitzende Werner Pl\u00fcth von dem Gewinn des Landesmeistertitels durch Gregor Geerdes berichten. Hierdurch qualifizierte sich dieser f\u00fcr die Deutsche Meisterschaft in Kassel, bei der er einen guten zw\u00f6lften Platz belegen konnte. Auch bei den Bezirks- und Kreismeisterschaften konnten die Kegler des SVL zahlreiche Meistertitel abr\u00e4umen. Die Kegelmannschaft, die im laufenden Spielbetrieb in der Verbandsklasse West derzeit einen Platz im gesicherten Mittelfeld belegt, stellt in Anbetracht dieser Erfolge das Aush\u00e4ngeschild des Vereins dar.<\/p>\n<p>Zu einer lebhaften Diskussion kam es, als die Notwendigkeit einer Beitragserh\u00f6hung angesprochen wurde. Nach kurzer Beratungszeit konnte der Versammlung ein Modell vorgestellt werden, welches mit gro\u00dfer Mehrheit angenommen wurde. Wert wurde hierbei vor allem darauf gelegt, dass die Beitr\u00e4ge der passiven Mitglieder unangetastet bleiben.<\/p>\n<p>Zum Sportler des Jahres w\u00e4hlte die Versammlung den Trainer und Betreuer der B-Jugend-M\u00e4dchenmannschaft Ansgar J\u00e4ckering. Zur Jugendfu\u00dfballerin des Jahres wurde Lisa Banning vom Vorstand ausgew\u00e4hlt. Bei den Jugendfu\u00dfballern fiel die Auswahl auf Bernd Senker. Im Seniorenbereich wurde Wolfgang Wilken die Auszeichnung Fu\u00dfballer des Jahres zuteil. Abschlie\u00dfend dankte und ehrte Werner Pl\u00fcth auch Klaus Kaps, der dem Verein 11 Jahre lang als Schiedsrichter treue Dienste erwies und sein Amt nunmehr aufgibt.<\/p>\n<p>Beim Ausblick auf das kommende Jahr stellte Werner Pl\u00fcth das gro\u00dfe Festwochenende am 24. und 25. August in den Mittelpunkt. Samstags ist wie in den letzten Jahren ein gro\u00dfer Jugendturniertag geplant. Am Sonntag soll der Erweiterungsbau offiziell eingeweiht werden und anschlie\u00dfend das traditionelle Ortspokalturnier stattfinden. Pl\u00fcth wies darauf hin, dass Vorstand und Festausschuss bei der Durchf\u00fchrung der Festivit\u00e4ten auf tatkr\u00e4ftige Unterst\u00fctzung durch den gesamten Verein angewiesen sind, woraufhin zur Freude des Vorsitzenden spontan bereits konkrete Zusagen erteilt wurden.<\/p>\n","protected":false},"excerpt":{"rendered":"<p>Protokoll der Generalversammlung 2007 Sportkegler Aush\u00e4ngeschild des Vereins Generalversammlung des SV Listrup \u2013 Mitgliedsbeitr\u00e4ge erh\u00f6ht Die Generalversammlung des SV Listrup war Anlass, R\u00fcckschau auf das Vereinsleben im vergangenen Jahr zu nehmen. Dabei stachen neben teilweise beachtlichen Erfolgen im Jugend- und M\u00e4dchenfu\u00dfballbereich wieder einmal herausragende Erfolge der Sportkegler hervor. So konnte der erste Vorsitzende Werner Pl\u00fcth von dem Gewinn des Landesmeistertitels durch Gregor Geerdes berichten. Hierdurch qualifizierte sich dieser f\u00fcr die Deutsche Meisterschaft in Kassel, bei der er einen guten zw\u00f6lften Platz belegen konnte. Auch bei den Bezirks- und Kreismeisterschaften konnten die Kegler des SVL zahlreiche Meistertitel abr\u00e4umen. Die Kegelmannschaft, die im laufenden Spielbetrieb in der Verbandsklasse West derzeit einen Platz im gesicherten Mittelfeld belegt, stellt in Anbetracht dieser Erfolge das Aush\u00e4ngeschild des Vereins dar. Zu einer lebhaften Diskussion kam es, als die Notwendigkeit einer Beitragserh\u00f6hung angesprochen wurde. Nach kurzer Beratungszeit konnte der Versammlung ein Modell vorgestellt werden, welches mit gro\u00dfer Mehrheit angenommen wurde. Wert wurde hierbei vor allem darauf gelegt, dass die Beitr\u00e4ge der passiven Mitglieder unangetastet bleiben. Zum Sportler des Jahres w\u00e4hlte die Versammlung den Trainer und Betreuer der [&hellip;]<\/p>\n","protected":false},"author":1,"featured_media":573,"comment_status":"open","ping_status":"open","sticky":false,"template":"","format":"standard","meta":{"footnotes":""},"categories":[25],"tags":[],"class_list":["post-324","post","type-post","status-publish","format-standard","has-post-thumbnail","hentry","category-generalversammlung"],"_links":{"self":[{"href":"https:\/\/www.sv-listrup.de\/index.php?rest_route=\/wp\/v2\/posts\/324","targetHints":{"allow":["GET"]}}],"collection":[{"href":"https:\/\/www.sv-listrup.de\/index.php?rest_route=\/wp\/v2\/posts"}],"about":[{"href":"https:\/\/www.sv-listrup.de\/index.php?rest_route=\/wp\/v2\/types\/post"}],"author":[{"embeddable":true,"href":"https:\/\/www.sv-listrup.de\/index.php?rest_route=\/wp\/v2\/users\/1"}],"replies":[{"embeddable":true,"href":"https:\/\/www.sv-listrup.de\/index.php?rest_route=%2Fwp%2Fv2%2Fcomments&post=324"}],"version-history":[{"count":1,"href":"https:\/\/www.sv-listrup.de\/index.php?rest_route=\/wp\/v2\/posts\/324\/revisions"}],"predecessor-version":[{"id":326,"href":"https:\/\/www.sv-listrup.de\/index.php?rest_route=\/wp\/v2\/posts\/324\/revisions\/326"}],"wp:featuredmedia":[{"embeddable":true,"href":"https:\/\/www.sv-listrup.de\/index.php?rest_route=\/wp\/v2\/media\/573"}],"wp:attachment":[{"href":"https:\/\/www.sv-listrup.de\/index.php?rest_route=%2Fwp%2Fv2%2Fmedia&parent=324"}],"wp:term":[{"taxonomy":"category","embeddable":true,"href":"https:\/\/www.sv-listrup.de\/index.php?rest_route=%2Fwp%2Fv2%2Fcategories&post=324"},{"taxonomy":"post_tag","embeddable":true,"href":"https:\/\/www.sv-listrup.de\/index.php?rest_route=%2Fwp%2Fv2%2Ftags&post=324"}],"curies":[{"name":"wp","href":"https:\/\/api.w.org\/{rel}","templated":true}]}}