{"id":327,"date":"2015-02-24T11:16:38","date_gmt":"2015-02-24T11:16:38","guid":{"rendered":"http:\/\/sv-listrup.de\/?p=327"},"modified":"2015-03-22T12:01:48","modified_gmt":"2015-03-22T12:01:48","slug":"generalversammlung-2008","status":"publish","type":"post","link":"https:\/\/www.sv-listrup.de\/?p=327","title":{"rendered":"Generalversammlung &#8211; 2008"},"content":{"rendered":"<p><strong>Pl\u00fcth und Hagspihl bleiben \u201eDoppelspitze\u201c<\/strong><\/p>\n<p align=\"center\"><strong> Neuwahlen bei der Generalversammlung des SV Listrup e. V.<\/strong><\/p>\n<p><strong>Listrup. <\/strong>Werner Pl\u00fcth und Heinz Hagspihl stehen weiterhin gemeinsam an der Spitze des Sportvereins Listrup. Beide wurden w\u00e4hrend der Generalversammlung in der Vereinsgastst\u00e4tte Oldeweme ohne Gegenstimme als Vorsitzende in ihren \u00c4mtern best\u00e4tigt. Ebenfalls ohne Gegenstimme wiedergew\u00e4hlt wurde Gesch\u00e4ftsf\u00fchrer Gerd B\u00fcnker, Kassenwartin Silvia Duitz, Schriftf\u00fchrer Andreas Tewes, Fu\u00dfballobmann Karl-Heinz Drees sowie die beiden Beisitzer Klaus Berger und Martin Holle. F\u00fcr den kurzfristig ausgeschiedenen Jugendobmann Alfons Duitz konnte noch kein Nachfolger gefunden werden. Der Vorstandsposten von Albert Schulte van Werde, der ebenfalls sein Amt als Beisitzer niederlegte, wird nicht neu besetzt.<\/p>\n<p>Kassenwartin Silvia Duitz konnte von einer erfreulichen Entwicklung der Vereinsfinanzen berichten. In den Vorjahren schrieb der Verein zuletzt rote Zahlen. Diese Entwicklung konnte gestoppt werden, obwohl im abgelaufenen Jahr eine erhebliche Belastung durch die Erbringung des in bar zu leistenden Eigenanteils f\u00fcr die Erweiterung des Sportplatzgeb\u00e4udes zu Buche stand. Dank einer sehr erfolgreich verlaufenden Spendenaktion des Vereins zu Beginn des Jahres 2007 und der Einf\u00fchrung eines Spartenbeitrages f\u00fcr die Fu\u00dfballabteilung wurden nun wieder schwarze Zahlen geschrieben. Vorsitzender Werner Pl\u00fcth sprach allen Spendern noch einmal ausdr\u00fccklich seinen Dank aus. Anschlie\u00dfend wurde auf Antrag der Kassenpr\u00fcfer der Kassenwartin sowie dem \u00fcbrigen Vorstand einstimmig Entlastung erteilt.<\/p>\n<p>Wie f\u00fcr die Fu\u00dfballabteilung im Vorjahr wurde nunmehr auch f\u00fcr die bisher deutlich defizit\u00e4r betriebene Damengymnastikabteilung ein Spartenbeitrag von 2 EUR monatlich ohne Gegenstimme und mit lediglich zwei Enthaltungen beschlossen.<\/p>\n<p>Im Rahmen der Abteilungsberichte konnte Fu\u00dfballtrainer Karlheinz Schubring f\u00fcr die erste Senioren-mannschaft von einem derzeit sehr erfolgreichem Saisonverlauf berichten. Die Mannschaft habe sich seit Wochen in der Spitzengruppe der 1. Kreisklasse festgesetzt und hoffe, sich dort auch bis zum Saisonende halten zu k\u00f6nnen. \u00c4hnlich erfolgreich sei zur Zeit die zweite Mannschaft, bei der besonders bemerkenswert sei, dass sie seit November 2006 kein Heimspiel mehr verloren habe. <br \/> Auch die Jugendbetreuer konnten von diversen Erfolgserlebnissen berichten. Hierbei ragte die Meisterschaft der B-Juniorinnen im vergangenen Jahr in der 1. Kreisklasse heraus. Problematisch stellt sich derzeit jedoch die Betreuersituation im kommenden Jahr dar. Werner Pl\u00fcth wies darauf hin, dass noch einige Betreuer f\u00fcr die Jugendmannschaften gesucht w\u00fcrden.<\/p>\n<p>Die Sportkegler konnten nach Angaben des Vorsitzenden und aktiven Keglers Pl\u00fcth leider nicht an die gro\u00dfen Erfolge des letzten Jahres ankn\u00fcpfen. Man sei aber sehr zufrieden, dass man trotz des Abgangs des Leistungstr\u00e4gers Gregor Geerdes zum Zweitligisten Hasel\u00fcnner SV den Klassenerhalt in der Verbandsklasse West geschafft habe.\u00a0<\/p>\n<p>Bei der abschlie\u00dfenden Wahl zum Sportler des Jahres setzte sich der Sportkegler Horst M\u00f6schter knapp vor Hedwig Midden (Damengymnastik) durch. Jugendfu\u00dfballerin des Jahres wurde die B-Juniorin Anna Senker, Jugendfu\u00dfballer des Jahres wurde der zur Zeit an Concordia Emsb\u00fcren \u201eausgeliehene\u201c A-Jugendliche Sebastian H\u00fclsing. Ausgezeichnet zum Fu\u00dfballer des Jahres wurde Andreas Tewes aus der ersten Mannschaft.<\/p>\n","protected":false},"excerpt":{"rendered":"<p>Pl\u00fcth und Hagspihl bleiben \u201eDoppelspitze\u201c Neuwahlen bei der Generalversammlung des SV Listrup e. V. Listrup. Werner Pl\u00fcth und Heinz Hagspihl stehen weiterhin gemeinsam an der Spitze des Sportvereins Listrup. Beide wurden w\u00e4hrend der Generalversammlung in der Vereinsgastst\u00e4tte Oldeweme ohne Gegenstimme als Vorsitzende in ihren \u00c4mtern best\u00e4tigt. Ebenfalls ohne Gegenstimme wiedergew\u00e4hlt wurde Gesch\u00e4ftsf\u00fchrer Gerd B\u00fcnker, Kassenwartin Silvia Duitz, Schriftf\u00fchrer Andreas Tewes, Fu\u00dfballobmann Karl-Heinz Drees sowie die beiden Beisitzer Klaus Berger und Martin Holle. F\u00fcr den kurzfristig ausgeschiedenen Jugendobmann Alfons Duitz konnte noch kein Nachfolger gefunden werden. Der Vorstandsposten von Albert Schulte van Werde, der ebenfalls sein Amt als Beisitzer niederlegte, wird nicht neu besetzt. Kassenwartin Silvia Duitz konnte von einer erfreulichen Entwicklung der Vereinsfinanzen berichten. In den Vorjahren schrieb der Verein zuletzt rote Zahlen. Diese Entwicklung konnte gestoppt werden, obwohl im abgelaufenen Jahr eine erhebliche Belastung durch die Erbringung des in bar zu leistenden Eigenanteils f\u00fcr die Erweiterung des Sportplatzgeb\u00e4udes zu Buche stand. Dank einer sehr erfolgreich verlaufenden Spendenaktion des Vereins zu Beginn des Jahres 2007 und der Einf\u00fchrung eines Spartenbeitrages f\u00fcr die Fu\u00dfballabteilung wurden nun wieder schwarze Zahlen geschrieben. Vorsitzender [&hellip;]<\/p>\n","protected":false},"author":1,"featured_media":560,"comment_status":"open","ping_status":"open","sticky":false,"template":"","format":"standard","meta":{"footnotes":""},"categories":[25],"tags":[],"class_list":["post-327","post","type-post","status-publish","format-standard","has-post-thumbnail","hentry","category-generalversammlung"],"_links":{"self":[{"href":"https:\/\/www.sv-listrup.de\/index.php?rest_route=\/wp\/v2\/posts\/327","targetHints":{"allow":["GET"]}}],"collection":[{"href":"https:\/\/www.sv-listrup.de\/index.php?rest_route=\/wp\/v2\/posts"}],"about":[{"href":"https:\/\/www.sv-listrup.de\/index.php?rest_route=\/wp\/v2\/types\/post"}],"author":[{"embeddable":true,"href":"https:\/\/www.sv-listrup.de\/index.php?rest_route=\/wp\/v2\/users\/1"}],"replies":[{"embeddable":true,"href":"https:\/\/www.sv-listrup.de\/index.php?rest_route=%2Fwp%2Fv2%2Fcomments&post=327"}],"version-history":[{"count":1,"href":"https:\/\/www.sv-listrup.de\/index.php?rest_route=\/wp\/v2\/posts\/327\/revisions"}],"predecessor-version":[{"id":329,"href":"https:\/\/www.sv-listrup.de\/index.php?rest_route=\/wp\/v2\/posts\/327\/revisions\/329"}],"wp:featuredmedia":[{"embeddable":true,"href":"https:\/\/www.sv-listrup.de\/index.php?rest_route=\/wp\/v2\/media\/560"}],"wp:attachment":[{"href":"https:\/\/www.sv-listrup.de\/index.php?rest_route=%2Fwp%2Fv2%2Fmedia&parent=327"}],"wp:term":[{"taxonomy":"category","embeddable":true,"href":"https:\/\/www.sv-listrup.de\/index.php?rest_route=%2Fwp%2Fv2%2Fcategories&post=327"},{"taxonomy":"post_tag","embeddable":true,"href":"https:\/\/www.sv-listrup.de\/index.php?rest_route=%2Fwp%2Fv2%2Ftags&post=327"}],"curies":[{"name":"wp","href":"https:\/\/api.w.org\/{rel}","templated":true}]}}