{"id":333,"date":"2015-02-24T11:21:14","date_gmt":"2015-02-24T11:21:14","guid":{"rendered":"http:\/\/sv-listrup.de\/?p=333"},"modified":"2015-03-22T12:00:44","modified_gmt":"2015-03-22T12:00:44","slug":"generalversammlung-2010","status":"publish","type":"post","link":"https:\/\/www.sv-listrup.de\/?p=333","title":{"rendered":"Generalversammlung &#8211; 2010"},"content":{"rendered":"<p style=\"text-align: center;\"><strong>Protokoll der Generalversammlung des<\/strong><br \/><strong>SV Listrup e.V. vom 12.03.2010 um 19:30 Uhr<\/strong><br \/><strong>in der Gastst\u00e4tte Oldeweme<\/strong><\/p>\n<p style=\"text-align: left;\"><strong>Top 1: Begr\u00fc\u00dfung durch die Vorsitzenden<\/strong><br \/>Der Vorsitzende Werner Pl\u00fcth konnte zu der Generalversammlung des SV List-<br \/>rup e.V. im Vereinslokal Oldeweme insgesamt 46 Mitglieder (gem\u00e4\u00df anliegender<br \/>Teilnehmerliste) begr\u00fc\u00dfen. Vorab bedankte er sich bei allen Betreuern, Trainern,<br \/>sonstigen Helfern und den Sponsoren f\u00fcr die dem Verein geleistete Unterst\u00fct-<br \/>zung und die investierte Zeit und Arbeit. Anschlie\u00dfend bat er zum Gedenken an<br \/>die verstorbenen Vereinsmitglieder um die Einlegung einer Schweigeminute.<\/p>\n<p style=\"text-align: left;\"><strong>Top 2: Verlesung des Protokolls der Generalversammlung 2009<\/strong><br \/>Es folgte die Protokollverlesung der Vorjahresversammlung durch Andreas Te-<br \/>wes. Gegen Form und Inhalt des Protokolls wurden keine Einw\u00e4nde erhoben.<\/p>\n<p style=\"text-align: left;\"><strong>Top 3: Kassenbericht\/Kassenpr\u00fcferbericht<\/strong><br \/>Kassenf\u00fchrerin Silvia Duitz berichtete anschlie\u00dfend von den Finanzen des Sport-<br \/>vereins. Sie konnte mit positiven Nachrichten aufwarten. Die Kassenf\u00fchrerin<br \/>schl\u00fcsselte detailliert auf, wie sich die Einnahmen und Ausgaben im einzelnen<br \/>zusammen setzen.<br \/>Die Kassenpr\u00fcfung f\u00fcr das Jahr 2009 wurde von Klaus Dahlem vorgenommen.<br \/>Klaus Dahlem berichtete von einer musterg\u00fcltigen und \u00e4u\u00dferst \u00fcbersichtlichen<br \/>Kassenf\u00fchrung. S\u00e4mtliche Belege h\u00e4tten vorgelegen. Er beantragte die Entlas-<br \/>tung der Kassenf\u00fchrerin, welche einstimmig erteilt wurde.<\/p>\n<p style=\"text-align: left;\"><strong>Top 4: Entlastung des Vorstandes<\/strong><br \/>Ortsb\u00fcrgermeister Franz Hindricks bedankte sich beim Vorstand f\u00fcr die im ab-<br \/>gelaufenen Jahr geleisteten Dienste. Insbesondere zeigte er sich erfreut \u00fcber<br \/>die positive Entwicklung der Vereinsfinanzen. In Anbetracht der miserablen<br \/>Haushaltslage der Gemeinde sei es n\u00f6tig und erfreulich, dass der Verein ein klei-<br \/>nes Polster habe aufbauen k\u00f6nnen. Die Leistungen der Gemeinde w\u00fcrden tenden-<br \/>ziell weiter gek\u00fcrzt. Zusch\u00fcsse f\u00fcr au\u00dferordentliche Ma\u00dfnahmen k\u00f6nnten kaum<br \/>gew\u00e4hrt werden.<br \/>Franz Hindricks beantragte daraufhin die Entlastung des Vorstandes, welche<br \/>einstimmig von der Versammlung erteilt wurde.<\/p>\n<p style=\"text-align: left;\"><strong>Top 5: Neuwahl des Vorstandes<\/strong><br \/>Vorsitzender Heinz Hagspihl und Beisitzer Martin Holle teilten zun\u00e4chst mit,<br \/>dass sie f\u00fcr eine Wiederwahl nicht zur Verf\u00fcgung stehen und aus dem Vorstand<br \/>ausscheiden werden. Schriftf\u00fchrer Andreas Tewes erl\u00e4uterte daraufhin, dass<br \/>der Vorstand zuletzt mit der Doppelspitze Pl\u00fcth\/Hagspihl als gemeinsame erste<br \/>Vorsitzende und ohne 3. Vorsitzenden nicht satzungsgem\u00e4\u00df besetzt gewesen sei.<br \/>Laut Satzung seien ein 1. Vorsitzender, ein 2. Vorsitzender und auch ein 3. Vor-<br \/>sitzender vorgesehen. Der Vorstand sei bestrebt, mit der anstehenden Neuwahl<br \/>wieder eine satzungsgem\u00e4\u00dfe Besetzung des Vorstandes zu erreichen.<br \/>Ortsb\u00fcrgermeister Franz Hindricks erkl\u00e4rte sich bereit, f\u00fcr die Wahl des 1.<br \/>Vorsitzenden als Wahlleiter zu fungieren. Aus der Mitte der Versammlung wurde<br \/>Werner Pl\u00fcth als Kandidat f\u00fcr den 1. Vorsitzenden vorgeschlagen. Weitere Vor-<br \/>schl\u00e4ge gab es nicht. In der folgenden offenen Abstimmung wurde Werner Pl\u00fcth<br \/>einstimmig zum 1. Vorsitzenden gew\u00e4hlt.<br \/>Pl\u00fcth \u00fcbernahm die weitere Wahlleitung. Aus der Mitte der Versammlung wurde<br \/>Udo Wobbe als einziger Kandidat f\u00fcr den Posten des 2. Vorsitzenden vorge-<br \/>schlagen und einstimmig von der Versammlung gew\u00e4hlt.<br \/>Klaus Berger wurde vorgeschlagen als Kandidat f\u00fcr das Amt des 3. Vorsitzenden.<br \/>Auch er wurde einstimmig in das Amt gew\u00e4hlt.<br \/>In einzelnen Wahldurchg\u00e4ngen wurden anschlie\u00dfend die Kassenwartin Silvia<br \/>Duitz, der Schriftf\u00fchrer Andreas Tewes und der Gesch\u00e4ftsf\u00fchrer Gerd B\u00fcnker<br \/>einstimmig in ihren \u00c4mtern wiedergew\u00e4hlt.<br \/>Der bisher kommissarisch t\u00e4tige Fu\u00dfballobmann Bernhard B\u00fcnker und der eben-<br \/>falls bislang kommissarisch t\u00e4tige Jugendobmann Udo H\u00fclsing wurden jeweils<br \/>einstimmig zum Fu\u00dfballobmann bzw. zum Jugendobmann gew\u00e4hlt.<br \/>Gerd B\u00fcnker dankte im Anschluss im Namen des ganzen Vorstandes den ausge-<br \/>schiedenen Vorstandsmitgliedern f\u00fcr die geleisteten Dienste und erl\u00e4uterte<br \/>kurz den jeweiligen Aufgabenbereich der einzelnen Vorstandsmitglieder.<\/p>\n<p style=\"text-align: left;\"><strong>Top 6: Bericht der Abteilungen<\/strong><br \/><em>Fu\u00dfball<\/em><br \/>Fu\u00dfballobmann Bernhard B\u00fcnker berichtete aus der Seniorenfu\u00dfballabteilung.<br \/>Die zweite Mannschaft habe in der Saison 2008\/2009 einen guten Mittelfeld-<br \/>platz belegt. Aktuell st\u00fcnde die Mannschaft nach 14 Spielen mit 10 Punkten auf<br \/>Rang 11 der Tabelle der 4. Kreisklasse. B\u00fcnker dankte den beiden Betreuern Pe-<br \/>ter Wei\u00df und Andreas Lohm\u00f6ller f\u00fcr ihre gute Arbeit. Er hob hervor, dass es<br \/>ihnen trotz gro\u00dfer Personalknappheit immer wieder gel\u00e4nge, unter R\u00fcckgriff auf<br \/>die alte Herren-Mannschaft eine schlagkr\u00e4ftige Mannschaft auf den Platz zu<br \/>bekommen.<br \/>Die erste Mannschaft habe in der Saison 2008\/2009 mit 35 erzielten Punkten<br \/>einen zufrieden stellenden 11. Platz in der 1. Kreisklasse belegt. Auch in der lau-<br \/>fenden Saison liege die Erste mit 18 Punkten aus 17 Spielen derzeit auf Rang 11.<br \/>Im Pokal sei die Mannschaft in der dritten Runde nach einer unn\u00f6tigen Niederla-<br \/>ge gegen D\u00f6rpen ausgeschieden. Saisonziel sei hier der Klassenerhalt, der noch<br \/>lange nicht unter Dach und Fach sei.<br \/>Der Fu\u00dfballobmann gab einen Ausblick auf die kommende Saison und betonte,<br \/>dass die schwierige Personalsituation in den Seniorenmannschaften anhalte und<br \/>es weiterhin zwingend notwendig sei, ausw\u00e4rtige Spieler nach Listrup zu holen.<br \/>B\u00fcnker gab bekannt, dass der Vertrag mit Trainer Karlheinz Schubring um ein<br \/>weiteres Jahr, also bis zum Ende der Saison 2010\/2011 verl\u00e4ngert worden sei.<br \/>Karl-Heinz Drees berichtete dann kurz von der Alt-Herren-Mannschaft. Auch<br \/>dort gebe es immer wieder Personalprobleme, die nur bew\u00e4ltigt werden k\u00f6nnten,<br \/>weil die Zweite Mannschaft immer wieder aushelfe.<br \/>Jugendobmann Udo H\u00fclsing berichtete dann ausf\u00fchrlich aus der Abteilung Ju-<br \/>gendfu\u00dfball. Speziell lobte er die Leistungen der C-Jugend-11er-Mannschaft, die<br \/>in der 2. Kreisklasse S\u00fcd aktuell um die Meisterschaft mitspiele und im Pokal-<br \/>halbfinale stehe, der D-Jugend-7er-Mannschaft, die alle Spiele in der ersten<br \/>Halbserie gewonnen habe und ebenfalls im Pokalhalbfinale stehe sowie der C-<br \/>Juniorinnen-9er-Mannschaft, die im ersten Halbjahr in der ersten Kreisklasse<br \/>S\u00fcd den ersten Platz vor den ersten Mannschaftenvon Spelle, Emsb\u00fcren, Salz-<br \/>bergen und Schapen belegt habe und sich auch beim vereinseigenen Hallentur-<br \/>nier gegen starke Konkurrenz als Sieger durchgesetzt habe. H\u00fclsing wies darauf<br \/>hin, dass man f\u00fcr die neue Saison noch neue Betreuer f\u00fcr den Jugendbereich<br \/>brauche und rief dazu auf, sich bei Interesse an der T\u00e4tigkeit beim Vorstand zu<br \/>melden. Trainerlehrg\u00e4nge u. \u00e4. k\u00f6nnten auch f\u00fcr schon aktive Betreuer auf<br \/>Wunsch vermittelt werden. Der Verein w\u00fcrde normalerweise alle in diesem Zu-<br \/>sammenhang entstehenden Kosten \u00fcbernehmen.<\/p>\n<p style=\"text-align: left;\"><em>Sportkegeln<\/em><br \/>Werner Pl\u00fcth gab einen Einblick in die Abteilung Sportkegeln: Nachdem die ers-<br \/>te Mannschaft im Vorjahr in die Verbandsliga aufgestiegen sei, in der man sich<br \/>mit Mannschaften wie Helmstedt und Salzgitter messen d\u00fcrfe, habe es die<br \/>Mannschaft in der neuen Klasse sehr schwer. Als Erfolg hob Pl\u00fcth die Vizemeis-<br \/>terschaft bei den Landesmeisterschaften in Salzgitter hervor, die Hermann<br \/>Egbers und er selbst mit der Mannschaft VES Lingen Herren A (ab 50 Jahre)<br \/>erreicht haben.<\/p>\n<p style=\"text-align: left;\"><em>Tennis<\/em><br \/>Silvia Duitz berichte aus der Tennisabteilung, dass im vergangenen Jahr eine<br \/>Mitgliederversammlung durchgef\u00fchrt worden sei. Albert Krekeler habe sein Amt<br \/>als Platzwart niedergelegt. Diese Funktion werde nun von Ludger Kliche und<br \/>Heinz Alfes \u00fcbernommen. Die Beitr\u00e4ge der Tennisabteilung seien angehoben<br \/>worden. Ferner konnten zuletzt die Kosten etwas gesenkt werden. Die Tennisab-<br \/>teilung trage sich wirtschaftlich somit derzeit selbst. Am Ger\u00e4teschuppen am<br \/>Tennisplatz sei alsbald eine Dacherneuerung erforderlich.<\/p>\n<p style=\"text-align: left;\"><em>Gymnastik<\/em><br \/>Kurze Ausf\u00fchrungen machte Silvia Duitz auch bez\u00fcglich der Gymnastikabteilung.<br \/>Sie stellte das Kursangebot der Abteilung vor und f\u00fcgte hinzu, dass neue Teil-<br \/>nehmer dort jederzeit willkommen w\u00e4ren.<br \/>Top 7: Fu\u00dfballer\/Jugendfu\u00dfballer(in)\/Sportler(in) des Jahres 2009<br \/>Vorgeschlagen als Kandidaten f\u00fcr die Wahl des Sportlers des Jahres wurden aus<br \/>der Mitte der Versammlung Peter Wei\u00df, Alfred Evers, Karl-Heinz Drees und An-<br \/>sgar J\u00e4ckering. In geheimer Wahl setzte sich Peter Wei\u00df knapp mit 18 Stimmen<br \/>vor Alfred Evers mit 17 Stimmen durch.<br \/>Pl\u00fcth gab bekannt, dass der Vorstand als Fu\u00dfballer des Jahres vorab Ansgar<br \/>Holtel, als Jugendfu\u00dfballer des Jahres Stefan Schwis und als Jugenfu\u00dfballerin<br \/>des Jahres Christina Egbers ausgew\u00e4hlt habe.<br \/>Die Titeltr\u00e4ger wurden \u2013 mit Ausnahme von der nicht anwesenden Christina<br \/>Egbers &#8211; von Werner Pl\u00fcth geehrt und erhielten ein kleines Pr\u00e4sent \u00fcberreicht.<br \/>Ebenfalls ein Pr\u00e4sent erhielten die frisch aus dem Vorstand ausgeschieden Heinz<br \/>Hagspihl und Martin Holle sowie die bereits im Laufe der letzten Amtsperiode<br \/>ausgeschiedenen Karl-Heinz Drees und Alfons Duitz.<\/p>\n<p style=\"text-align: left;\"><strong>Top 8: Mitteilungen, Verschiedenes, Antr\u00e4ge<\/strong><br \/>Der Vorsitzende Werner Pl\u00fcth gab Gelegenheit zu Wortmeldungen.<br \/>Zun\u00e4chst lobte Gerd B\u00fcnker im Namen des Vorstandes die von Klaus Wilmes und<br \/>Alfred Evers wieder er\u00f6ffnete und neu gestaltete Internetseite des Vereins als<br \/>sehr gelungen und dankte den beiden f\u00fcr ihr Engagement.<br \/>Ansgar J\u00e4ckering erkundigte sich, warum nicht auch eine Fu\u00dfballerin des Jahres<br \/>ernannt worden sei, wo der Verein doch seit Sommer 2009 quasi eine eigene Da-<br \/>menmannschaft habe. Udo H\u00fclsing und Bernhard B\u00fcnker erl\u00e4uterten, dass dies<br \/>im kommenden Jahr gemacht werde.<br \/>Karlheinz Schubring \u00fcberbrachte Gr\u00fc\u00dfe von Ansgar Lammers, dem Vorsitzenden<br \/>des Lehrausschusses des Fu\u00dfballkreises Emsland. Er \u00fcbermittelte Dank an den<br \/>Verein daf\u00fcr, dass dieser seinen Sportplatz regelm\u00e4\u00dfig f\u00fcr das Training der E-<br \/>Jugend-Kreisauswahl zur Verf\u00fcgung stelle und stellte die Anfrage, ob der Verein<br \/>im Juni als Gastgeber einer Sichtung des Jahrgangs 2000 fungieren wollte. Udo<br \/>H\u00fclsing erwiderte, dass dies im Vorstand beraten werde und Schubring alsbald<br \/>R\u00fcckmeldung hier\u00fcber erhalten werde.<br \/>Schubring dankte den Sponsoren der Ersten Mannschaft f\u00fcr die Zahlung der<br \/>Punktepr\u00e4mie, dem Fu\u00dfballobmann Bernhard B\u00fcnker, den Betreuern der zweiten<br \/>Mannschaft Andreas Lohm\u00f6ller und Peter Wei\u00df sowie den Betreuern der ersten<br \/>Mannschaft Albert Schulte van Werde und Lars Hengem\u00fchl sowie den Hauptver-<br \/>antwortlichen f\u00fcr die Vereins-Homepage, Klaus Wilmes und Alfred Evers f\u00fcr ih-<br \/>ren Einsatz. Ferner \u00fcberreichte Schubring einen Zeitungsausschnitt aus der<br \/>\u201eNT\u201c vom 13.9.1949 \u00fcber das Gr\u00fcndungsfest des Sportvereins an Werner Pl\u00fcth<br \/>und bat um sorgf\u00e4ltige Verwahrung im Vereinsarchiv.<\/p>\n<p style=\"text-align: left;\">Anschlie\u00dfend schlug Christian Loh vor, Angebote wie die von Udo H\u00fclsing im Lau-fe der Versammlung angesprochenen Trainerlehrg\u00e4nge u. \u00e4. auf der Internetsei-<br \/>te des Sportvereins zu ver\u00f6ffentlichen.<br \/>Weitere Wortmeldungen gab es nicht.<br \/>Gegen 21.40 Uhr beendete Werner Pl\u00fcth daraufhin die Versammlung.<\/p>\n<p style=\"text-align: left;\">\u00a0<\/p>\n<h2 style=\"text-align: center;\">Der neue Vorstand<\/h2>\n<p><img loading=\"lazy\" decoding=\"async\" class=\"aligncenter size-full wp-image-334\" src=\"https:\/\/www.sv-listrup.de\/wp-content\/uploads\/2015\/02\/gv_2010.jpg\" alt=\"gv_2010\" width=\"705\" height=\"544\" \/><\/p>\n<p style=\"text-align: center;\"><strong>Hintere Reihe von links:<\/strong> Klaus Berger, Gerd B\u00fcnker, Andreas Tewes, Silvia D\u00fctz, Bernhard B\u00fcnker<\/p>\n<p style=\"text-align: center;\"><strong>Vordere Reihe von links:<\/strong> Udo H\u00fclsing, Udo Wobbe, Werner Pl\u00fcth<\/p>\n<p style=\"text-align: center;\">\u00a0<\/p>\n<h2 style=\"text-align: center;\">Ehrungen<\/h2>\n<p><img loading=\"lazy\" decoding=\"async\" class=\"aligncenter size-full wp-image-335\" src=\"https:\/\/www.sv-listrup.de\/wp-content\/uploads\/2015\/02\/ehrungen_gv_2010.jpg\" alt=\"ehrungen_gv_2010\" width=\"619\" height=\"455\" \/><\/p>\n<p style=\"text-align: center;\"><strong>Hintere Reihe von links:<\/strong> Martin Holle, Alfons D\u00fctz, Karl Heinz Drees, Heinz Hagspihl, Werner Pl\u00fcth.<\/p>\n<p style=\"text-align: center;\"><strong>Vordere Reihe von links:<\/strong> Peter Weiss (Sportler des Jahres), Ansgar Holtel (Fu\u00dfballer des Jahres), Stefan Schwis (Jugendfu\u00dfballer des Jahres).<\/p>\n<p style=\"text-align: center;\">Es fehlt die Jugendfu\u00dfballerin des Jahres, Christina Egbers<\/p>\n<p style=\"text-align: center;\">\u00a0<\/p>\n<p style=\"text-align: center;\"><em><strong>Bericht und Fotos von Andreas Tewes<\/strong><\/em><\/p>\n<p style=\"text-align: left;\">\u00a0<\/p>\n","protected":false},"excerpt":{"rendered":"<p>Protokoll der Generalversammlung desSV Listrup e.V. vom 12.03.2010 um 19:30 Uhrin der Gastst\u00e4tte Oldeweme Top 1: Begr\u00fc\u00dfung durch die VorsitzendenDer Vorsitzende Werner Pl\u00fcth konnte zu der Generalversammlung des SV List-rup e.V. im Vereinslokal Oldeweme insgesamt 46 Mitglieder (gem\u00e4\u00df anliegenderTeilnehmerliste) begr\u00fc\u00dfen. Vorab bedankte er sich bei allen Betreuern, Trainern,sonstigen Helfern und den Sponsoren f\u00fcr die dem Verein geleistete Unterst\u00fct-zung und die investierte Zeit und Arbeit. Anschlie\u00dfend bat er zum Gedenken andie verstorbenen Vereinsmitglieder um die Einlegung einer Schweigeminute. Top 2: Verlesung des Protokolls der Generalversammlung 2009Es folgte die Protokollverlesung der Vorjahresversammlung durch Andreas Te-wes. Gegen Form und Inhalt des Protokolls wurden keine Einw\u00e4nde erhoben. Top 3: Kassenbericht\/Kassenpr\u00fcferberichtKassenf\u00fchrerin Silvia Duitz berichtete anschlie\u00dfend von den Finanzen des Sport-vereins. Sie konnte mit positiven Nachrichten aufwarten. Die Kassenf\u00fchrerinschl\u00fcsselte detailliert auf, wie sich die Einnahmen und Ausgaben im einzelnenzusammen setzen.Die Kassenpr\u00fcfung f\u00fcr das Jahr 2009 wurde von Klaus Dahlem vorgenommen.Klaus Dahlem berichtete von einer musterg\u00fcltigen und \u00e4u\u00dferst \u00fcbersichtlichenKassenf\u00fchrung. S\u00e4mtliche Belege h\u00e4tten vorgelegen. Er beantragte die Entlas-tung der Kassenf\u00fchrerin, welche einstimmig erteilt wurde. Top 4: Entlastung des VorstandesOrtsb\u00fcrgermeister Franz Hindricks bedankte sich beim Vorstand f\u00fcr die im [&hellip;]<\/p>\n","protected":false},"author":1,"featured_media":591,"comment_status":"open","ping_status":"open","sticky":false,"template":"","format":"standard","meta":{"footnotes":""},"categories":[25],"tags":[],"class_list":["post-333","post","type-post","status-publish","format-standard","has-post-thumbnail","hentry","category-generalversammlung"],"_links":{"self":[{"href":"https:\/\/www.sv-listrup.de\/index.php?rest_route=\/wp\/v2\/posts\/333","targetHints":{"allow":["GET"]}}],"collection":[{"href":"https:\/\/www.sv-listrup.de\/index.php?rest_route=\/wp\/v2\/posts"}],"about":[{"href":"https:\/\/www.sv-listrup.de\/index.php?rest_route=\/wp\/v2\/types\/post"}],"author":[{"embeddable":true,"href":"https:\/\/www.sv-listrup.de\/index.php?rest_route=\/wp\/v2\/users\/1"}],"replies":[{"embeddable":true,"href":"https:\/\/www.sv-listrup.de\/index.php?rest_route=%2Fwp%2Fv2%2Fcomments&post=333"}],"version-history":[{"count":14,"href":"https:\/\/www.sv-listrup.de\/index.php?rest_route=\/wp\/v2\/posts\/333\/revisions"}],"predecessor-version":[{"id":438,"href":"https:\/\/www.sv-listrup.de\/index.php?rest_route=\/wp\/v2\/posts\/333\/revisions\/438"}],"wp:featuredmedia":[{"embeddable":true,"href":"https:\/\/www.sv-listrup.de\/index.php?rest_route=\/wp\/v2\/media\/591"}],"wp:attachment":[{"href":"https:\/\/www.sv-listrup.de\/index.php?rest_route=%2Fwp%2Fv2%2Fmedia&parent=333"}],"wp:term":[{"taxonomy":"category","embeddable":true,"href":"https:\/\/www.sv-listrup.de\/index.php?rest_route=%2Fwp%2Fv2%2Fcategories&post=333"},{"taxonomy":"post_tag","embeddable":true,"href":"https:\/\/www.sv-listrup.de\/index.php?rest_route=%2Fwp%2Fv2%2Ftags&post=333"}],"curies":[{"name":"wp","href":"https:\/\/api.w.org\/{rel}","templated":true}]}}