{"id":342,"date":"2015-02-24T11:30:56","date_gmt":"2015-02-24T11:30:56","guid":{"rendered":"http:\/\/sv-listrup.de\/?p=342"},"modified":"2015-04-02T15:06:41","modified_gmt":"2015-04-02T15:06:41","slug":"generalversammlung-2013","status":"publish","type":"post","link":"https:\/\/www.sv-listrup.de\/?p=342","title":{"rendered":"Generalversammlung &#8211; 2013"},"content":{"rendered":"<h2>Gut besuchte Generalversammlung des SV Listrup<\/h2>\n<p>\u00a0Mit 65 Mitgliedern gut besucht war die Generalversammlung des SV Listrup in der Vereinsgastst\u00e4tte Oldeweme. Kassenwartin Silvia Duitz konnte von einer ausgeglichenen Finanzlage berichten. Im laufenden Jahr seien aber noch au\u00dfergew\u00f6hnliche Aufwendungen f\u00fcr die geplante Sanierung der Flutlichtanlage zu erwarten. F\u00fcr ihre saubere und gewissenhafte Kassenf\u00fchrung erhielt sie von Kassenpr\u00fcfer Markus Meyering ein Sonderlob. Vergeblich sei bei der Kassenpr\u00fcfung nach dem Haar in der Suppe gesucht worden.<\/p>\n<p>\u00a0Die einzelnen Abteilungsleiter bzw. Trainer und Betreuer berichten aus dem vielf\u00e4ltigen Vereinsleben. Ein Gro\u00dfteil der Aktiven geh\u00f6rt der Fu\u00dfballabteilung an, in der von den Minikickern bis zu den alten Herren jede Altersklasse vertreten ist. Die Berichte aus diesem Bereich nahmen daher besonders viel Raum ein. Ein Highlight des vergangenen Jahres war der Aufstieg der ersten Seniorenmannschaft in die 1. Kreisklasse. Fu\u00dfballobmann Bernhard B\u00fcnker musste aber ebenso darauf hinweisen, dass der sofortige Wiederabstieg aus dieser Liga nur noch rechnerisch zu verhindern ist. Mittelfristig werde jedoch mit Hilfe einiger Neuzug\u00e4nge, auch aus dem Bereich der eigenen Jugend angestrebt, die Mannschaft dauerhaft in der ersten Kreisklasse zu etablieren.<\/p>\n<p>Beinahe ebenso umfangreich berichtete Hermann Egbers aus der Kegelabteilung. Hier sind zwar deutlich weniger Mitglieder angesiedelt, daf\u00fcr war die Liste der Einzelerfolge bei Kreis-, Bezirks, Landes- und sogar Bundesmeisterschaften nahezu endlos. Au\u00dferdem sei Julian Gerdes vor kurzem beinahe zum Nachwuchs-sportler 2012 des Landkreises Emsland gew\u00e4hlt worden. Auf der anderen Seite musste Egbers auch von dem k\u00fcrzlich besiegelten Abstieg der ersten Mannschaft aus der Verbandsliga berichten. Aber auch hier werde man in der kommenden Serie wieder angreifen und versuchen, um die Spitze mitzuspielen.<\/p>\n<p>Auch in den Abteilungen Tennis und Gymnastik herrscht ein reges Vereinsleben. So konnte Silvia Duitz von einer dritten, zus\u00e4tzlich eingerichteten Gymnastikgruppe berichten, in der R\u00fcckengymnastik speziell f\u00fcr M\u00e4nner angeboten wird. Die Gruppe erfreut sich seit wenigen Monaten gro\u00dfer Beliebtheit.<\/p>\n<p>\u00a0Einen weiteren Schwerpunkt der Versammlung bildeten die Wahlen und Ehrungen von verdienten Sportlern aus verschiedenen Bereichen. Dabei wurde Ansgar J\u00e4ckering als Sportler des Jahres, Karin Wolters als Jugend-fu\u00dfballerin des Jahres, Christoph Schwis als Jugendfu\u00dfballer des Jahres, Maren Sch\u00f6ttler als Fu\u00dfballerin des Jahres, Florian Tegeder als Fu\u00dfballer des Jahres und Reinhard Altenschulte als Kegler des Jahres vom Vereinsvorsitzenden Werner Pl\u00fcth ausgezeichnet.<\/p>\n<p>\u00a0Zum Schluss dankte Pl\u00fcth Udo H\u00fclsing f\u00fcr seine jahrelangen Dienste als Jugendobmann und \u00fcberreichte ein kleines Pr\u00e4sent. H\u00fclsing steht aus Zeitgr\u00fcnden k\u00fcnftig nicht mehr zur Verf\u00fcgung. Als sein Nachfolger konnte Jonas Berger gewonnen werden, der bereits als Jugendbetreuer aktiv ist.<\/p>\n<p><img loading=\"lazy\" decoding=\"async\" class=\"aligncenter size-full wp-image-343\" src=\"https:\/\/www.sv-listrup.de\/wp-content\/uploads\/2015\/02\/ehrungen_gv_2013.jpg\" alt=\"ehrungen_gv_2013\" width=\"640\" height=\"480\" \/><\/p>\n<p style=\"text-align: center;\">(v.l.n.r.): Ansgar J\u00e4ckering, Christoph Schwis, Werner Pl\u00fcth, Karin Wolters, Reinhard Altenschulte, Maren Sch\u00f6ttler sowie Florian Tegeder.<\/p>\n<p style=\"text-align: center;\"><strong><em>Bericht und Foto von Andreas Tewes<\/em><\/strong><\/p>\n","protected":false},"excerpt":{"rendered":"<p>Gut besuchte Generalversammlung des SV Listrup \u00a0Mit 65 Mitgliedern gut besucht war die Generalversammlung des SV Listrup in der Vereinsgastst\u00e4tte Oldeweme. Kassenwartin Silvia Duitz konnte von einer ausgeglichenen Finanzlage berichten. Im laufenden Jahr seien aber noch au\u00dfergew\u00f6hnliche Aufwendungen f\u00fcr die geplante Sanierung der Flutlichtanlage zu erwarten. F\u00fcr ihre saubere und gewissenhafte Kassenf\u00fchrung erhielt sie von Kassenpr\u00fcfer Markus Meyering ein Sonderlob. Vergeblich sei bei der Kassenpr\u00fcfung nach dem Haar in der Suppe gesucht worden. \u00a0Die einzelnen Abteilungsleiter bzw. Trainer und Betreuer berichten aus dem vielf\u00e4ltigen Vereinsleben. Ein Gro\u00dfteil der Aktiven geh\u00f6rt der Fu\u00dfballabteilung an, in der von den Minikickern bis zu den alten Herren jede Altersklasse vertreten ist. Die Berichte aus diesem Bereich nahmen daher besonders viel Raum ein. Ein Highlight des vergangenen Jahres war der Aufstieg der ersten Seniorenmannschaft in die 1. Kreisklasse. Fu\u00dfballobmann Bernhard B\u00fcnker musste aber ebenso darauf hinweisen, dass der sofortige Wiederabstieg aus dieser Liga nur noch rechnerisch zu verhindern ist. Mittelfristig werde jedoch mit Hilfe einiger Neuzug\u00e4nge, auch aus dem Bereich der eigenen Jugend angestrebt, die Mannschaft dauerhaft in der ersten Kreisklasse zu etablieren. Beinahe ebenso [&hellip;]<\/p>\n","protected":false},"author":1,"featured_media":557,"comment_status":"open","ping_status":"open","sticky":false,"template":"","format":"standard","meta":{"footnotes":""},"categories":[25],"tags":[],"class_list":["post-342","post","type-post","status-publish","format-standard","has-post-thumbnail","hentry","category-generalversammlung"],"_links":{"self":[{"href":"https:\/\/www.sv-listrup.de\/index.php?rest_route=\/wp\/v2\/posts\/342","targetHints":{"allow":["GET"]}}],"collection":[{"href":"https:\/\/www.sv-listrup.de\/index.php?rest_route=\/wp\/v2\/posts"}],"about":[{"href":"https:\/\/www.sv-listrup.de\/index.php?rest_route=\/wp\/v2\/types\/post"}],"author":[{"embeddable":true,"href":"https:\/\/www.sv-listrup.de\/index.php?rest_route=\/wp\/v2\/users\/1"}],"replies":[{"embeddable":true,"href":"https:\/\/www.sv-listrup.de\/index.php?rest_route=%2Fwp%2Fv2%2Fcomments&post=342"}],"version-history":[{"count":1,"href":"https:\/\/www.sv-listrup.de\/index.php?rest_route=\/wp\/v2\/posts\/342\/revisions"}],"predecessor-version":[{"id":344,"href":"https:\/\/www.sv-listrup.de\/index.php?rest_route=\/wp\/v2\/posts\/342\/revisions\/344"}],"wp:featuredmedia":[{"embeddable":true,"href":"https:\/\/www.sv-listrup.de\/index.php?rest_route=\/wp\/v2\/media\/557"}],"wp:attachment":[{"href":"https:\/\/www.sv-listrup.de\/index.php?rest_route=%2Fwp%2Fv2%2Fmedia&parent=342"}],"wp:term":[{"taxonomy":"category","embeddable":true,"href":"https:\/\/www.sv-listrup.de\/index.php?rest_route=%2Fwp%2Fv2%2Fcategories&post=342"},{"taxonomy":"post_tag","embeddable":true,"href":"https:\/\/www.sv-listrup.de\/index.php?rest_route=%2Fwp%2Fv2%2Ftags&post=342"}],"curies":[{"name":"wp","href":"https:\/\/api.w.org\/{rel}","templated":true}]}}