{"id":3447,"date":"2017-08-12T07:07:03","date_gmt":"2017-08-12T07:07:03","guid":{"rendered":"http:\/\/sv-listrup.de\/?p=3447"},"modified":"2017-08-13T06:38:09","modified_gmt":"2017-08-13T06:38:09","slug":"1-herren-sonntag-in-emslage-gefordert","status":"publish","type":"post","link":"https:\/\/www.sv-listrup.de\/?p=3447","title":{"rendered":"1.Herren Sonntag in Emslage gefordert &#038; 2. Herren in Beesten!"},"content":{"rendered":"<p>Das zweite Saisonspiel unserer Ersten in der M\u00f6bel Wilken\u00a0Kreisliga steht an. Gastgeber beim ersten Ausw\u00e4rtsspiel ist der hochgehandelte VFL Emslage, der im ersten Spiel ebenfalls 2:2 (gegen Aufsteiger Herzlake II) spielte. Der letztj\u00e4hrige Tabellendritte verpasste den Aufstieg in die Bezirksliga und gilt auch in diesem Jahr als einer der Favoriten auf die vorderen zwei Pl\u00e4tze!<\/p>\n<p>F\u00fcr unsere Erste somit ein hartes Duell, aber auch ein interessanter Gradmesser f\u00fcr die weitere Saison. Nach dem guten ersten Saisonspiel (2:2 gegen Lengerich), folgte ein extrem entt\u00e4uschender Pokalauftritt im Derby gegen Varenrode, den die Mannschaft in jedem Fall wieder gut machen m\u00f6chte. Verzichten muss Coach Lammers in Emslage auf den gesperrten Kapit\u00e4n Bernd Senker und Allrounder Bernd H\u00fcsing. \ud83d\ude15<br \/>Ein echter Charaktertest f\u00fcr den Aufsteiger am Sonntagnachmittag, der die Unterst\u00fctzung der Listruper Zuschauer unbedingt gebrauchen k\u00f6nnte. Auch wenn der Frust bei einigen nach dem Pokalaus gro\u00df war, darf man nicht vergessen was diese Truppe in den letzten Jahren geleistet hat und welche Erfolge mit den Anh\u00e4nger gemeinsam gefeiert wurden. Man steht am Anfang einer langen Saison und wird jede Woche um Punkte k\u00e4mpfen m\u00fcssen!\ud83d\udc4f\ud83c\udffb Das klappt nur gemeinsam \ud83d\udcaa\ud83c\udffb\ud83d\ude09<\/p>\n<p>Emslage ist mit 54 km (ca 35 Minuten Fahrzeit) \u00fcbrigens gar nicht so weit \ud83d\ude09. Wer m\u00f6chte kann sich ja um 14:15 im Dorf in Listrup einfinden, vielleicht l\u00e4sst sich ja die ein oder andere Fahrgemeinschaft nach Emslage bilden! \ud83d\ude0a\ud83d\udc4f\ud83c\udffb<\/p>\n<p>Laut Fu\u00dfball.de ist die Adresse des Spielortes in Emslage:\u00a0<\/p>\n<p>Heidkampstra\u00dfe 2c in 49716 Meppen<\/p>\n<p>https:\/\/www.google.de\/maps?q=Heidkampstr.+2c%2C+49716+Meppen\u00a0<\/p>\n<p><a href=\"https:\/\/www.sv-listrup.de\/wp-content\/uploads\/2017\/08\/IMG_0087.jpg\"><img loading=\"lazy\" decoding=\"async\" class=\"aligncenter size-full wp-image-3448\" src=\"https:\/\/www.sv-listrup.de\/wp-content\/uploads\/2017\/08\/IMG_0087.jpg\" alt=\"IMG_0087\" width=\"750\" height=\"897\" srcset=\"https:\/\/www.sv-listrup.de\/wp-content\/uploads\/2017\/08\/IMG_0087.jpg 750w, https:\/\/www.sv-listrup.de\/wp-content\/uploads\/2017\/08\/IMG_0087-251x300.jpg 251w\" sizes=\"auto, (max-width: 750px) 100vw, 750px\" \/><\/a><\/p>\n<p>2. Herren am Sonntag gegen Beesten I<\/p>\n<p>Zeitgleich mit unserer Ersten muss unsere Zweite morgen Nachmittag ausw\u00e4rts zur Fortuna Beesten. Der Gastgeber gilt als Kandidat f\u00fcr die oberen Pl\u00e4tze und m\u00f6chte dies auch gegen den Au\u00dfenseiter aus Listrup zeigen. Die Elf von Va Lohm\u00f6ller kam klasse in die Saison und schlug Lengerich II mit 4:2! Abgesehen davon, dass Fortuna wohl \u00fcber mehr Qualit\u00e4t verf\u00fcgt, muss Coach Va auch noch auf einige der Sieggaranten vom 1. Spieltag verzichten, da diese bei der Ersatzgeschw\u00e4chten Ersten gebraucht werden. Schwierige Nummer also, aber mit viel Kampfgeist und einer konzentrierten Defensivleistung sitzt vielleicht doch der ein oder andere Punkt gegen den Club unseres ehemaligen Spielers Dennis F\u00fchner drin!<\/p>\n<p>In jedem Fall auch eine Reise wert \ud83d\ude09\ud83d\udc4f\ud83c\udffb\ud83d\udcaa\ud83c\udffb<\/p>\n","protected":false},"excerpt":{"rendered":"<p>Das zweite Saisonspiel unserer Ersten in der M\u00f6bel Wilken\u00a0Kreisliga steht an. Gastgeber beim ersten Ausw\u00e4rtsspiel ist der hochgehandelte VFL Emslage, der im ersten Spiel ebenfalls 2:2 (gegen Aufsteiger Herzlake II) spielte. Der letztj\u00e4hrige Tabellendritte verpasste den Aufstieg in die Bezirksliga und gilt auch in diesem Jahr als einer der Favoriten auf die vorderen zwei Pl\u00e4tze! F\u00fcr unsere Erste somit ein hartes Duell, aber auch ein interessanter Gradmesser f\u00fcr die weitere Saison. Nach dem guten ersten Saisonspiel (2:2 gegen Lengerich), folgte ein extrem entt\u00e4uschender Pokalauftritt im Derby gegen Varenrode, den die Mannschaft in jedem Fall wieder gut machen m\u00f6chte. Verzichten muss Coach Lammers in Emslage auf den gesperrten Kapit\u00e4n Bernd Senker und Allrounder Bernd H\u00fcsing. \ud83d\ude15Ein echter Charaktertest f\u00fcr den Aufsteiger am Sonntagnachmittag, der die Unterst\u00fctzung der Listruper Zuschauer unbedingt gebrauchen k\u00f6nnte. Auch wenn der Frust bei einigen nach dem Pokalaus gro\u00df war, darf man nicht vergessen was diese Truppe in den letzten Jahren geleistet hat und welche Erfolge mit den Anh\u00e4nger gemeinsam gefeiert wurden. Man steht am Anfang einer langen Saison und wird jede Woche um Punkte k\u00e4mpfen m\u00fcssen!\ud83d\udc4f\ud83c\udffb Das [&hellip;]<\/p>\n","protected":false},"author":7,"featured_media":3448,"comment_status":"open","ping_status":"open","sticky":false,"template":"","format":"standard","meta":{"footnotes":""},"categories":[11],"tags":[],"class_list":["post-3447","post","type-post","status-publish","format-standard","has-post-thumbnail","hentry","category-seniorenfussball-1-senioren"],"_links":{"self":[{"href":"https:\/\/www.sv-listrup.de\/index.php?rest_route=\/wp\/v2\/posts\/3447","targetHints":{"allow":["GET"]}}],"collection":[{"href":"https:\/\/www.sv-listrup.de\/index.php?rest_route=\/wp\/v2\/posts"}],"about":[{"href":"https:\/\/www.sv-listrup.de\/index.php?rest_route=\/wp\/v2\/types\/post"}],"author":[{"embeddable":true,"href":"https:\/\/www.sv-listrup.de\/index.php?rest_route=\/wp\/v2\/users\/7"}],"replies":[{"embeddable":true,"href":"https:\/\/www.sv-listrup.de\/index.php?rest_route=%2Fwp%2Fv2%2Fcomments&post=3447"}],"version-history":[{"count":4,"href":"https:\/\/www.sv-listrup.de\/index.php?rest_route=\/wp\/v2\/posts\/3447\/revisions"}],"predecessor-version":[{"id":3453,"href":"https:\/\/www.sv-listrup.de\/index.php?rest_route=\/wp\/v2\/posts\/3447\/revisions\/3453"}],"wp:featuredmedia":[{"embeddable":true,"href":"https:\/\/www.sv-listrup.de\/index.php?rest_route=\/wp\/v2\/media\/3448"}],"wp:attachment":[{"href":"https:\/\/www.sv-listrup.de\/index.php?rest_route=%2Fwp%2Fv2%2Fmedia&parent=3447"}],"wp:term":[{"taxonomy":"category","embeddable":true,"href":"https:\/\/www.sv-listrup.de\/index.php?rest_route=%2Fwp%2Fv2%2Fcategories&post=3447"},{"taxonomy":"post_tag","embeddable":true,"href":"https:\/\/www.sv-listrup.de\/index.php?rest_route=%2Fwp%2Fv2%2Ftags&post=3447"}],"curies":[{"name":"wp","href":"https:\/\/api.w.org\/{rel}","templated":true}]}}