{"id":345,"date":"2015-02-24T11:29:31","date_gmt":"2015-02-24T11:29:31","guid":{"rendered":"http:\/\/sv-listrup.de\/?p=345"},"modified":"2015-04-02T15:01:46","modified_gmt":"2015-04-02T15:01:46","slug":"generalversammlung-2014","status":"publish","type":"post","link":"https:\/\/www.sv-listrup.de\/?p=345","title":{"rendered":"Generalversammlung &#8211; 2012"},"content":{"rendered":"<p style=\"text-align: center;\"><strong>WM-Kegler Julian Geerdes Sportler des Jahres<\/strong><\/p>\n<p style=\"text-align: center;\"><strong>Ansgar J\u00e4ckering und Sabine Lohm\u00f6ller neu im Vorstand<\/strong><\/p>\n<p><strong>\u00a0<\/strong><\/p>\n<p><strong>Listrup. <\/strong>Auf der mit 60 Mitgliedern gut besuchten Generalversammlung des SV Listrup<\/p>\n<p>wurde der junge Sportkegler Julian Geerdes zum Sportler des Jahres gew\u00e4hlt. Die<\/p>\n<p>Versammlung honorierte damit die gro\u00dfen Erfolge, von denen Hermann Egbers als Vertreter<\/p>\n<p>der Sportkegler zuvor berichtet hatte. Julian wurde nicht nur Meister mit der Ersten<\/p>\n<p>Mannschaft des SVL in der Verbandsklasse West, sondern au\u00dferdem in unterschiedlichen<\/p>\n<p>Wettbewerben in der Altersklasse U18 vierfacher Landesmeister und belegte bei den<\/p>\n<p>Deutschen Meisterschaften in D\u00fcsseldorf einen dritten, einen f\u00fcnften, einen siebten und<\/p>\n<p>einen neunten Platz. Als Konsequenz wurde er in den U18-Bundeskader f\u00fcr die WM 2012<\/p>\n<p>berufen. Damit stellt der Verein erstmals einen WM-Teilnehmer. Wie Egbers berichtete<\/p>\n<p>hatten auch die \u00fcbrigen Sportkegler ein \u00e4u\u00dferst erfolgreiches Jahr. Neben zahlreichen<\/p>\n<p>weiteren Einzelerfolgen bei Bezirks- und Landesmeisterschaften ist auch die Zweite<\/p>\n<p>Mannschaft als Meister ihrer Klasse in die Bezirksliga aufgestiegen.<\/p>\n<p>Nachdem auch aus den anderen Abteilungen ausf\u00fchrlich von den Erfolgen und Misserfolgen<\/p>\n<p>berichtet wurde, zeichnete der erste Vorsitzende Werner Pl\u00fcth herausragende Sportler des<\/p>\n<p>vergangenen Jahres aus. Er \u00fcberreichte Meira Afting als Jugendfu\u00dfballerin des Jahres, Devon<\/p>\n<p>Lohm\u00f6ller als Jugendfu\u00dfballer des Jahres, Monique Gelker als Fu\u00dfballerin des Jahres und<\/p>\n<p>Christoph R\u00f6ttering als Fu\u00dfballer des Jahres ein kleines Pr\u00e4sent. Thomas Me\u00df (Kegler des<\/p>\n<p>Jahres) und Julian Geerdes konnten leider nicht anwesend sein.<\/p>\n<p>Weiterer H\u00f6hepunkt der Versammlung waren die Vorstandswahlen. Udo Wobbe (2.<\/p>\n<p>Vorsitzender) und Klaus Berger (3. Vorsitzender) standen f\u00fcr eine Wiederwahl nicht zur<\/p>\n<p>Verf\u00fcgung. F\u00fcr sie wurden Ansgar J\u00e4ckering und Sabine Lohm\u00f6ller neu in den<\/p>\n<p>Vereinsvorstand gew\u00e4hlt.<\/p>\n<p><img loading=\"lazy\" decoding=\"async\" class=\"aligncenter size-full wp-image-346\" src=\"https:\/\/www.sv-listrup.de\/wp-content\/uploads\/2015\/02\/gv_2014.png\" alt=\"gv_2014\" width=\"742\" height=\"546\" \/><\/p>\n<div style=\"text-align: center;\" data-canvas-width=\"58.07509188151032\"><em>Das Foto zeigt von links Monique Gelker, Meira Afting, Werner Pl\u00fcth, Devon Lohm\u00f6ller und Christoph R\u00f6ttering.<\/em><\/div>\n<p>&nbsp;<\/p>\n","protected":false},"excerpt":{"rendered":"<p>WM-Kegler Julian Geerdes Sportler des Jahres Ansgar J\u00e4ckering und Sabine Lohm\u00f6ller neu im Vorstand \u00a0 Listrup. Auf der mit 60 Mitgliedern gut besuchten Generalversammlung des SV Listrup wurde der junge Sportkegler Julian Geerdes zum Sportler des Jahres gew\u00e4hlt. Die Versammlung honorierte damit die gro\u00dfen Erfolge, von denen Hermann Egbers als Vertreter der Sportkegler zuvor berichtet hatte. Julian wurde nicht nur Meister mit der Ersten Mannschaft des SVL in der Verbandsklasse West, sondern au\u00dferdem in unterschiedlichen Wettbewerben in der Altersklasse U18 vierfacher Landesmeister und belegte bei den Deutschen Meisterschaften in D\u00fcsseldorf einen dritten, einen f\u00fcnften, einen siebten und einen neunten Platz. Als Konsequenz wurde er in den U18-Bundeskader f\u00fcr die WM 2012 berufen. Damit stellt der Verein erstmals einen WM-Teilnehmer. Wie Egbers berichtete hatten auch die \u00fcbrigen Sportkegler ein \u00e4u\u00dferst erfolgreiches Jahr. Neben zahlreichen weiteren Einzelerfolgen bei Bezirks- und Landesmeisterschaften ist auch die Zweite Mannschaft als Meister ihrer Klasse in die Bezirksliga aufgestiegen. Nachdem auch aus den anderen Abteilungen ausf\u00fchrlich von den Erfolgen und Misserfolgen berichtet wurde, zeichnete der erste Vorsitzende Werner Pl\u00fcth herausragende Sportler des vergangenen Jahres aus. Er \u00fcberreichte [&hellip;]<\/p>\n","protected":false},"author":1,"featured_media":597,"comment_status":"open","ping_status":"open","sticky":false,"template":"","format":"standard","meta":{"footnotes":""},"categories":[25],"tags":[],"class_list":["post-345","post","type-post","status-publish","format-standard","has-post-thumbnail","hentry","category-generalversammlung"],"_links":{"self":[{"href":"https:\/\/www.sv-listrup.de\/index.php?rest_route=\/wp\/v2\/posts\/345","targetHints":{"allow":["GET"]}}],"collection":[{"href":"https:\/\/www.sv-listrup.de\/index.php?rest_route=\/wp\/v2\/posts"}],"about":[{"href":"https:\/\/www.sv-listrup.de\/index.php?rest_route=\/wp\/v2\/types\/post"}],"author":[{"embeddable":true,"href":"https:\/\/www.sv-listrup.de\/index.php?rest_route=\/wp\/v2\/users\/1"}],"replies":[{"embeddable":true,"href":"https:\/\/www.sv-listrup.de\/index.php?rest_route=%2Fwp%2Fv2%2Fcomments&post=345"}],"version-history":[{"count":2,"href":"https:\/\/www.sv-listrup.de\/index.php?rest_route=\/wp\/v2\/posts\/345\/revisions"}],"predecessor-version":[{"id":803,"href":"https:\/\/www.sv-listrup.de\/index.php?rest_route=\/wp\/v2\/posts\/345\/revisions\/803"}],"wp:featuredmedia":[{"embeddable":true,"href":"https:\/\/www.sv-listrup.de\/index.php?rest_route=\/wp\/v2\/media\/597"}],"wp:attachment":[{"href":"https:\/\/www.sv-listrup.de\/index.php?rest_route=%2Fwp%2Fv2%2Fmedia&parent=345"}],"wp:term":[{"taxonomy":"category","embeddable":true,"href":"https:\/\/www.sv-listrup.de\/index.php?rest_route=%2Fwp%2Fv2%2Fcategories&post=345"},{"taxonomy":"post_tag","embeddable":true,"href":"https:\/\/www.sv-listrup.de\/index.php?rest_route=%2Fwp%2Fv2%2Ftags&post=345"}],"curies":[{"name":"wp","href":"https:\/\/api.w.org\/{rel}","templated":true}]}}