{"id":3488,"date":"2017-08-22T13:35:13","date_gmt":"2017-08-22T13:35:13","guid":{"rendered":"http:\/\/sv-listrup.de\/?p=3488"},"modified":"2017-08-22T13:35:13","modified_gmt":"2017-08-22T13:35:13","slug":"jsg-b1-startet-mit-20-erfolg-in-die-bezirksliga","status":"publish","type":"post","link":"https:\/\/www.sv-listrup.de\/?p=3488","title":{"rendered":"JSG: B1 startet mit 2:0-Erfolg in die Bezirksliga!"},"content":{"rendered":"<p>Gegen den Mitaufsteiger JSG Haren\/Emmeln machte unsere U17 am Freitagabend in ihrem ersten Bezirksliga-Spiel nach dem Aufstieg ein gutes Spiel und siegte am Ende verdient mit 2:0. Weniger gut lief es f\u00fcr unsere A1 und C1: Beide mussten trotz zahlreicher Torchancen Niederlagen einstecken.<\/p>\n<p><strong>A-Jugend:<\/strong><\/p>\n<p>Alles war angerichtet f\u00fcr den Landesligastart unsere U19 am Samstagnachmittag im Concordia-Park: Ca. 100 Zuschauer sorgten im Derby auf dem Hauptplatz im Concordia-Park gegen den FC Sch\u00fcttorf 09 f\u00fcr eine gute Kulisse. Die Mannschaft trat bis auf den verletzten Oliver Teipen in Bestbesetzung an.<\/p>\n<p>Und tats\u00e4chlich schlug sich unser Team gut. Die Sch\u00fcttorfer hatten in der ersten Halbzeit insgesamt mehr Spielanteile, jedoch gelang es auch unserer A1 immer wieder gef\u00e4hrliche Angriffe auf das Grafschafter Geh\u00e4use zu starten. Leider wurden diese jedoch s\u00e4mtlich vergeben. Den Sch\u00fcttorfern gelang hingegen z. T. mit Unterst\u00fctzung unserer Hintermannschaft durch Treffer in der 26. und 38. Minute zur Halbzeit eine 0:2-F\u00fchrung.<\/p>\n<p>In der zweiten Halbzeit nahm der Druck auf das Sch\u00fcttorfer Tor zu, hier gab es nochmals \u201edickste Chancen\u201c f\u00fcr unser Team. Der Anschlusstreffer wollte jedoch auch jetzt nicht gelingen. Stattdessen erh\u00f6hten die G\u00e4ste in der 61. Minute gar auf 0:3, was als Endergebnis \u00fcber ein eigentlich ausgeglichenes Spiel hinwegt\u00e4uscht.<\/p>\n<p>Bis auf das Ergebnis zeigte sich Trainer R\u00fcdiger Gr\u00fcner letztendlich zufrieden mit seiner Mannschaft, die eine gute Leistung zeigte, auf die man aufbauen kann. Das Spiel hat gezeigt, dass bei besserer Torchancenverwertung in der Landesliga f\u00fcr unsere JSG sicherlich was m\u00f6glich ist. Bilder vom Spiel auf Fupa gibt es hier: https:\/\/www.fupa.net\/galerie\/sg-emsbueren-leschede-listrup-fc-schuettorf-09-231978\/foto1.html<\/p>\n<p>Am kommenden Sonntag (27.08.) reist unsere A1 im ersten Ausw\u00e4rtsspiel zum VfL Oyte bei Vechta. Diese mussten am ersten Spieltag mit einem 0:4 gegen Olympia Laxten ebenfalls eine Auftaktniederlage hinnehmen.<\/p>\n<p>Die A-Jugend-Ergebnisse der vergangenen Woche:<\/p>\n<p>&nbsp;<\/p>\n<ul>\n<li>Landesliga:\u00a0\u00a0\u00a0\u00a0\u00a0\u00a0\u00a0\u00a0\u00a0\u00a0\u00a0\u00a0\u00a0\u00a0\u00a0\u00a0 JSG A1 \u2013 FC Sch\u00fcttorf 09\u00a0\u00a0\u00a0\u00a0\u00a0\u00a0\u00a0\u00a0\u00a0\u00a0\u00a0\u00a0\u00a0\u00a0\u00a0 0:3<\/li>\n<li>1. Kreisklasse:\u00a0\u00a0\u00a0\u00a0\u00a0\u00a0\u00a0\u00a0\u00a0\u00a0\u00a0 JSG A2\u00a0\u00a0\u00a0\u00a0\u00a0\u00a0\u00a0\u00a0\u00a0\u00a0\u00a0\u00a0\u00a0\u00a0\u00a0\u00a0\u00a0\u00a0\u00a0\u00a0\u00a0\u00a0\u00a0\u00a0\u00a0\u00a0\u00a0\u00a0\u00a0\u00a0\u00a0\u00a0\u00a0\u00a0\u00a0\u00a0\u00a0\u00a0\u00a0\u00a0\u00a0\u00a0\u00a0\u00a0\u00a0 Spielfrei<\/li>\n<\/ul>\n<p>&nbsp;<\/p>\n<p><strong>B-Jugend:<\/strong><\/p>\n<p>Einen guten Saisonauftakt erlebte bereits am Freitagabend unsere B1! Diese hatte den Mitaufsteiger JSG Haren\/Emmeln zu Gast, die in der ersten Halbzeit ihr Heil im Abwehrpressing versuchten. Dennoch kam es zu guten Torchancen unserer \u00fcberlegen spielenden B1: Zwei davon konnten Kevin Schwarze und Nico Seltier mit einer sch\u00f6nen Direktabnahme nutzen, so dass es eine verdiente Halbzeitf\u00fchrung gab.<\/p>\n<p>In der zweiten Halbzeit wagten die G\u00e4ste etwas mehr Offensive, so dass es nun ein relativ ausgeglichenes Spiel gab. Zwei \u201ehunderprozentige\u201c Chancen wurden von unserer JSG-Offensive leider vergeben, so dass der Deckel mit einem vorentscheidenden 3:0 leider noch nicht draufgemacht werden konnte. F\u00fcr die Harener war indes bis zum Abpfiff sp\u00e4testens beim guten Keeper Christian Jansen Schluss, so dass die Mannschaft des Trainerteams D\u00fctz\/R\u00e4kers\/Drente\/Schwarze am Ende vollkommen verdient drei Punkte zuhause behalten konnte!<\/p>\n<p><strong>Am kommenden Freitag (25.08.2017) hat unsere U17 wieder ein Heimspiel, diesmal gegen die JSG Wietmarschen\/Lohne. Ansto\u00df ist um 19.00 Uhr auf dem Lescheder Sportplatz.<\/strong><\/p>\n<p>&nbsp;<\/p>\n<p>Die B-Jugend-Ergebnisse der vergangenen Woche:<\/p>\n<ul>\n<li>Bezirksliga:\u00a0\u00a0\u00a0\u00a0\u00a0\u00a0\u00a0\u00a0\u00a0\u00a0\u00a0\u00a0\u00a0\u00a0\u00a0\u00a0 JSG B1 \u2013 JSG Haren\/Emmeln\u00a0\u00a0\u00a0\u00a0\u00a0\u00a0\u00a0\u00a0 2:0<\/li>\n<li>Kreispokal:\u00a0\u00a0\u00a0\u00a0\u00a0\u00a0\u00a0\u00a0\u00a0\u00a0\u00a0\u00a0\u00a0\u00a0\u00a0\u00a0 JSG B2 \u2013 JSG Freren 3\u00a0\u00a0\u00a0\u00a0\u00a0\u00a0\u00a0\u00a0\u00a0\u00a0\u00a0\u00a0\u00a0\u00a0\u00a0\u00a0\u00a0\u00a0\u00a0 4:0<\/li>\n<li>Kreispokal: \u00a0\u00a0\u00a0\u00a0\u00a0\u00a0\u00a0\u00a0\u00a0\u00a0\u00a0\u00a0\u00a0\u00a0\u00a0 JSG RB\/VfB Lingen \u2013 JSG B3\u00a0\u00a0\u00a0\u00a0\u00a0\u00a0\u00a0\u00a0 10:0<\/li>\n<\/ul>\n<p>&nbsp;<\/p>\n<p><strong>C-Jugend:<\/strong><\/p>\n<p>Einen sehr guten Eindruck machte unsere U15 in ihrem Ausw\u00e4rtsspiel beim SV Bokeloh, der in der Vorbereitung und den ersten Saisonspielen mit sehr guten Ergebnissen aufgewartet hatte. Die 0:1-F\u00fchrung f\u00fcr unser Team erzielte nach einem schnell ausgef\u00fchrten Einwurf von Daniello J\u00e4nsch sein Sturmpartner Pascal Katzy. Mit einem verwandelten Freisto\u00df aus 20 Metern glichen die Gastgeber noch vor der Pause aus.<\/p>\n<p>Nach dem Pausentee erh\u00f6hte der SV Bokeloh zun\u00e4chst auf 2:1, nachdem unser Team einen Eckball nicht entscheidend kl\u00e4ren konnte. Sp\u00e4testens jetzt wurde dieses gutklassige Match auch sehr intensiv von beiden Mannschaften gef\u00fchrt. Nach einem herrlichen Angriff \u00fcber die rechte Au\u00dfenbahn konnte Bernhard Haarmann die gute Hereingabe von Daniello J\u00e4nsch zum 2:2 verwerten.<\/p>\n<p>Danach konnte unser Team eine hochkar\u00e4tige \u201eDoppelchance\u201c leider nicht im gegnerischen Tor unterbringen. Es folgte wie schon in der letzten Woche in Hasel\u00fcnne eine bittere Schlussphase f\u00fcr unsere C1: Nach einer Bogenlampe aus ca. 25 Metern senkte sich der Ball \u00fcber unseren guten Torh\u00fcter Jannis Drees hinweg unhaltbar zum 3:2 f\u00fcr die Gastgeber in den Torwinkel. Trotz starken Dr\u00e4ngens unserer U15 auf den sicherlich mehr als verdienten Ausgleich gelang dieser leider nicht mehr.<\/p>\n<p>Die Trainer Heiner Feldmann und Fabian Hopmann waren dennoch mit ihrem Team am Ende sehr zufrieden, zeigte es doch erneut eine sehr gute spielerische und k\u00e4mpferische Leistung, auf die aufgebaut werden kann.<\/p>\n<p><strong>Am kommenden Sonntag (27.08.2017) hat auch unsere C1 wieder ein Heimspiel: Um 11.00 Uhr stellt sich dann die JSG Dalum\/Gro\u00df Hesepe im Concordia-Park vor.<\/strong><\/p>\n<p>Die C-Jugend-Ergebnisse der vergangenen Woche:<\/p>\n<p>&nbsp;<\/p>\n<ul>\n<li>Kreisliga:\u00a0\u00a0\u00a0\u00a0\u00a0\u00a0\u00a0\u00a0\u00a0\u00a0\u00a0\u00a0\u00a0\u00a0\u00a0\u00a0\u00a0\u00a0\u00a0 SV Bokeloh \u2013 JSG C1\u00a0\u00a0\u00a0\u00a0\u00a0\u00a0\u00a0\u00a0\u00a0\u00a0\u00a0\u00a0\u00a0\u00a0\u00a0\u00a0\u00a0\u00a0\u00a0\u00a0\u00a0 3:2<\/li>\n<li>Kreispokal:\u00a0\u00a0\u00a0\u00a0\u00a0\u00a0\u00a0\u00a0\u00a0\u00a0\u00a0\u00a0\u00a0\u00a0\u00a0\u00a0 SVA Salzbergen 2 \u2013 JSG C2\u00a0\u00a0\u00a0\u00a0\u00a0\u00a0\u00a0\u00a0\u00a0\u00a0\u00a0\u00a0\u00a0\u00a0\u00a0\u00a0\u00a0\u00a0\u00a0\u00a0\u00a0\u00a0\u00a0 1:7<\/li>\n<li>2. Kreisklasse:\u00a0\u00a0\u00a0\u00a0\u00a0\u00a0\u00a0\u00a0\u00a0\u00a0\u00a0 JSG C3\u00a0\u00a0\u00a0\u00a0\u00a0\u00a0\u00a0\u00a0\u00a0\u00a0\u00a0\u00a0\u00a0\u00a0\u00a0\u00a0\u00a0\u00a0\u00a0\u00a0\u00a0\u00a0\u00a0\u00a0\u00a0\u00a0\u00a0\u00a0\u00a0\u00a0\u00a0\u00a0\u00a0\u00a0\u00a0\u00a0\u00a0\u00a0\u00a0\u00a0\u00a0\u00a0\u00a0\u00a0\u00a0 Spielfrei<\/li>\n<li>2. Kreisklasse:\u00a0\u00a0\u00a0\u00a0\u00a0\u00a0\u00a0\u00a0\u00a0\u00a0\u00a0 JSG C4 \u2013 Olympia Laxten 4\u00a0\u00a0\u00a0\u00a0\u00a0\u00a0\u00a0\u00a0\u00a0\u00a0\u00a0\u00a0 5:13<\/li>\n<li>Kreispokal:\u00a0\u00a0\u00a0\u00a0\u00a0\u00a0\u00a0\u00a0\u00a0\u00a0\u00a0\u00a0\u00a0\u00a0\u00a0\u00a0 JSG C5 \u2013 JSG Freren 2\u00a0\u00a0\u00a0\u00a0\u00a0\u00a0\u00a0\u00a0\u00a0\u00a0\u00a0\u00a0\u00a0\u00a0\u00a0\u00a0\u00a0\u00a0 2:1<\/li>\n<\/ul>\n<p>&nbsp;<\/p>\n<p>Alle Fans unserer drei JSG-Vereine sind herzlich eingeladen die JSG-Teams bei ihren Spielen zu unterst\u00fctzen!<\/p>\n<p>Bericht: Heiner Feldmann<\/p>\n","protected":false},"excerpt":{"rendered":"<p>Gegen den Mitaufsteiger JSG Haren\/Emmeln machte unsere U17 am Freitagabend in ihrem ersten Bezirksliga-Spiel nach dem Aufstieg ein gutes Spiel und siegte am Ende verdient mit 2:0. Weniger gut lief es f\u00fcr unsere A1 und C1: Beide mussten trotz zahlreicher Torchancen Niederlagen einstecken. A-Jugend: Alles war angerichtet f\u00fcr den Landesligastart unsere U19 am Samstagnachmittag im Concordia-Park: Ca. 100 Zuschauer sorgten im Derby auf dem Hauptplatz im Concordia-Park gegen den FC Sch\u00fcttorf 09 f\u00fcr eine gute Kulisse. Die Mannschaft trat bis auf den verletzten Oliver Teipen in Bestbesetzung an. Und tats\u00e4chlich schlug sich unser Team gut. Die Sch\u00fcttorfer hatten in der ersten Halbzeit insgesamt mehr Spielanteile, jedoch gelang es auch unserer A1 immer wieder gef\u00e4hrliche Angriffe auf das Grafschafter Geh\u00e4use zu starten. Leider wurden diese jedoch s\u00e4mtlich vergeben. Den Sch\u00fcttorfern gelang hingegen z. T. mit Unterst\u00fctzung unserer Hintermannschaft durch Treffer in der 26. und 38. Minute zur Halbzeit eine 0:2-F\u00fchrung. In der zweiten Halbzeit nahm der Druck auf das Sch\u00fcttorfer Tor zu, hier gab es nochmals \u201edickste Chancen\u201c f\u00fcr unser Team. Der Anschlusstreffer wollte jedoch auch jetzt nicht gelingen. Stattdessen erh\u00f6hten [&hellip;]<\/p>\n","protected":false},"author":3,"featured_media":2867,"comment_status":"open","ping_status":"open","sticky":false,"template":"","format":"standard","meta":{"footnotes":""},"categories":[42],"tags":[],"class_list":["post-3488","post","type-post","status-publish","format-standard","has-post-thumbnail","hentry","category-jsg"],"_links":{"self":[{"href":"https:\/\/www.sv-listrup.de\/index.php?rest_route=\/wp\/v2\/posts\/3488","targetHints":{"allow":["GET"]}}],"collection":[{"href":"https:\/\/www.sv-listrup.de\/index.php?rest_route=\/wp\/v2\/posts"}],"about":[{"href":"https:\/\/www.sv-listrup.de\/index.php?rest_route=\/wp\/v2\/types\/post"}],"author":[{"embeddable":true,"href":"https:\/\/www.sv-listrup.de\/index.php?rest_route=\/wp\/v2\/users\/3"}],"replies":[{"embeddable":true,"href":"https:\/\/www.sv-listrup.de\/index.php?rest_route=%2Fwp%2Fv2%2Fcomments&post=3488"}],"version-history":[{"count":1,"href":"https:\/\/www.sv-listrup.de\/index.php?rest_route=\/wp\/v2\/posts\/3488\/revisions"}],"predecessor-version":[{"id":3489,"href":"https:\/\/www.sv-listrup.de\/index.php?rest_route=\/wp\/v2\/posts\/3488\/revisions\/3489"}],"wp:featuredmedia":[{"embeddable":true,"href":"https:\/\/www.sv-listrup.de\/index.php?rest_route=\/wp\/v2\/media\/2867"}],"wp:attachment":[{"href":"https:\/\/www.sv-listrup.de\/index.php?rest_route=%2Fwp%2Fv2%2Fmedia&parent=3488"}],"wp:term":[{"taxonomy":"category","embeddable":true,"href":"https:\/\/www.sv-listrup.de\/index.php?rest_route=%2Fwp%2Fv2%2Fcategories&post=3488"},{"taxonomy":"post_tag","embeddable":true,"href":"https:\/\/www.sv-listrup.de\/index.php?rest_route=%2Fwp%2Fv2%2Ftags&post=3488"}],"curies":[{"name":"wp","href":"https:\/\/api.w.org\/{rel}","templated":true}]}}