{"id":3507,"date":"2017-08-28T13:08:52","date_gmt":"2017-08-28T13:08:52","guid":{"rendered":"http:\/\/sv-listrup.de\/?p=3507"},"modified":"2017-08-28T13:10:49","modified_gmt":"2017-08-28T13:10:49","slug":"jsg-a1-ist-in-der-landesliga-angekommen-53-auswaertssieg-in-oyte","status":"publish","type":"post","link":"https:\/\/www.sv-listrup.de\/?p=3507","title":{"rendered":"JSG: A1 ist in der Landesliga angekommen \u2013 5:3-Ausw\u00e4rtssieg in Oyte!"},"content":{"rendered":"<p>Da ist er: Der erste Sieg in der Landesliga, und er f\u00fchlt sich gut an! Mit drei Punkten kam am Sonntagabend unsere U19 aus Oyte bei Vechta wieder, die Mannschaft von Trainer R\u00fcdiger Gr\u00fcner gewann mit 5:3! F\u00fcr unsere B1 gab es gegen eine starke JSG Wietmarschen\/Lohne eine 1:4-Heimniederlage. Unsere C1 konnte am Sonntagmittag einen Kantersieg gegen die JSG Dalum\/Hesepe feiern!<\/p>\n<p><strong>A-Jugend:<\/strong><\/p>\n<p>Eine erneut gute Leistung zeigte unsere U19 in ihrem ersten Landesliga-Ausw\u00e4rtsspiel beim VfL Oyte. Timo Biermann brachte unsere JSG in der 15 Spielminute mit 1:0 in Front, dieses war auch schon der Halbzeitstand.<\/p>\n<p>Torreich wurde es dann im zweiten Spielabschnitt: Im engen Takt folgten das 0:2 durch Yannek Midden, das 1:2 der Gastgeber sowie die Treffer zum 1:3 durch Ali Noori und 1:4 durch Simon Roling. Durch zwei Treffer des eingewechselten starken S\u00f6ren Berendes zum 2:4 und 3:4 f\u00fcr die Gastgeber kam in der 81. Minute noch einmal Spannung auf, ehe Leon Fretschner mit dem 3:5 in der 85. Minute f\u00fcr die endg\u00fcltige Entscheidung sorgte. Unsere U19 hatte es insbesondere in der zweiten Halbzeit mit einer b\u00e4renstarken Offensive des VfL Oyte zu tun, in der Abwehr waren die G\u00e4ste lange nicht so gut aufgestellt. Erfreulich, dass nach dem Spiel gegen Sch\u00fcttorf 09 in der letzten Woche unsere JSG nun die sich bietenden Torchancen nutzen konnte!<\/p>\n<p>Die Mannschaft ist somit nun endg\u00fcltig in der Landesliga angekommen und hat gezeigt, dass sie hier mithalten kann! Sie liegt nun nach zwei Spielen mit drei Punkten vor der Abstiegszone auf Rang 9 der Landesliga-Tabelle.<\/p>\n<p>Am kommenden Wochenende hat unsere A1 spielfrei, ehe es am Freitag, dem 08.09.2017 um 19.30 Uhr zu einem echten Highlight im Concordia-Park kommt: Zu Gast ist dann Kickers Emden!<\/p>\n<p>Die A-Jugend-Ergebnisse der vergangenen Woche:<\/p>\n<ul>\n<li>Landesliga:\u00a0\u00a0\u00a0\u00a0\u00a0\u00a0\u00a0\u00a0\u00a0\u00a0\u00a0\u00a0\u00a0\u00a0\u00a0\u00a0 VfL Oyte \u2013 JSG A1\u00a0\u00a0\u00a0\u00a0\u00a0\u00a0\u00a0\u00a0\u00a0\u00a0\u00a0\u00a0\u00a0\u00a0\u00a0\u00a0\u00a0\u00a0\u00a0\u00a0\u00a0\u00a0\u00a0\u00a0\u00a0\u00a0\u00a0\u00a0\u00a0\u00a0\u00a0\u00a0\u00a0\u00a0\u00a0\u00a0\u00a0\u00a0 3:5<\/li>\n<li>1. Kreisklasse:\u00a0\u00a0\u00a0\u00a0\u00a0\u00a0\u00a0\u00a0\u00a0\u00a0\u00a0 JSG A2 \u2013 JSG Meppen\/Schwef.\/Tegl. 2\u00a0\u00a0\u00a0\u00a0 0:9<\/li>\n<\/ul>\n<p>JSG Mess.\/L\u00fcnne\/Bramsche \u2013 JSG A2\u00a0\u00a0\u00a0\u00a0\u00a0 2.2<\/p>\n<p>&nbsp;<\/p>\n<p><strong>B-Jugend:<\/strong><\/p>\n<p>Einen starken Gegner hatte unsere ersatzgeschw\u00e4chte B1 am Freitagabend auf dem Lescheder Sportplatz zu Gast: Die JSG Wietmarschen\/Lohne ging zudem auch noch bereits nach sechs Spielminuten mit 0:1 durch Daniel Eising in F\u00fchrung.<\/p>\n<p>Dennoch konnte im weiteren Verlauf unsere U17 in der ersten Halbzeit gut mit dem Gegner mithalten und sich auch selbst z. T. sehr gute Chancen herausspielen, die jedoch ungenutzt blieben.<\/p>\n<p>Auch in der zweiten Halbzeit erzielten die G\u00e4ste erneut durch Daniel Eising ein fr\u00fches Tor. Diese hatten fortan dann mehr vom Spiel und gingen durch den dritten Treffer von Daniel Eising in der 54. Minute vorentscheidend mit 0:3 in Front.<\/p>\n<p>Marvin Schwarze konnte danach noch auf 1:3 verk\u00fcrzen, ehe die Lohner fast im Gegenzug in der 75. Minute mit dem 1:4 den alten Abstand wiederherstellten. Am Ende ein verdienter Sieg f\u00fcr die JSG Wietmarschen\/Lohne, die damit die Tabellenf\u00fchrung \u00fcbernehmen konnte. Die Mannschaft von Phillip D\u00fctz, Christian R\u00e4kers, Thorsten Drente und Frank Schwarze liegt aktuell auf Rang 5 der Bezirksliga in der noch jungen Saison.<\/p>\n<p>Am kommenden Freitag (01.09.2017) hat unsere U17 ihr erstes Bezirksliga-Ausw\u00e4rtsspiel: Unsere Jungs sind dann zu Gast im Hasetalstadion beim VfL Herzlake, Ansto\u00df ist um 19.00 Uhr.<\/p>\n<p><strong>\u00a0<\/strong><\/p>\n<p>Die B-Jugend-Ergebnisse der vergangenen Woche:<\/p>\n<ul>\n<li>Bezirksliga:\u00a0\u00a0\u00a0\u00a0\u00a0\u00a0\u00a0\u00a0\u00a0\u00a0\u00a0\u00a0\u00a0\u00a0\u00a0\u00a0 JSG B1 \u2013 JSG Wietmarschen\/Lohne\u00a0\u00a0\u00a0\u00a0\u00a0\u00a0\u00a0\u00a0\u00a0\u00a0 1:4<\/li>\n<li>1. Kreisklasse:\u00a0\u00a0\u00a0\u00a0\u00a0\u00a0\u00a0\u00a0\u00a0\u00a0\u00a0 JSG B2 \u2013 JSG Freren 2\u00a0\u00a0\u00a0\u00a0\u00a0\u00a0\u00a0\u00a0\u00a0\u00a0\u00a0\u00a0\u00a0\u00a0\u00a0\u00a0\u00a0\u00a0\u00a0\u00a0\u00a0\u00a0\u00a0\u00a0\u00a0\u00a0\u00a0\u00a0\u00a0\u00a0 5:0<\/li>\n<li>2. Kreisklasse:\u00a0\u00a0\u00a0\u00a0\u00a0\u00a0\u00a0\u00a0\u00a0\u00a0\u00a0 JSG B3 \u2013 JSG Freren 3\u00a0\u00a0\u00a0\u00a0\u00a0\u00a0\u00a0\u00a0\u00a0\u00a0\u00a0\u00a0\u00a0\u00a0\u00a0\u00a0\u00a0\u00a0\u00a0\u00a0\u00a0\u00a0\u00a0\u00a0\u00a0\u00a0\u00a0\u00a0\u00a0\u00a0 3:2<\/li>\n<\/ul>\n<p>&nbsp;<\/p>\n<p><strong>C-Jugend:<\/strong><\/p>\n<p>Die Reihe der guten Spiele unserer U15 hat sich auch an diesem Sonntag im Heimspiel gegen die JSG Dalum\/Gro\u00df Hesepe fortgesetzt. \u2026und diesmal blieben auch die Punkte in Emsb\u00fcren!<\/p>\n<p>Schon in der ersten Halbzeit war unsere Elf dem Gast \u00fcberlegen und f\u00fchrte zum Pausentee bereits mit 3:1. Nach vier Spielerwechseln in der Halbzeitpause legte die JSG-C1 in der zweiten Halbzeit noch eine Sch\u00fcppe drauf, w\u00e4hrend die G\u00e4ste mit fortdauernder Spieldauer immer weiter abbauten. Somit erkl\u00e4rt sich am Ende ein hoher 10:2-Kantersieg f\u00fcr unsere U15, die bei konsequenterer Chancenverwertung sogar noch h\u00f6her h\u00e4tte gewinnen k\u00f6nnen.<\/p>\n<p>Die Tore erzielten 3x Max Berning, 2x Mathis Focks, 2x Bernhard Haarmann, 2x Pascal Katzy sowie 1x Daniello J\u00e4nsch.<\/p>\n<p>Die Stimmung war somit beim anschlie\u00dfenden Grillen der Spieler mit ihren Eltern und Geschwistern sehr gut! Mit diesem Erfolg konnte unsere C1 den Anschluss an die Spitzengruppe wieder herstellen und liegt nun auf Rang 3 der Kreisliga-Tabelle.<\/p>\n<p>Weiter geht es f\u00fcr unsere U15 mit einem Ausw\u00e4rtsspiel: Am kommenden Sonntag (03.09.) ist die Mannschaft der Trainer Fabian Hopmann, Oliver Niehof und Heiner Feldmann zu Gast bei der JSG Messingen\/L\u00fcnne\/Bramsche. Ansto\u00df ist um 11.00 Uhr in L\u00fcnne.<\/p>\n<p>Die C-Jugend-Ergebnisse der vergangenen Woche:<\/p>\n<p>&nbsp;<\/p>\n<ul>\n<li>Kreisliga:\u00a0\u00a0\u00a0\u00a0\u00a0\u00a0\u00a0\u00a0\u00a0\u00a0\u00a0\u00a0\u00a0\u00a0\u00a0\u00a0\u00a0\u00a0\u00a0 JSG C1 \u2013 JSG Dalum\/Hesepe\u00a0\u00a0\u00a0\u00a0\u00a0\u00a0\u00a0\u00a0\u00a0\u00a0\u00a0\u00a0\u00a0\u00a0\u00a0\u00a0\u00a0\u00a0\u00a0\u00a0 10:2<\/li>\n<li>1. Kreisklasse:\u00a0\u00a0\u00a0\u00a0\u00a0\u00a0\u00a0\u00a0\u00a0\u00a0\u00a0 JSG Freren 2 \u2013 JSG C2\u00a0\u00a0\u00a0\u00a0\u00a0\u00a0\u00a0\u00a0\u00a0\u00a0\u00a0\u00a0\u00a0\u00a0\u00a0\u00a0\u00a0\u00a0\u00a0\u00a0\u00a0\u00a0\u00a0\u00a0\u00a0\u00a0\u00a0\u00a0\u00a0\u00a0 0:2<\/li>\n<li>2. Kreisklasse:\u00a0\u00a0\u00a0\u00a0\u00a0\u00a0\u00a0\u00a0\u00a0\u00a0\u00a0 JSG C3 \u2013 JSG Dohren\/Herzlake\u00a0\u00a0\u00a0\u00a0\u00a0\u00a0\u00a0\u00a0\u00a0\u00a0\u00a0\u00a0\u00a0\u00a0\u00a0\u00a0 6:2<\/li>\n<li>2. Kreisklasse:\u00a0\u00a0\u00a0\u00a0\u00a0\u00a0\u00a0\u00a0\u00a0\u00a0\u00a0 JSG C4\u00a0\u00a0\u00a0\u00a0\u00a0\u00a0\u00a0\u00a0\u00a0\u00a0\u00a0\u00a0\u00a0\u00a0\u00a0\u00a0\u00a0\u00a0\u00a0\u00a0\u00a0\u00a0\u00a0\u00a0\u00a0\u00a0\u00a0\u00a0\u00a0\u00a0\u00a0\u00a0\u00a0\u00a0\u00a0\u00a0\u00a0\u00a0\u00a0\u00a0\u00a0\u00a0\u00a0\u00a0\u00a0\u00a0\u00a0\u00a0\u00a0\u00a0\u00a0\u00a0\u00a0\u00a0\u00a0\u00a0 Spielfrei<\/li>\n<li>2. Kreisklasse:\u00a0\u00a0\u00a0\u00a0\u00a0\u00a0\u00a0\u00a0\u00a0\u00a0\u00a0 JSG C5 \u2013 SVA Salzbergen 2\u00a0\u00a0\u00a0\u00a0\u00a0\u00a0\u00a0\u00a0\u00a0\u00a0\u00a0\u00a0\u00a0\u00a0\u00a0\u00a0\u00a0\u00a0\u00a0\u00a0\u00a0\u00a0\u00a0\u00a0\u00a0\u00a0\u00a0\u00a0\u00a0\u00a0\u00a0\u00a0\u00a0\u00a0 5:3<\/li>\n<\/ul>\n<p>&nbsp;<\/p>\n<p>Alle Fans unserer drei JSG-Vereine sind herzlich eingeladen die JSG-Teams bei ihren Spielen zu unterst\u00fctzen!<\/p>\n<p>Bericht: Heiner Feldmann<\/p>\n","protected":false},"excerpt":{"rendered":"<p>Da ist er: Der erste Sieg in der Landesliga, und er f\u00fchlt sich gut an! Mit drei Punkten kam am Sonntagabend unsere U19 aus Oyte bei Vechta wieder, die Mannschaft von Trainer R\u00fcdiger Gr\u00fcner gewann mit 5:3! F\u00fcr unsere B1 gab es gegen eine starke JSG Wietmarschen\/Lohne eine 1:4-Heimniederlage. Unsere C1 konnte am Sonntagmittag einen Kantersieg gegen die JSG Dalum\/Hesepe feiern! A-Jugend: Eine erneut gute Leistung zeigte unsere U19 in ihrem ersten Landesliga-Ausw\u00e4rtsspiel beim VfL Oyte. Timo Biermann brachte unsere JSG in der 15 Spielminute mit 1:0 in Front, dieses war auch schon der Halbzeitstand. Torreich wurde es dann im zweiten Spielabschnitt: Im engen Takt folgten das 0:2 durch Yannek Midden, das 1:2 der Gastgeber sowie die Treffer zum 1:3 durch Ali Noori und 1:4 durch Simon Roling. Durch zwei Treffer des eingewechselten starken S\u00f6ren Berendes zum 2:4 und 3:4 f\u00fcr die Gastgeber kam in der 81. Minute noch einmal Spannung auf, ehe Leon Fretschner mit dem 3:5 in der 85. Minute f\u00fcr die endg\u00fcltige Entscheidung sorgte. Unsere U19 hatte es insbesondere in der zweiten Halbzeit mit einer b\u00e4renstarken Offensive [&hellip;]<\/p>\n","protected":false},"author":3,"featured_media":3509,"comment_status":"open","ping_status":"open","sticky":false,"template":"","format":"standard","meta":{"footnotes":""},"categories":[42],"tags":[],"class_list":["post-3507","post","type-post","status-publish","format-standard","has-post-thumbnail","hentry","category-jsg"],"_links":{"self":[{"href":"https:\/\/www.sv-listrup.de\/index.php?rest_route=\/wp\/v2\/posts\/3507","targetHints":{"allow":["GET"]}}],"collection":[{"href":"https:\/\/www.sv-listrup.de\/index.php?rest_route=\/wp\/v2\/posts"}],"about":[{"href":"https:\/\/www.sv-listrup.de\/index.php?rest_route=\/wp\/v2\/types\/post"}],"author":[{"embeddable":true,"href":"https:\/\/www.sv-listrup.de\/index.php?rest_route=\/wp\/v2\/users\/3"}],"replies":[{"embeddable":true,"href":"https:\/\/www.sv-listrup.de\/index.php?rest_route=%2Fwp%2Fv2%2Fcomments&post=3507"}],"version-history":[{"count":1,"href":"https:\/\/www.sv-listrup.de\/index.php?rest_route=\/wp\/v2\/posts\/3507\/revisions"}],"predecessor-version":[{"id":3508,"href":"https:\/\/www.sv-listrup.de\/index.php?rest_route=\/wp\/v2\/posts\/3507\/revisions\/3508"}],"wp:featuredmedia":[{"embeddable":true,"href":"https:\/\/www.sv-listrup.de\/index.php?rest_route=\/wp\/v2\/media\/3509"}],"wp:attachment":[{"href":"https:\/\/www.sv-listrup.de\/index.php?rest_route=%2Fwp%2Fv2%2Fmedia&parent=3507"}],"wp:term":[{"taxonomy":"category","embeddable":true,"href":"https:\/\/www.sv-listrup.de\/index.php?rest_route=%2Fwp%2Fv2%2Fcategories&post=3507"},{"taxonomy":"post_tag","embeddable":true,"href":"https:\/\/www.sv-listrup.de\/index.php?rest_route=%2Fwp%2Fv2%2Ftags&post=3507"}],"curies":[{"name":"wp","href":"https:\/\/api.w.org\/{rel}","templated":true}]}}