{"id":3517,"date":"2017-09-01T10:59:48","date_gmt":"2017-09-01T10:59:48","guid":{"rendered":"http:\/\/sv-listrup.de\/?p=3517"},"modified":"2017-09-01T11:40:15","modified_gmt":"2017-09-01T11:40:15","slug":"1-herren-am-samstagabend-zum-derby-nach-leschede-zweite-dritte-am-freitagabend-aktiv","status":"publish","type":"post","link":"https:\/\/www.sv-listrup.de\/?p=3517","title":{"rendered":"1. Herren am Samstagabend zum Derby nach Leschede &#8211; Zweite &#038; Dritte am Freitagabend aktiv!"},"content":{"rendered":"<div id=\"id_59a93d47559630412212271\" class=\"text_exposed_root text_exposed\">\n<p>Zwei Spiele am Freitagabend &#8211; 1. Herren am Samstag in Leschede!<\/p>\n<div data-editor=\"fjs61\" data-block=\"true\" data-offset-key=\"ek299-0-0\">\n<div class=\"_1mf _1mj\" data-offset-key=\"ek299-0-0\"><span data-offset-key=\"ek299-0-0\"><span data-text=\"true\">Derbytime in Leschede \u2013 Der Vorbericht des SVL zum Spiel!<\/span><\/span><\/div>\n<\/div>\n<div data-editor=\"fjs61\" data-block=\"true\" data-offset-key=\"57p5s-0-0\">\u00a0<\/div>\n<div data-editor=\"fjs61\" data-block=\"true\" data-offset-key=\"b7vmq-0-0\">\n<div class=\"_1mf _1mj\" data-offset-key=\"b7vmq-0-0\"><span data-offset-key=\"b7vmq-0-0\"><span data-text=\"true\">Das gab es wahrlich lange nicht mehr: Die 1. Herren des SV Listrup reist zu einem Ligaspiel zur 1. Herren unseres Nachbarn FC 47 Leschede. <\/span><\/span><\/div>\n<\/div>\n<div data-editor=\"fjs61\" data-block=\"true\" data-offset-key=\"4oi3e-0-0\">\n<div class=\"_1mf _1mj\" data-offset-key=\"4oi3e-0-0\"><span data-offset-key=\"4oi3e-0-0\"><span data-text=\"true\">Vor 5 Jahren (2011\/2012), als unsere Erste noch in der 2. Kreisklasse kickte und Leschede in der Bezirksliga spielte, war diese Szenario noch undenkbar. <\/span><\/span><\/div>\n<\/div>\n<div data-editor=\"fjs61\" data-block=\"true\" data-offset-key=\"53c1k-0-0\">\n<div class=\"_1mf _1mj\" data-offset-key=\"53c1k-0-0\"><span data-offset-key=\"53c1k-0-0\"><span data-text=\"true\">Einige Auf- und Abstiege beider Mannschaften sp\u00e4ter begegnet man sich nun, mehr Freude an dieser Tatsache wird aber wohl unser SVL haben. <\/span><\/span><span class=\"_3gl1 _5zz4\" style=\"width: 16px; height: 16px; background-image: url('https:\/\/static.xx.fbcdn.net\/images\/emoji.php\/v9\/f7f\/1\/16\/1f60a.png'); background-size: 16px 16px;\" data-offset-key=\"53c1k-1-0\"><span class=\"_ncl\">\ud83d\ude0a<\/span><\/span><\/div>\n<\/div>\n<div data-editor=\"fjs61\" data-block=\"true\" data-offset-key=\"a26hp-0-0\">\n<div class=\"_1mf _1mj\" data-offset-key=\"a26hp-0-0\"><span data-offset-key=\"a26hp-0-0\"><span data-text=\"true\">Der Nachbar ist nach einem tollen Aufstiegsjahr in der letzten Saison aus der Bezirksliga abgestiegen und hat im Sommer mit dem Trainer Thomas Schulten einen Neuanfang gestartet. Viele junge Akteure galt es einzubauen, die Erwartungshaltungen wurden bewusst runtergeschraubt. Das man nach f\u00fcnf Spielen erst zwei Punkte auf dem Konto hat, war jedoch sicher nicht eingeplant und setzt die Elf bereits fr\u00fch in der Saison unter Zugzwang.<\/span><\/span><\/div>\n<\/div>\n<div data-editor=\"fjs61\" data-block=\"true\" data-offset-key=\"71sfr-0-0\">\u00a0<\/div>\n<div data-editor=\"fjs61\" data-block=\"true\" data-offset-key=\"4nh87-0-0\">\n<div class=\"_1mf _1mj\" data-offset-key=\"4nh87-0-0\"><span data-offset-key=\"4nh87-0-0\"><span data-text=\"true\">Besser sieht es da f\u00fcr unseren SVL aus. Im dritten Jahr in der 1. Kreisklasse Emsland S\u00fcd konnte der v\u00f6llig verdiente Aufstieg gefeiert werden. Vielen im Verein grauste es vor der gro\u00dfen Aufgabe Kreisliga Emsland&#8230; Kann unsere junge Elf da noch mithalten? Reicht der d\u00fcnne Kader f\u00fcr dieses Niveau? <\/span><\/span><\/div>\n<\/div>\n<div data-editor=\"fjs61\" data-block=\"true\" data-offset-key=\"9je23-0-0\">\n<div class=\"_1mf _1mj\" data-offset-key=\"9je23-0-0\"><span data-offset-key=\"9je23-0-0\"><span data-text=\"true\">Frage 1 l\u00e4sst sich zumindest nun beantworten: JA! Jedes der vier Spiele in der Liga war hart umgek\u00e4mpft, jedes Mal konnte man dem Gegner Paroli bieten. Das Resultat von 7 Punkten aus vier Spielen kann sich zudem sehen lassen. Blenden wir die 0:6 Pokalklatsche gegen Varenrode mal aus, scheint sich die Mannschaft von Bernhard Lammers auf einem guten Weg zu befinden. Ob der d\u00fcnne Kader auch \u00fcber 30 Spiele Stand h\u00e4lt, bleibt aber nat\u00fcrlich abzuwarten.<\/span><\/span><\/div>\n<\/div>\n<div data-editor=\"fjs61\" data-block=\"true\" data-offset-key=\"e6v15-0-0\">\u00a0<\/div>\n<div data-editor=\"fjs61\" data-block=\"true\" data-offset-key=\"81ahi-0-0\">\n<div class=\"_1mf _1mj\" data-offset-key=\"81ahi-0-0\"><span data-offset-key=\"81ahi-0-0\"><span data-text=\"true\">Fakten \u00fcber Fakten\u2026 Morgen Abend in Leschede steht jedoch ein waschechtes Derby an?! Ab 18:00 Uhr z\u00e4hlt weder die aktuelle Form, noch die (Miss-)Erfolge der letzten Jahre. Nur noch Fu\u00dfball.. und den solltet ihr euch nicht entgehen lassen <\/span><\/span><span class=\"_3gl1 _5zz4\" style=\"width: 16px; height: 16px; background-image: url('https:\/\/static.xx.fbcdn.net\/images\/emoji.php\/v9\/fb7\/1\/16\/1f917.png'); background-size: 16px 16px;\" data-offset-key=\"81ahi-1-0\"><span class=\"_ncl\">\ud83e\udd17<\/span><\/span><span data-offset-key=\"81ahi-2-0\"><span data-text=\"true\">! <\/span><\/span><\/div>\n<\/div>\n<div data-editor=\"fjs61\" data-block=\"true\" data-offset-key=\"4uufr-0-0\">\n<div class=\"_1mf _1mj\" data-offset-key=\"4uufr-0-0\"><span data-offset-key=\"4uufr-0-0\"><span data-text=\"true\">Unterst\u00fctzt unsere Elf, f\u00fcr die solch eine gro\u00dfe Kulisse nicht allt\u00e4glich ist, und kommt morgen Abend zum Sportgel\u00e4nde des FCL \u2013 Die Mannschaft wird sich auf dem Platz dann hoffentlich erkenntlich zeigen!<\/span><\/span><span class=\"_3gl1 _5zz4\" style=\"width: 16px; height: 16px; background-image: url('https:\/\/static.xx.fbcdn.net\/images\/emoji.php\/v9\/f6c\/1\/16\/1f4aa.png'); background-size: 16px 16px;\" data-offset-key=\"4uufr-1-0\"><span class=\"_ncl\">\ud83d\udcaa<\/span><\/span><\/div>\n<\/div>\n<div data-editor=\"fjs61\" data-block=\"true\" data-offset-key=\"32k21-0-0\">\u00a0<\/div>\n<div data-editor=\"fjs61\" data-block=\"true\" data-offset-key=\"b7nhm-0-0\">\n<div class=\"_1mf _1mj\" data-offset-key=\"b7nhm-0-0\"><span data-offset-key=\"b7nhm-0-0\"><span data-text=\"true\">Anl\u00e4sslich des 70. Geburtstages des FCL finden an diesem Wochenende zudem zahlreiche Feierlichkeiten des traditionsreichen Vereins statt und wir freuen uns nat\u00fcrlich am Samstagabend bei Highlight dabei sein zu d\u00fcrfen. Wir gratulieren dem FCL zum 70. J\u00e4hrigem Jubil\u00e4um und w\u00fcnschen dem Verein in Zukunft alles Gute. <\/span><\/span><span class=\"_3gl1 _5zz4\" style=\"width: 16px; height: 16px; background-image: url('https:\/\/static.xx.fbcdn.net\/images\/emoji.php\/v9\/ffe\/1\/16\/1f44f.png'); background-size: 16px 16px;\" data-offset-key=\"b7nhm-1-0\"><span class=\"_ncl\">\ud83d\udc4f<\/span><\/span><\/div>\n<\/div>\n<div data-editor=\"fjs61\" data-block=\"true\" data-offset-key=\"9s5kd-0-0\">\n<div class=\"_1mf _1mj\" data-offset-key=\"9s5kd-0-0\"><span data-offset-key=\"9s5kd-0-0\"><span data-text=\"true\">Auf faire und hoffentlich ereignisreiche 90 Minuten (mit einem besseren Ende f\u00fcr den SVL <\/span><\/span><span class=\"_3gl1 _5zz4\" style=\"width: 16px; height: 16px; background-image: url('https:\/\/static.xx.fbcdn.net\/images\/emoji.php\/v9\/f57\/1\/16\/1f609.png'); background-size: 16px 16px;\" data-offset-key=\"9s5kd-1-0\"><span class=\"_ncl\">\ud83d\ude09<\/span><\/span><span class=\"_3gl1 _5zz4\" style=\"width: 16px; height: 16px; background-image: url('https:\/\/static.xx.fbcdn.net\/images\/emoji.php\/v9\/f61\/1\/16\/270c.png'); background-size: 16px 16px;\" data-offset-key=\"9s5kd-2-0\"><span class=\"_ncl\">\u270c\ufe0f<\/span><\/span><span data-offset-key=\"9s5kd-3-0\"><span data-text=\"true\"> )<\/span><\/span><\/div>\n<\/div>\n<div data-editor=\"fjs61\" data-block=\"true\" data-offset-key=\"f79q7-0-0\">\u00a0<\/div>\n<div data-editor=\"fjs61\" data-block=\"true\" data-offset-key=\"85fpd-0-0\">\n<div class=\"_1mf _1mj\" data-offset-key=\"85fpd-0-0\"><span class=\"_5zk7\" spellcheck=\"false\" data-offset-key=\"85fpd-0-0\"><span data-offset-key=\"85fpd-0-0\"><span data-text=\"true\">#NurderSVL<\/span><\/span><\/span><\/div>\n<\/div>\n<div data-editor=\"fjs61\" data-block=\"true\" data-offset-key=\"dk3lp-0-0\">\n<div class=\"_1mf _1mj\" data-offset-key=\"dk3lp-0-0\"><span class=\"_5zk7\" spellcheck=\"false\" data-offset-key=\"dk3lp-0-0\"><span data-offset-key=\"dk3lp-0-0\"><span data-text=\"true\">#Derbyheldengesucht<\/span><\/span><\/span><\/div>\n<\/div>\n<div data-editor=\"fjs61\" data-block=\"true\" data-offset-key=\"ammam-0-0\">\n<div class=\"_1mf _1mj\" data-offset-key=\"ammam-0-0\"><span class=\"_5zk7\" spellcheck=\"false\" data-offset-key=\"ammam-0-0\"><span data-offset-key=\"ammam-0-0\"><span data-text=\"true\">#Hei\u00dfwieOtter<\/span><\/span><\/span><\/div>\n<\/div>\n<div data-editor=\"fjs61\" data-block=\"true\" data-offset-key=\"9jf2t-0-0\">\n<div class=\"_1mf _1mj\" data-offset-key=\"9jf2t-0-0\"><span class=\"_5zk7\" spellcheck=\"false\" data-offset-key=\"9jf2t-0-0\"><span data-offset-key=\"9jf2t-0-0\"><span data-text=\"true\">#Daraufhabenwirhingearbeitet<\/span><\/span><\/span><span class=\"_3gl1 _5zz4\" style=\"width: 16px; height: 16px; background-image: url('https:\/\/static.xx.fbcdn.net\/images\/emoji.php\/v9\/f6c\/1\/16\/1f4aa.png'); background-size: 16px 16px;\" data-offset-key=\"9jf2t-1-0\"><span class=\"_ncl\">\ud83d\udcaa<\/span><\/span><span class=\"_3gl1 _5zz4\" style=\"width: 16px; height: 16px; background-image: url('https:\/\/static.xx.fbcdn.net\/images\/emoji.php\/v9\/faf\/1\/16\/26bd.png'); background-size: 16px 16px;\" data-offset-key=\"9jf2t-2-0\"><span class=\"_ncl\">\u26bd<\/span><\/span><\/div>\n<\/div>\n<div data-editor=\"fjs61\" data-block=\"true\" data-offset-key=\"dud2f-0-0\">\u00a0<\/div>\n<p>It&#8217;s Derbytime<span class=\"_5mfr _47e3\"><img loading=\"lazy\" decoding=\"async\" class=\"img\" src=\"https:\/\/static.xx.fbcdn.net\/images\/emoji.php\/v9\/f7f\/1\/16\/1f60a.png\" alt=\"\" width=\"16\" height=\"16\" \/><span class=\"_7oe\">\ud83d\ude0a<\/span><\/span><span class=\"_5mfr _47e3\"><img loading=\"lazy\" decoding=\"async\" class=\"img\" src=\"https:\/\/static.xx.fbcdn.net\/images\/emoji.php\/v9\/f74\/1\/16\/1f919_1f3fb.png\" alt=\"\" width=\"16\" height=\"16\" \/><span class=\"_7oe\">\ud83e\udd19\ud83c\udffb<\/span><\/span><span class=\"_5mfr _47e3\"><img loading=\"lazy\" decoding=\"async\" class=\"img\" src=\"https:\/\/static.xx.fbcdn.net\/images\/emoji.php\/v9\/f4f\/1\/16\/1f601.png\" alt=\"\" width=\"16\" height=\"16\" \/><span class=\"_7oe\">\ud83d\ude01<\/span><\/span><\/p>\n<p>Das schreibt die Presse zum Spiel: \u00a0<a href=\"http:\/\/www.kei-fussball.de\/mw-kreisliga-2016\/freistoss\/mw-kreisliga-xl-spieltag-7-teams-doppelt-kracher-in-freren.html\">http:\/\/www.kei-fussball.de\/mw-kreisliga-2016\/freistoss\/mw-kreisliga-xl-spieltag-7-teams-doppelt-kracher-in-freren.html<\/a>\u00a0(bitte klicken)<\/p>\n<p>&nbsp;<\/p>\n<p>Los geht&#8217;s an diesem Wochenende aber\u00a0mit dem Derby unserer Dritten gegen die F\u00fcnfte von Concordia Emsb\u00fcren. Mit 4 Punkten aus zwei Spielen ist unsere 3. Herren gut in die Saison gestartet und will in der Tabelle weiter vor. Der Gastgeber hat die ersten beiden Spiele verloren, m\u00f6chte aber im Derby Besserung zeigen<span class=\"_5mfr _47e3\"><img loading=\"lazy\" decoding=\"async\" class=\"img\" src=\"https:\/\/static.xx.fbcdn.net\/images\/emoji.php\/v9\/f57\/1\/16\/1f609.png\" alt=\"\" width=\"16\" height=\"16\" \/><span class=\"_7oe\">\ud83d\ude09<\/span><\/span><\/p>\n<p>Ein schwieriges Duell steht unserer 2. Herren am Freitagabend in Br\u00f6gbern bevo<span class=\"text_exposed_hide\">&#8230;<\/span><span class=\"text_exposed_show\">r&#8230; Die aktuelle Form spricht im Moment nicht f\u00fcr einen Ausw\u00e4rtserfolg, genau wie die prek\u00e4re Personallage vor diesem Spiel. Aber die Elf von Lohmi hat speziell in der letzten Saison gezeigt, dass sie in aussichtslosen Situationen f\u00fcr au\u00dfergew\u00f6hnliches zu haben ist! Zudem konnte Br\u00f6gbern ebenfalls erst einen Dreier holen und gilt als direkter Konkurrent im Abstiegskampf! Um ca. 21:15 Uhr sind wir schlauer <span class=\"_5mfr _47e3\"><img loading=\"lazy\" decoding=\"async\" class=\"img\" src=\"https:\/\/static.xx.fbcdn.net\/images\/emoji.php\/v9\/f57\/1\/16\/1f609.png\" alt=\"\" width=\"16\" height=\"16\" \/><span class=\"_7oe\">\ud83d\ude09<\/span><\/span><span class=\"_5mfr _47e3\"><img loading=\"lazy\" decoding=\"async\" class=\"img\" src=\"https:\/\/static.xx.fbcdn.net\/images\/emoji.php\/v9\/ff9\/1\/16\/1f44f_1f3fb.png\" alt=\"\" width=\"16\" height=\"16\" \/><span class=\"_7oe\">\ud83d\udc4f\ud83c\udffb<\/span><\/span><\/span><\/p>\n<div class=\"text_exposed_show\">\n<p><span class=\"_5mfr _47e3\"><span class=\"_7oe\">\u00a0<\/span><\/span><\/p>\n<p><a class=\"_58cn\" href=\"https:\/\/www.facebook.com\/hashtag\/ausw\u00e4rtsmitdemsvl?source=feed_text&amp;story_id=1724871767586633\" data-ft=\"{&quot;tn&quot;:&quot;*N&quot;,&quot;type&quot;:104}\"><span class=\"_5afx\"><span class=\"_58cl _5afz\">#<\/span><span class=\"_58cm\">Ausw\u00e4rtsmitdemSVL<\/span><\/span><\/a><br \/><a class=\"_58cn\" href=\"https:\/\/www.facebook.com\/hashtag\/derbyfightstehtbevor?source=feed_text&amp;story_id=1724871767586633\" data-ft=\"{&quot;tn&quot;:&quot;*N&quot;,&quot;type&quot;:104}\"><span class=\"_5afx\"><span class=\"_58cl _5afz\">#<\/span><span class=\"_58cm\">Derbyfightstehtbevor<\/span><\/span><\/a><br \/><a class=\"_58cn\" href=\"https:\/\/www.facebook.com\/hashtag\/nurdersvl?source=feed_text&amp;story_id=1724871767586633\" data-ft=\"{&quot;tn&quot;:&quot;*N&quot;,&quot;type&quot;:104}\"><span class=\"_5afx\"><span class=\"_58cl _5afz\">#<\/span><span class=\"_58cm\">NurderSVL<\/span><\/span><\/a><span class=\"_5mfr _47e3\"><img loading=\"lazy\" decoding=\"async\" class=\"img\" src=\"https:\/\/static.xx.fbcdn.net\/images\/emoji.php\/v9\/f40\/1\/16\/261d.png\" alt=\"\" width=\"16\" height=\"16\" \/><\/span><\/p>\n<p><a href=\"https:\/\/www.sv-listrup.de\/wp-content\/uploads\/2017\/09\/35-kwn.jpg\"><img loading=\"lazy\" decoding=\"async\" class=\"aligncenter size-full wp-image-3518\" src=\"https:\/\/www.sv-listrup.de\/wp-content\/uploads\/2017\/09\/35-kwn.jpg\" alt=\"35 kwn\" width=\"750\" height=\"516\" srcset=\"https:\/\/www.sv-listrup.de\/wp-content\/uploads\/2017\/09\/35-kwn.jpg 750w, https:\/\/www.sv-listrup.de\/wp-content\/uploads\/2017\/09\/35-kwn-300x206.jpg 300w\" sizes=\"auto, (max-width: 750px) 100vw, 750px\" \/><\/a><\/p>\n<\/div>\n<\/div>\n","protected":false},"excerpt":{"rendered":"<p>Zwei Spiele am Freitagabend &#8211; 1. Herren am Samstag in Leschede! Derbytime in Leschede \u2013 Der Vorbericht des SVL zum Spiel! \u00a0 Das gab es wahrlich lange nicht mehr: Die 1. Herren des SV Listrup reist zu einem Ligaspiel zur 1. Herren unseres Nachbarn FC 47 Leschede. Vor 5 Jahren (2011\/2012), als unsere Erste noch in der 2. Kreisklasse kickte und Leschede in der Bezirksliga spielte, war diese Szenario noch undenkbar. Einige Auf- und Abstiege beider Mannschaften sp\u00e4ter begegnet man sich nun, mehr Freude an dieser Tatsache wird aber wohl unser SVL haben. \ud83d\ude0a Der Nachbar ist nach einem tollen Aufstiegsjahr in der letzten Saison aus der Bezirksliga abgestiegen und hat im Sommer mit dem Trainer Thomas Schulten einen Neuanfang gestartet. Viele junge Akteure galt es einzubauen, die Erwartungshaltungen wurden bewusst runtergeschraubt. Das man nach f\u00fcnf Spielen erst zwei Punkte auf dem Konto hat, war jedoch sicher nicht eingeplant und setzt die Elf bereits fr\u00fch in der Saison unter Zugzwang. \u00a0 Besser sieht es da f\u00fcr unseren SVL aus. Im dritten Jahr in der 1. Kreisklasse Emsland S\u00fcd konnte der [&hellip;]<\/p>\n","protected":false},"author":7,"featured_media":3523,"comment_status":"open","ping_status":"open","sticky":false,"template":"","format":"standard","meta":{"footnotes":""},"categories":[11,10,9],"tags":[],"class_list":["post-3517","post","type-post","status-publish","format-standard","has-post-thumbnail","hentry","category-seniorenfussball-1-senioren","category-seniorenfussbal-2-senioren","category-seniorenfussball-3-senioren"],"_links":{"self":[{"href":"https:\/\/www.sv-listrup.de\/index.php?rest_route=\/wp\/v2\/posts\/3517","targetHints":{"allow":["GET"]}}],"collection":[{"href":"https:\/\/www.sv-listrup.de\/index.php?rest_route=\/wp\/v2\/posts"}],"about":[{"href":"https:\/\/www.sv-listrup.de\/index.php?rest_route=\/wp\/v2\/types\/post"}],"author":[{"embeddable":true,"href":"https:\/\/www.sv-listrup.de\/index.php?rest_route=\/wp\/v2\/users\/7"}],"replies":[{"embeddable":true,"href":"https:\/\/www.sv-listrup.de\/index.php?rest_route=%2Fwp%2Fv2%2Fcomments&post=3517"}],"version-history":[{"count":5,"href":"https:\/\/www.sv-listrup.de\/index.php?rest_route=\/wp\/v2\/posts\/3517\/revisions"}],"predecessor-version":[{"id":3524,"href":"https:\/\/www.sv-listrup.de\/index.php?rest_route=\/wp\/v2\/posts\/3517\/revisions\/3524"}],"wp:featuredmedia":[{"embeddable":true,"href":"https:\/\/www.sv-listrup.de\/index.php?rest_route=\/wp\/v2\/media\/3523"}],"wp:attachment":[{"href":"https:\/\/www.sv-listrup.de\/index.php?rest_route=%2Fwp%2Fv2%2Fmedia&parent=3517"}],"wp:term":[{"taxonomy":"category","embeddable":true,"href":"https:\/\/www.sv-listrup.de\/index.php?rest_route=%2Fwp%2Fv2%2Fcategories&post=3517"},{"taxonomy":"post_tag","embeddable":true,"href":"https:\/\/www.sv-listrup.de\/index.php?rest_route=%2Fwp%2Fv2%2Ftags&post=3517"}],"curies":[{"name":"wp","href":"https:\/\/api.w.org\/{rel}","templated":true}]}}