{"id":3536,"date":"2017-09-05T13:42:32","date_gmt":"2017-09-05T13:42:32","guid":{"rendered":"http:\/\/sv-listrup.de\/?p=3536"},"modified":"2017-09-05T13:42:32","modified_gmt":"2017-09-05T13:42:32","slug":"jsg-c1-siegt-51-bei-der-jsg-luennemessingenbramsche","status":"publish","type":"post","link":"https:\/\/www.sv-listrup.de\/?p=3536","title":{"rendered":"JSG: C1 siegt 5:1 bei der JSG L\u00fcnne\/Messingen\/Bramsche"},"content":{"rendered":"<p>Spielfrei war an diesem Wochenende unsere U19, die am kommenden Freitag einen echten Kracher im Concordia-Park zu Gast hat: Von der M\u00fcndung aus wird der BSV Kickers Emden die Ems flussaufw\u00e4rts nach Emsb\u00fcren \u201ehinaufschippern\u201c. Unsere U17 musste in ihrem dritten Bezirksligaspiel eine im Ergebnis zu hohe 1:5-Niederlage beim VfL Herzlake einstecken. Mit demselben Ergebnis gewann unsere U15 in ihrem f\u00fcnften Kreisliga-Saisonspiel bei der JSG L\u00fcnne\/Messingen\/Bramsche.<\/p>\n<p><strong>A-Jugend:<\/strong><\/p>\n<p>Unsere A1 freut sich schon sehr auf ein weiteres richtiges Highlight in der A-Jugend-Landesliga: <strong>Am Freitag (08.09.2017) kommt mit Kickers Emden um 19.30 Uhr die Nachwuchsmannschaft des \u201ef\u00fchrenden ostfriesischen Traditionsvereins\u201c ins s\u00fcdliche Emsland.<\/strong><\/p>\n<p>Die Mannschaft von Trainer R\u00fcdiger Gr\u00fcner will ihren guten Saisonstart ausbauen und hofft nach dem Erfolg beim VfL Oyte in der letzten Woche auf einen weiteren Punktgewinn. Die Jungs vom Dollart konnten indes bislang vier Punkte verbuchen nach einem 3:2 gegen den FC Sch\u00fcttorf und einem 0:0 gegen Jahn Delmenhorst. Ein Erfolg gegen die leicht favorisierten G\u00e4ste ist f\u00fcr unsere U19 sicherlich im Bereich des M\u00f6glichen. Unter Flutlicht-Atmosph\u00e4re hofft unsere U19 auf m\u00f6glichst viele Zuschauer auf dem Hauptplatz im Concordia-Park.<\/p>\n<p>Unsere A2 musste am Samstag eine ungl\u00fcckliche Niederlage gegen die JSG Freren einstecken. Das Siegtor f\u00fcr die Frerener fiel erst in der 80. Minute.<\/p>\n<p>Die A-Jugend-Ergebnisse der vergangenen Woche:<\/p>\n<ul>\n<li>Landesliga:\u00a0\u00a0\u00a0\u00a0\u00a0\u00a0\u00a0\u00a0\u00a0\u00a0\u00a0\u00a0\u00a0\u00a0\u00a0\u00a0 JSG A1\u00a0\u00a0\u00a0\u00a0\u00a0\u00a0\u00a0\u00a0\u00a0\u00a0\u00a0\u00a0\u00a0\u00a0\u00a0\u00a0\u00a0\u00a0\u00a0\u00a0\u00a0\u00a0\u00a0\u00a0\u00a0\u00a0\u00a0\u00a0\u00a0\u00a0\u00a0\u00a0\u00a0\u00a0\u00a0\u00a0\u00a0\u00a0\u00a0\u00a0\u00a0\u00a0\u00a0\u00a0\u00a0\u00a0\u00a0\u00a0\u00a0\u00a0\u00a0\u00a0\u00a0\u00a0\u00a0\u00a0\u00a0 Spielfrei<\/li>\n<li>1. Kreisklasse:\u00a0\u00a0\u00a0\u00a0\u00a0\u00a0\u00a0\u00a0\u00a0\u00a0\u00a0 JSG A2 \u2013 JSG Freren\u00a0\u00a0\u00a0\u00a0\u00a0\u00a0\u00a0\u00a0\u00a0\u00a0\u00a0\u00a0\u00a0\u00a0\u00a0\u00a0\u00a0\u00a0\u00a0\u00a0\u00a0\u00a0\u00a0\u00a0\u00a0\u00a0\u00a0\u00a0\u00a0\u00a0\u00a0\u00a0\u00a0 0:1<\/li>\n<\/ul>\n<p>&nbsp;<\/p>\n<p><strong>B-Jugend:<\/strong><\/p>\n<p>Im Hasetal-Stadion des VfL Herzlake war bereits am Freitagabend unsere U17 zu Gast. In den ersten Spielminuten wagte sich hier kaum eine Mannschaft aus der Deckung. Durch einen individuellen Abwehrfehler in der 12. Minute gingen die Gastgeber dann mit 1:0 in F\u00fchrung.<\/p>\n<p>Obwohl unsere B1 insgesamt mehr Ballbesitz hatte, konnten leider kaum erfolgsversprechende Angriffe in den gegnerischen 16er getragen werden. Der VfL Herzlake nutzte hingegen Fehler im Spielaufbau eiskalt aus. Nach einer zwischenzeitlichen 3:0-F\u00fchrung verk\u00fcrzte kurz vor der Halbzeit nach einem sch\u00f6nen Spielzug Nico Seltier auf 3:1.<\/p>\n<p>In der zweiten Halbzeit setzte sich das Spiel der ersten Halbzeit weiter fort, so dass am Ende ein verdienter, aber sicherlich im Ergebnis zu hoher 5:1-Erfolg f\u00fcr den VfL Herzlake stand.Unsere U17 belegt damit nun Platz 6 im Mittelfeld der Bezirksliga-Tabelle.<\/p>\n<p><a href=\"https:\/\/www.sv-listrup.de\/wp-content\/uploads\/2017\/09\/DSC_0055_1.jpg\"><img loading=\"lazy\" decoding=\"async\" class=\"alignnone size-large wp-image-3537\" src=\"https:\/\/www.sv-listrup.de\/wp-content\/uploads\/2017\/09\/DSC_0055_1-1024x666.jpg\" alt=\"DSC_0055_1\" width=\"1024\" height=\"666\" srcset=\"https:\/\/www.sv-listrup.de\/wp-content\/uploads\/2017\/09\/DSC_0055_1-1024x666.jpg 1024w, https:\/\/www.sv-listrup.de\/wp-content\/uploads\/2017\/09\/DSC_0055_1-300x195.jpg 300w, https:\/\/www.sv-listrup.de\/wp-content\/uploads\/2017\/09\/DSC_0055_1-768x499.jpg 768w\" sizes=\"auto, (max-width: 1024px) 100vw, 1024px\" \/><\/a><\/p>\n<p><em>Mit einer vielbeinigen Herzlaker Abwehr hatte es unsere U17 zu tun.<\/em><\/p>\n<p><a href=\"https:\/\/www.sv-listrup.de\/wp-content\/uploads\/2017\/09\/DSC_0068_1.jpg\"><img loading=\"lazy\" decoding=\"async\" class=\"alignnone size-large wp-image-3538\" src=\"https:\/\/www.sv-listrup.de\/wp-content\/uploads\/2017\/09\/DSC_0068_1-1024x620.jpg\" alt=\"DSC_0068_1\" width=\"1024\" height=\"620\" srcset=\"https:\/\/www.sv-listrup.de\/wp-content\/uploads\/2017\/09\/DSC_0068_1-1024x620.jpg 1024w, https:\/\/www.sv-listrup.de\/wp-content\/uploads\/2017\/09\/DSC_0068_1-300x182.jpg 300w, https:\/\/www.sv-listrup.de\/wp-content\/uploads\/2017\/09\/DSC_0068_1-768x465.jpg 768w\" sizes=\"auto, (max-width: 1024px) 100vw, 1024px\" \/><\/a><\/p>\n<p><em>Hier die beste Chance f\u00fcr unsere JSG in der zweiten Halbzeit.<\/em><\/p>\n<p><strong>Das n\u00e4chste Spiel f\u00fcr unser B1 steht am kommenden Samstag, dem 09.09.2017 um 16.00 zuhause auf dem Lescheder Sportplatz gegen BW Papenburg an.<\/strong> Das Trainerteam hofft, dass nach diesem ersten etwas schw\u00e4cheren Saison-Spiel unserer U17 dann wieder eine Sch\u00fcppe drauflegen kann.<\/p>\n<p>Die B-Jugend-Ergebnisse der vergangenen Woche:<\/p>\n<ul>\n<li>Bezirksliga:\u00a0\u00a0\u00a0\u00a0\u00a0\u00a0\u00a0\u00a0\u00a0\u00a0\u00a0\u00a0\u00a0\u00a0\u00a0\u00a0 VfL Herzlake \u2013 JSG B1\u00a0\u00a0\u00a0\u00a0\u00a0\u00a0\u00a0\u00a0\u00a0\u00a0\u00a0\u00a0\u00a0\u00a0\u00a0\u00a0\u00a0\u00a0\u00a0\u00a0\u00a0\u00a0\u00a0\u00a0\u00a0\u00a0\u00a0\u00a0\u00a0\u00a0\u00a0 5:1<\/li>\n<li>1. Kreisklasse:\u00a0\u00a0\u00a0\u00a0\u00a0\u00a0\u00a0\u00a0\u00a0\u00a0\u00a0 JSG Twist 2 \u2013 JSG B2\u00a0\u00a0\u00a0\u00a0\u00a0\u00a0\u00a0\u00a0\u00a0\u00a0\u00a0\u00a0\u00a0\u00a0\u00a0\u00a0\u00a0\u00a0\u00a0\u00a0\u00a0\u00a0\u00a0\u00a0\u00a0\u00a0\u00a0\u00a0\u00a0\u00a0\u00a0\u00a0\u00a0 0:4<\/li>\n<li>2. Kreisklasse:\u00a0\u00a0\u00a0\u00a0\u00a0\u00a0\u00a0\u00a0\u00a0\u00a0\u00a0 SVA Salzbergen 2 \u2013 JSG B3\u00a0\u00a0\u00a0\u00a0\u00a0\u00a0\u00a0\u00a0\u00a0\u00a0\u00a0\u00a0\u00a0\u00a0\u00a0\u00a0\u00a0\u00a0\u00a0\u00a0\u00a0\u00a0\u00a0\u00a0\u00a0\u00a0\u00a0\u00a0\u00a0\u00a0\u00a0\u00a0\u00a0\u00a0\u00a0 6:0<\/li>\n<\/ul>\n<p>&nbsp;<\/p>\n<p><strong>C-Jugend:<\/strong><\/p>\n<p>Auch unsere C1 zeigte zumindest in der ersten Halbzeit bei der JSG L\u00fcnne\/Messingen\/Bramsche erstmals in dieser Saison eine etwas schw\u00e4chere Leistung. Auch bedingt durch einige verletzungsbedingte Umstellungen war im Spielfluss hier noch Sand im Getriebe. Die wenigen sich bietenden Chancen f\u00fcr unsere U15 wurden leider vergeben. Zum Gl\u00fcck konnte Pascal Katzy zum psychologisch wichtigen Zeitpunkt mit dem Halbzeitpfiff noch die 1:0-F\u00fchrung f\u00fcr unsere JSG besorgen.<\/p>\n<p>Wesentlich besser lief es dann in der zweiten Halbzeit. Durch zum Teil sch\u00f6ne Spielz\u00fcge erzielte unsere U15 nun auch weitere Treffer. Am Ende hie\u00df es 5:1 f\u00fcr unsere JSG. Die weiteren Torsch\u00fctzen waren 2x Silas Stein und 1 x Felix Elfert per Foulelfmeter. Hinzu kommt ein Eigentor der Gastgeber.<\/p>\n<p>Somit konnte nach dem Spiel unsere C1 in bester Stimmung ein gemeinsames Mittagessen im Raiffeisen-Grill L\u00fcnne und danach noch eine Runde Fu\u00dfball-Golf in Heitel genie\u00dfen.<\/p>\n<p>Mit diesem Sieg \u00fcbernahm unsere JSG zun\u00e4chst die Tabellenf\u00fchrung in der Kreisliga S\u00fcd\/Mitte, wenngleich die Konkurrenz hier bis zu drei Saisonspiele weniger ausgetragen hat.<\/p>\n<p>Am Dienstag (05.09.2017) ist die Mannschaft des Trainerteams Olli Niehof\/Fabian Hopmann\/Heiner Feldmann um 18.30 Uhr in Wettrup im Kreispokal gefordert.<\/p>\n<p>F\u00fcr kommenden Sonntag (10.09.) ist um 10.45 in Teglingen ein Testspiel gegen die JSG Teglingen\/SV Meppen\/Schwefingen vereinbart, anschlie\u00dfend schaut sich die Mannschaft noch gemeinsam das Drittligaspiel SV Meppen \u2013 VfR Aalen an.<\/p>\n<p>Die C-Jugend-Ergebnisse der vergangenen Woche:<\/p>\n<ul>\n<li>Kreisliga:\u00a0\u00a0\u00a0\u00a0\u00a0\u00a0\u00a0\u00a0\u00a0\u00a0\u00a0\u00a0\u00a0\u00a0\u00a0\u00a0\u00a0\u00a0\u00a0 JSG L\u00fcnne\/Mess.\/Bramsche \u2013 JSG C1\u00a0\u00a0\u00a0\u00a0\u00a0 1:5<\/li>\n<li>1. Kreisklasse:\u00a0\u00a0\u00a0\u00a0\u00a0\u00a0\u00a0\u00a0\u00a0\u00a0\u00a0 JSG Dalum\/Hesepe 2 \u2013 JSG C2\u00a0\u00a0\u00a0\u00a0\u00a0\u00a0\u00a0\u00a0\u00a0\u00a0\u00a0\u00a0\u00a0\u00a0\u00a0\u00a0\u00a0 2:8<\/li>\n<li>2. Kreisklasse:\u00a0\u00a0\u00a0\u00a0\u00a0\u00a0\u00a0\u00a0\u00a0\u00a0\u00a0 Olympia Laxten 3 \u2013 JSG C3\u00a0\u00a0\u00a0\u00a0\u00a0\u00a0\u00a0\u00a0\u00a0\u00a0\u00a0\u00a0\u00a0\u00a0\u00a0\u00a0\u00a0\u00a0\u00a0\u00a0\u00a0\u00a0\u00a0\u00a0 3:2<\/li>\n<li>2. Kreisklasse:\u00a0\u00a0\u00a0\u00a0\u00a0\u00a0\u00a0\u00a0\u00a0\u00a0\u00a0 JSG C4 \u2013 JSG RB\/VfB Lingen\u00a0\u00a0\u00a0\u00a0\u00a0\u00a0\u00a0\u00a0\u00a0\u00a0\u00a0\u00a0\u00a0\u00a0\u00a0\u00a0\u00a0\u00a0\u00a0\u00a0 2:14<\/li>\n<li>2. Kreisklasse:\u00a0\u00a0\u00a0\u00a0\u00a0\u00a0\u00a0\u00a0\u00a0\u00a0\u00a0 JSG L\u00fcnne\/Mess.\/Bramsche 2 &#8211; JSG C5\u00a0\u00a0\u00a0 5:3<\/li>\n<\/ul>\n<p>&nbsp;<\/p>\n<p>Alle Fans unserer drei JSG-Vereine sind herzlich eingeladen die JSG-Teams bei ihren Spielen zu unterst\u00fctzen!<\/p>\n<p>Bericht und Fotos: Heiner Feldmann<\/p>\n","protected":false},"excerpt":{"rendered":"<p>Spielfrei war an diesem Wochenende unsere U19, die am kommenden Freitag einen echten Kracher im Concordia-Park zu Gast hat: Von der M\u00fcndung aus wird der BSV Kickers Emden die Ems flussaufw\u00e4rts nach Emsb\u00fcren \u201ehinaufschippern\u201c. Unsere U17 musste in ihrem dritten Bezirksligaspiel eine im Ergebnis zu hohe 1:5-Niederlage beim VfL Herzlake einstecken. Mit demselben Ergebnis gewann unsere U15 in ihrem f\u00fcnften Kreisliga-Saisonspiel bei der JSG L\u00fcnne\/Messingen\/Bramsche. A-Jugend: Unsere A1 freut sich schon sehr auf ein weiteres richtiges Highlight in der A-Jugend-Landesliga: Am Freitag (08.09.2017) kommt mit Kickers Emden um 19.30 Uhr die Nachwuchsmannschaft des \u201ef\u00fchrenden ostfriesischen Traditionsvereins\u201c ins s\u00fcdliche Emsland. Die Mannschaft von Trainer R\u00fcdiger Gr\u00fcner will ihren guten Saisonstart ausbauen und hofft nach dem Erfolg beim VfL Oyte in der letzten Woche auf einen weiteren Punktgewinn. Die Jungs vom Dollart konnten indes bislang vier Punkte verbuchen nach einem 3:2 gegen den FC Sch\u00fcttorf und einem 0:0 gegen Jahn Delmenhorst. Ein Erfolg gegen die leicht favorisierten G\u00e4ste ist f\u00fcr unsere U19 sicherlich im Bereich des M\u00f6glichen. Unter Flutlicht-Atmosph\u00e4re hofft unsere U19 auf m\u00f6glichst viele Zuschauer auf dem Hauptplatz im Concordia-Park. Unsere [&hellip;]<\/p>\n","protected":false},"author":3,"featured_media":3509,"comment_status":"open","ping_status":"open","sticky":false,"template":"","format":"standard","meta":{"footnotes":""},"categories":[42],"tags":[],"class_list":["post-3536","post","type-post","status-publish","format-standard","has-post-thumbnail","hentry","category-jsg"],"_links":{"self":[{"href":"https:\/\/www.sv-listrup.de\/index.php?rest_route=\/wp\/v2\/posts\/3536","targetHints":{"allow":["GET"]}}],"collection":[{"href":"https:\/\/www.sv-listrup.de\/index.php?rest_route=\/wp\/v2\/posts"}],"about":[{"href":"https:\/\/www.sv-listrup.de\/index.php?rest_route=\/wp\/v2\/types\/post"}],"author":[{"embeddable":true,"href":"https:\/\/www.sv-listrup.de\/index.php?rest_route=\/wp\/v2\/users\/3"}],"replies":[{"embeddable":true,"href":"https:\/\/www.sv-listrup.de\/index.php?rest_route=%2Fwp%2Fv2%2Fcomments&post=3536"}],"version-history":[{"count":1,"href":"https:\/\/www.sv-listrup.de\/index.php?rest_route=\/wp\/v2\/posts\/3536\/revisions"}],"predecessor-version":[{"id":3539,"href":"https:\/\/www.sv-listrup.de\/index.php?rest_route=\/wp\/v2\/posts\/3536\/revisions\/3539"}],"wp:featuredmedia":[{"embeddable":true,"href":"https:\/\/www.sv-listrup.de\/index.php?rest_route=\/wp\/v2\/media\/3509"}],"wp:attachment":[{"href":"https:\/\/www.sv-listrup.de\/index.php?rest_route=%2Fwp%2Fv2%2Fmedia&parent=3536"}],"wp:term":[{"taxonomy":"category","embeddable":true,"href":"https:\/\/www.sv-listrup.de\/index.php?rest_route=%2Fwp%2Fv2%2Fcategories&post=3536"},{"taxonomy":"post_tag","embeddable":true,"href":"https:\/\/www.sv-listrup.de\/index.php?rest_route=%2Fwp%2Fv2%2Ftags&post=3536"}],"curies":[{"name":"wp","href":"https:\/\/api.w.org\/{rel}","templated":true}]}}