{"id":3568,"date":"2017-09-14T15:20:25","date_gmt":"2017-09-14T15:20:25","guid":{"rendered":"http:\/\/sv-listrup.de\/?p=3568"},"modified":"2017-09-14T15:20:25","modified_gmt":"2017-09-14T15:20:25","slug":"jsg-kickers-emden-eine-nummer-zu-gross","status":"publish","type":"post","link":"https:\/\/www.sv-listrup.de\/?p=3568","title":{"rendered":"JSG: Kickers Emden eine Nummer zu gro\u00df"},"content":{"rendered":"<p>Bei widrigem Wetter gab es f\u00fcr unsere U19 im Landesliga-Spiel gegen Meisterschaftsanw\u00e4rter Kickers Emden am Freitagabend eine 1:5-Schlappe. Unsere B1 legte gegen Bezirksliga-Tabellenf\u00fchrer Blau-Wei\u00df Papenburg einen Super-Start hin, verlor dann aber in der zweiten Halbzeit leider vollkommen den Faden. Unsere C1 nutzte das spielfreie Wochenende zu einem Testspiel in Teglingen und zum Besuch des Drittligaspiels SV Meppen \u2013 VfR Aalen.<\/p>\n<p><strong>A-Jugend:<\/strong><\/p>\n<p>Aufgrund der starken Regenf\u00e4lle wurde das Heimspiel unserer A1 auf den Kunstrasenplatz im Concordia-Park verlegt, wo trotz teilweise starken Regens immerhin ca. 80 Zuschauer Zeuge eines ansehnlichen Spiels wurden.<\/p>\n<p>Trainer R\u00fcdiger Gr\u00fcner musste in dieser Begegnung u. a. auf seine Innenverteidiger Lennart Elfert und Pascal Kirchner verzichten. Unsere U19 konnte zun\u00e4chst durchaus das Spiel offen gestalten gegen abwartende Emdener. In der siebten Minute gelangte nach einem eigentlich verungl\u00fcckten Schussversuch das Leder zum Emdener Dominik Brendjes, der zum 0:1 nur einschieben brauchte.<\/p>\n<p>In der Folgezeit konnte unsere U19 durchaus sehenswert nach vorne kombinieren, wo es sogar zwei dicke Chancen f\u00fcr Timo Biermann und Ali Noori gab. Noch vor der Halbzeit sorgten zwei weitere Treffer der G\u00e4ste jedoch schon f\u00fcr eine vorentscheidende 0:3-F\u00fchrung<\/p>\n<p><a href=\"https:\/\/www.sv-listrup.de\/wp-content\/uploads\/2017\/09\/DSC_0075_1.jpg\"><img loading=\"lazy\" decoding=\"async\" class=\"alignnone size-large wp-image-3569\" src=\"https:\/\/www.sv-listrup.de\/wp-content\/uploads\/2017\/09\/DSC_0075_1-1024x678.jpg\" alt=\"DSC_0075_1\" width=\"1024\" height=\"678\" srcset=\"https:\/\/www.sv-listrup.de\/wp-content\/uploads\/2017\/09\/DSC_0075_1-1024x678.jpg 1024w, https:\/\/www.sv-listrup.de\/wp-content\/uploads\/2017\/09\/DSC_0075_1-300x199.jpg 300w, https:\/\/www.sv-listrup.de\/wp-content\/uploads\/2017\/09\/DSC_0075_1-768x509.jpg 768w\" sizes=\"auto, (max-width: 1024px) 100vw, 1024px\" \/><\/a><\/p>\n<p><em>Hier das 0:3 f\u00fcr Kickers Emden nach einem Foulelfmeter durch Tammo Dembeck. Fast w\u00e4re Torwart Lennard Menke noch dran gewesen!<\/em><\/p>\n<p>In der zweiten Halbzeit erzielten die insgesamt sehr stark aufspielenden G\u00e4ste zwei weitere Tore. Durch Peter Berning konnte unser Team noch zwischenzeitlich mit einem Innenspannsto\u00dfaus ca. 30 Metern \u00fcber den aufger\u00fcckten Keeper hinweg auf 1:4 verk\u00fcrzen.<\/p>\n<p><a href=\"https:\/\/www.sv-listrup.de\/wp-content\/uploads\/2017\/09\/DSC_0083_1.jpg\"><img loading=\"lazy\" decoding=\"async\" class=\"alignnone size-large wp-image-3570\" src=\"https:\/\/www.sv-listrup.de\/wp-content\/uploads\/2017\/09\/DSC_0083_1-1024x716.jpg\" alt=\"DSC_0083_1\" width=\"1024\" height=\"716\" srcset=\"https:\/\/www.sv-listrup.de\/wp-content\/uploads\/2017\/09\/DSC_0083_1-1024x716.jpg 1024w, https:\/\/www.sv-listrup.de\/wp-content\/uploads\/2017\/09\/DSC_0083_1-300x210.jpg 300w, https:\/\/www.sv-listrup.de\/wp-content\/uploads\/2017\/09\/DSC_0083_1-768x537.jpg 768w\" sizes=\"auto, (max-width: 1024px) 100vw, 1024px\" \/><\/a><\/p>\n<p><em>Peter Berning sorgte mit dem 1:4 aus 30 Metern f\u00fcr den fu\u00dfballerischen H\u00f6hepunkt des Spiels!<\/em><\/p>\n<p>Fazit: Der Gegner war sicherlich eine Nummer zu gro\u00df und wird am Ende der Saison in der Spitzengruppe der Landesliga-Tabelle zu finden sein. Positiv hervorzuheben ist f\u00fcr unsere U19 jedoch, dass es auch etliche gute Spielz\u00fcge durch unser Team gab. Es wurde stets versucht m\u00f6glichst ohne lange B\u00e4lle nach vorne durch zu kombinieren. Weiter hat die Mannschaft nie aufgesteckt und trotz der \u00dcberlegenheit des Gegners bis zur letzten Minute gek\u00e4mpft. Letztlich konnte Keeper Lennard Menke sich mehrfach sehr gut auszeichnen und das sch\u00f6nste Tor des Spiels ging auf die Kappe unserer JSG!<\/p>\n<p>Am n\u00e4chsten Samstag (16.09.2017) ist unsere U19 um 14.00 Uhr zu Gast bei der JSG Friesoyte\/Sedelsberg.<\/p>\n<p>Die A-Jugend-Ergebnisse der vergangenen Woche:<\/p>\n<ul>\n<li>Landesliga:\u00a0\u00a0\u00a0\u00a0\u00a0\u00a0\u00a0\u00a0\u00a0\u00a0\u00a0\u00a0\u00a0\u00a0\u00a0\u00a0 JSG A1 \u2013 Kickers Emden\u00a0\u00a0\u00a0\u00a0\u00a0\u00a0\u00a0\u00a0\u00a0\u00a0\u00a0\u00a0\u00a0\u00a0\u00a0\u00a0\u00a0\u00a0\u00a0\u00a0\u00a0\u00a0\u00a0\u00a0\u00a0\u00a0\u00a0\u00a0 1:5<\/li>\n<li>1. Kreisklasse:\u00a0\u00a0\u00a0\u00a0\u00a0\u00a0\u00a0\u00a0\u00a0\u00a0\u00a0 JSG Osterbrock\/Geeste &#8211; JSG A2\u00a0\u00a0\u00a0\u00a0\u00a0\u00a0\u00a0\u00a0\u00a0\u00a0\u00a0\u00a0\u00a0\u00a0 14:2<\/li>\n<\/ul>\n<p>&nbsp;<\/p>\n<p><strong>B-Jugend:<\/strong><\/p>\n<p>Auch unsere B1 hatte es in der Bezirksliga mit einem echten Meisterschaftsfavoriten zu tun: Zu Gast war Tabellenf\u00fchrer Blau-Wei\u00df Papenburg.<\/p>\n<p>Hier lief es zun\u00e4chst hervorragend f\u00fcr unsere U17: Durch Nico Seltier nach einem Konter und Nils Fangmeyer per Foulelfmeter ging unser Team in der 31. und 37. Minute auch verdient mit 2:0 in F\u00fchrung! Leider gab es kurz vor dem Halbzeitpfiff noch ein Eigentor unserer B1 zum 2:1-Anschlusstreffer f\u00fcr die G\u00e4ste.<\/p>\n<p>Unsere U17 war im 2. Durchgang dann kaum wieder zu erkennen: Insbesondere durch individuelle Fehler im Spielaufbau kam es immer wieder zu Chancen f\u00fcr die Kanalst\u00e4dter. In den letzten 18 Minuten des Spiels gab es somit noch sechs Gegentreffer zum 2:7-Endstand, was im Ergebnis am Ende viel zu hoch war. Da war mehr drin!<\/p>\n<p>Die G\u00e4ste fielen in der Begegnung durch eine sehr raue Spielweise auf, in der die Grenzen des Erlaubten des \u00d6fteren \u00fcberschritten wurden. Der sehr gute Schiedsrichter musste dieses allein vier Mal mit Gelb und einmal mit Rot f\u00fcr die Papenburger ahnden, zudem gab es noch eine Zeitstrafe f\u00fcr die G\u00e4ste.\u00a0\u00a0\u00a0\u00a0\u00a0\u00a0\u00a0\u00a0\u00a0\u00a0\u00a0\u00a0\u00a0\u00a0\u00a0\u00a0\u00a0\u00a0\u00a0\u00a0\u00a0\u00a0\u00a0\u00a0\u00a0\u00a0\u00a0\u00a0 \u00a0\u00a0\u00a0\u00a0\u00a0\u00a0\u00a0\u00a0\u00a0\u00a0\u00a0\u00a0\u00a0\u00a0\u00a0<\/p>\n<p>Bereits am Montag (09.09.2017) steht f\u00fcr unsere B1 das n\u00e4chste Spiel an: Unsere JSG ist dann zu Gast bei der JSG Aschendorf\/Rhede\/Brual. Ansto\u00df ist um 19.00 Uhr im Otto-D\u00f6lle-Stadion in Aschendorf.<\/p>\n<p>Die B-Jugend-Ergebnisse der vergangenen Woche:<\/p>\n<ul>\n<li>Bezirksliga:\u00a0\u00a0\u00a0\u00a0\u00a0\u00a0\u00a0\u00a0\u00a0\u00a0\u00a0\u00a0\u00a0\u00a0\u00a0\u00a0 JSG B1 \u2013 BW Papenburg\u00a0\u00a0\u00a0\u00a0\u00a0\u00a0\u00a0\u00a0\u00a0\u00a0\u00a0\u00a0\u00a0\u00a0\u00a0\u00a0\u00a0\u00a0\u00a0\u00a0\u00a0\u00a0\u00a0\u00a0\u00a0\u00a0\u00a0\u00a0 2:7<\/li>\n<li>Kreispokal:\u00a0\u00a0\u00a0\u00a0\u00a0\u00a0\u00a0\u00a0\u00a0\u00a0\u00a0\u00a0\u00a0\u00a0\u00a0\u00a0 JSG B2 \u2013 SC Spelle\/Venhaus 2\u00a0\u00a0\u00a0\u00a0\u00a0\u00a0\u00a0\u00a0\u00a0\u00a0\u00a0\u00a0\u00a0\u00a0\u00a0\u00a0\u00a0\u00a0 0.4<\/li>\n<li>1. Kreisklasse:\u00a0\u00a0\u00a0\u00a0\u00a0\u00a0\u00a0\u00a0\u00a0\u00a0\u00a0 JSG Osterbrock\/Geeste \u2013 JSG B2\u00a0\u00a0\u00a0\u00a0\u00a0\u00a0\u00a0\u00a0\u00a0\u00a0\u00a0\u00a0\u00a0 2:3<\/li>\n<li>2. Kreisklasse:\u00a0\u00a0\u00a0\u00a0\u00a0\u00a0\u00a0\u00a0\u00a0\u00a0\u00a0 JSG B3\u00a0\u00a0\u00a0\u00a0\u00a0\u00a0\u00a0\u00a0\u00a0\u00a0\u00a0\u00a0\u00a0\u00a0\u00a0\u00a0\u00a0\u00a0\u00a0\u00a0\u00a0\u00a0\u00a0\u00a0\u00a0\u00a0\u00a0\u00a0\u00a0\u00a0\u00a0\u00a0\u00a0\u00a0\u00a0\u00a0\u00a0\u00a0\u00a0\u00a0\u00a0\u00a0\u00a0\u00a0\u00a0\u00a0\u00a0\u00a0\u00a0\u00a0\u00a0\u00a0\u00a0\u00a0\u00a0\u00a0\u00a0 Spielfrei<\/li>\n<\/ul>\n<p>&nbsp;<\/p>\n<p><strong>C-Jugend:<\/strong><\/p>\n<p>Unsere C1 nutzte das spielfreie Wochenende am Sonntag zu einem Testspiel gegen den Tabellenzweiten der C-Jugend-Bezirksliga, der JSG Teglingen\/SV Meppen\/Schwefingen.<\/p>\n<p>Hier gab es ein sehr gutes und intensives Spiel beider Mannschaften. Unsere U15 war gegen den starken Gastgeber ebenb\u00fcrtig, verpasste es aber aus den sich bietenden Torchancen mehr Kapital zu schlagen. Die sehr sch\u00f6n herausgespielten Tore erzielten f\u00fcr unsere C1 Simon Seltier und Hermann Menke. Die Mannschaft zeigte erneut, dass sie mit Bezirksligamannschaften sehr gut mithalten kann!<\/p>\n<p>Nach einem gemeinsamen Mittagessen im Restaurant \u201eSchnitzelwelt\u201c in Meppen besuchte das gesamte Team mit etlichen Geschwistern und Eltern gemeinsam das Drittligaspiel SV Meppen \u2013 VfR Aalen, in dem der SV Meppen aufgrund einer starken 2. Halbzeit noch zu einem verdienten 1:1-Unentschieden kam. Ein sehr sch\u00f6ner Tag bei bestem Wetter f\u00fcr unsere C1-Spieler mit deren Familienmitgliedern!<\/p>\n<p>Am kommenden Wochenende hat unsere C1 erneut spielfrei. F\u00fcr Donnertag, den 14.09.2017 um 18.30 Uhr wurde ein weiteres Testspiel in Meppen-Gro\u00df Fullen beim Tabellenf\u00fchrer der Kreisliga Emsland Nord\/Mitte, der JSG Union Meppen\/Emslage vereinbart.<\/p>\n<p>Die C-Jugend-Ergebnisse der vergangenen Woche:<\/p>\n<ul>\n<li>Kreispokal: \u00a0\u00a0\u00a0\u00a0\u00a0\u00a0\u00a0\u00a0\u00a0\u00a0\u00a0\u00a0\u00a0\u00a0\u00a0 JSG Wettrup\/Lengerich 3 \u2013 JSG C1\u00a0\u00a0\u00a0\u00a0\u00a0\u00a0\u00a0\u00a0\u00a0\u00a0\u00a0\u00a0\u00a0\u00a0\u00a0\u00a0\u00a0\u00a0\u00a0\u00a0\u00a0\u00a0\u00a0 0:11<\/li>\n<li>Testspiel:\u00a0\u00a0\u00a0\u00a0\u00a0\u00a0\u00a0\u00a0\u00a0\u00a0\u00a0\u00a0\u00a0\u00a0\u00a0\u00a0\u00a0\u00a0\u00a0 JSG Tegl.\/SV Meppen\/Schwef. \u2013 JSG C1\u00a0 5:2<\/li>\n<li>Kreispokal:\u00a0\u00a0\u00a0\u00a0\u00a0\u00a0\u00a0\u00a0\u00a0\u00a0\u00a0\u00a0\u00a0\u00a0\u00a0\u00a0 JSG RB\/VfB Lingen \u2013 JSG C2\u00a0\u00a0\u00a0\u00a0\u00a0\u00a0\u00a0\u00a0\u00a0\u00a0\u00a0\u00a0\u00a0\u00a0\u00a0\u00a0\u00a0\u00a0\u00a0\u00a0 0:9<\/li>\n<li>1. Kreisklasse:\u00a0\u00a0\u00a0\u00a0\u00a0\u00a0\u00a0\u00a0\u00a0\u00a0\u00a0 JSG C2 \u2013 Voran Br\u00f6gbern\u00a0\u00a0\u00a0\u00a0\u00a0\u00a0\u00a0\u00a0\u00a0\u00a0\u00a0\u00a0\u00a0\u00a0\u00a0\u00a0\u00a0\u00a0\u00a0\u00a0\u00a0\u00a0\u00a0\u00a0\u00a0\u00a0\u00a0 2:4<\/li>\n<li>2. Kreisklasse:\u00a0\u00a0\u00a0\u00a0\u00a0\u00a0\u00a0\u00a0\u00a0\u00a0\u00a0 JSG C3 \u2013 SVA Salzbergen 2\u00a0\u00a0\u00a0\u00a0\u00a0\u00a0\u00a0\u00a0\u00a0\u00a0\u00a0\u00a0\u00a0\u00a0\u00a0\u00a0\u00a0\u00a0\u00a0\u00a0\u00a0\u00a0\u00a0\u00a0\u00a0\u00a0\u00a0\u00a0\u00a0\u00a0\u00a0\u00a0\u00a0\u00a0 8:0<\/li>\n<li>2. Kreisklasse:\u00a0\u00a0\u00a0\u00a0\u00a0\u00a0\u00a0\u00a0\u00a0\u00a0\u00a0 JSG Dohren\/Herzlake \u2013 JSG C4\u00a0\u00a0\u00a0\u00a0\u00a0\u00a0\u00a0\u00a0\u00a0\u00a0\u00a0\u00a0\u00a0\u00a0\u00a0\u00a0 12:0<\/li>\n<li>Kreispokal:\u00a0\u00a0\u00a0\u00a0\u00a0\u00a0\u00a0\u00a0\u00a0\u00a0\u00a0\u00a0\u00a0\u00a0\u00a0\u00a0 JSG C5 \u2013 Olympia Laxten 2\u00a0\u00a0\u00a0\u00a0\u00a0\u00a0\u00a0\u00a0\u00a0\u00a0\u00a0\u00a0\u00a0\u00a0\u00a0\u00a0\u00a0\u00a0\u00a0\u00a0\u00a0\u00a0\u00a0\u00a0 0:5<\/li>\n<li>2. Kreisklasse:\u00a0\u00a0\u00a0\u00a0\u00a0\u00a0\u00a0\u00a0\u00a0\u00a0\u00a0 JSG C5 \u2013 Olympia Laxten 4\u00a0\u00a0\u00a0\u00a0\u00a0\u00a0\u00a0\u00a0\u00a0\u00a0\u00a0\u00a0\u00a0\u00a0\u00a0\u00a0\u00a0\u00a0\u00a0\u00a0\u00a0\u00a0\u00a0\u00a0 10.0<\/li>\n<\/ul>\n<p>&nbsp;<\/p>\n<p>Alle Fans unserer drei JSG-Vereine sind herzlich eingeladen die JSG-Teams bei ihren Spielen zu unterst\u00fctzen!<\/p>\n<p>Bericht und Fotos: Heiner Feldmann<\/p>\n","protected":false},"excerpt":{"rendered":"<p>Bei widrigem Wetter gab es f\u00fcr unsere U19 im Landesliga-Spiel gegen Meisterschaftsanw\u00e4rter Kickers Emden am Freitagabend eine 1:5-Schlappe. Unsere B1 legte gegen Bezirksliga-Tabellenf\u00fchrer Blau-Wei\u00df Papenburg einen Super-Start hin, verlor dann aber in der zweiten Halbzeit leider vollkommen den Faden. Unsere C1 nutzte das spielfreie Wochenende zu einem Testspiel in Teglingen und zum Besuch des Drittligaspiels SV Meppen \u2013 VfR Aalen. A-Jugend: Aufgrund der starken Regenf\u00e4lle wurde das Heimspiel unserer A1 auf den Kunstrasenplatz im Concordia-Park verlegt, wo trotz teilweise starken Regens immerhin ca. 80 Zuschauer Zeuge eines ansehnlichen Spiels wurden. Trainer R\u00fcdiger Gr\u00fcner musste in dieser Begegnung u. a. auf seine Innenverteidiger Lennart Elfert und Pascal Kirchner verzichten. Unsere U19 konnte zun\u00e4chst durchaus das Spiel offen gestalten gegen abwartende Emdener. In der siebten Minute gelangte nach einem eigentlich verungl\u00fcckten Schussversuch das Leder zum Emdener Dominik Brendjes, der zum 0:1 nur einschieben brauchte. In der Folgezeit konnte unsere U19 durchaus sehenswert nach vorne kombinieren, wo es sogar zwei dicke Chancen f\u00fcr Timo Biermann und Ali Noori gab. Noch vor der Halbzeit sorgten zwei weitere Treffer der G\u00e4ste jedoch schon f\u00fcr eine [&hellip;]<\/p>\n","protected":false},"author":3,"featured_media":3509,"comment_status":"open","ping_status":"open","sticky":false,"template":"","format":"standard","meta":{"footnotes":""},"categories":[42],"tags":[],"class_list":["post-3568","post","type-post","status-publish","format-standard","has-post-thumbnail","hentry","category-jsg"],"_links":{"self":[{"href":"https:\/\/www.sv-listrup.de\/index.php?rest_route=\/wp\/v2\/posts\/3568","targetHints":{"allow":["GET"]}}],"collection":[{"href":"https:\/\/www.sv-listrup.de\/index.php?rest_route=\/wp\/v2\/posts"}],"about":[{"href":"https:\/\/www.sv-listrup.de\/index.php?rest_route=\/wp\/v2\/types\/post"}],"author":[{"embeddable":true,"href":"https:\/\/www.sv-listrup.de\/index.php?rest_route=\/wp\/v2\/users\/3"}],"replies":[{"embeddable":true,"href":"https:\/\/www.sv-listrup.de\/index.php?rest_route=%2Fwp%2Fv2%2Fcomments&post=3568"}],"version-history":[{"count":1,"href":"https:\/\/www.sv-listrup.de\/index.php?rest_route=\/wp\/v2\/posts\/3568\/revisions"}],"predecessor-version":[{"id":3571,"href":"https:\/\/www.sv-listrup.de\/index.php?rest_route=\/wp\/v2\/posts\/3568\/revisions\/3571"}],"wp:featuredmedia":[{"embeddable":true,"href":"https:\/\/www.sv-listrup.de\/index.php?rest_route=\/wp\/v2\/media\/3509"}],"wp:attachment":[{"href":"https:\/\/www.sv-listrup.de\/index.php?rest_route=%2Fwp%2Fv2%2Fmedia&parent=3568"}],"wp:term":[{"taxonomy":"category","embeddable":true,"href":"https:\/\/www.sv-listrup.de\/index.php?rest_route=%2Fwp%2Fv2%2Fcategories&post=3568"},{"taxonomy":"post_tag","embeddable":true,"href":"https:\/\/www.sv-listrup.de\/index.php?rest_route=%2Fwp%2Fv2%2Ftags&post=3568"}],"curies":[{"name":"wp","href":"https:\/\/api.w.org\/{rel}","templated":true}]}}