{"id":3582,"date":"2017-09-20T14:37:08","date_gmt":"2017-09-20T14:37:08","guid":{"rendered":"http:\/\/sv-listrup.de\/?p=3582"},"modified":"2017-09-20T14:37:08","modified_gmt":"2017-09-20T14:37:08","slug":"jsg-a1-siegt-sensationell-in-friesoythe","status":"publish","type":"post","link":"https:\/\/www.sv-listrup.de\/?p=3582","title":{"rendered":"JSG: A1 siegt sensationell in Friesoythe!"},"content":{"rendered":"<p>Eines l\u00e4sst sich jetzt schon sagen: Dieses Spiel bei der JSG Friesoythe\/Sedelsberg wird sicherlich zu den absoluten Highlights der JSG-Saison 2017\/2018 z\u00e4hlen. Gegen den letztj\u00e4hrigen unangefochtenen Meister, der auf den Aufstieg in die Niedersachsenliga verzichtet hat und auch in dieser Saison wieder zu den Meisterschaftsfavoriten geh\u00f6rt, zeigte unsere U19 eine blitzsaubere zweite H\u00e4lfte und entf\u00fchrte alle drei Punkte aus dem Oldenburger M\u00fcnsterland! Auch unsere B1 zeigte in der letzten Woche eine gute Leistung, verga\u00df aber leider das Tore schie\u00dfen.<\/p>\n<p><strong>A-Jugend:<\/strong><\/p>\n<p><a href=\"https:\/\/www.sv-listrup.de\/wp-content\/uploads\/2017\/09\/Foto-vor-dem-Spiel.jpg\"><img loading=\"lazy\" decoding=\"async\" class=\"alignnone size-large wp-image-3584\" src=\"https:\/\/www.sv-listrup.de\/wp-content\/uploads\/2017\/09\/Foto-vor-dem-Spiel-1024x768.jpg\" alt=\"Foto vor dem Spiel\" width=\"1024\" height=\"768\" srcset=\"https:\/\/www.sv-listrup.de\/wp-content\/uploads\/2017\/09\/Foto-vor-dem-Spiel-1024x768.jpg 1024w, https:\/\/www.sv-listrup.de\/wp-content\/uploads\/2017\/09\/Foto-vor-dem-Spiel-300x225.jpg 300w, https:\/\/www.sv-listrup.de\/wp-content\/uploads\/2017\/09\/Foto-vor-dem-Spiel-768x576.jpg 768w, https:\/\/www.sv-listrup.de\/wp-content\/uploads\/2017\/09\/Foto-vor-dem-Spiel.jpg 1280w\" sizes=\"auto, (max-width: 1024px) 100vw, 1024px\" \/><\/a><\/p>\n<p><em>Unsere U19 vor dem Spiel\u2026<\/em><\/p>\n<p>Die Vorzeichen standen alles andere als gut: Neben dem Rekonvaleszenten Oliver Teipen fehlten mit Fabian Hopmann, Lennart Elfert, John Rodriguez und Torh\u00fcter Lennert Menke gleich vier absolute Stammkr\u00e4fte. Dann ging das Vorhaben m\u00f6glichst lange die \u201e0\u201c hinten zu halten mit dem Treffer vom Friesoyther Torj\u00e4ger S\u00f6ren Hinrich in der f\u00fcnften Minute gleich den Bach runter. Und kurz vor der Halbzeitpause schien eben dieser S\u00f6ren Hinrich\u00a0 mit dem 2:0 auch schon zum psychologisch wichtigen Zeitpunkt auch schon den Deckel auf das Spiel draufgemacht zu haben.<\/p>\n<p>Was dann in der zweiten Halbzeit passierte, geh\u00f6rt wohl in die Kategorie \u201eWunder von Bern\u201c. Wohl keiner der Zuschauer rechnete noch mit einem Comeback unserer dezimierten A1, aber es lief dann alles wie im Film. Bereits in der 50. Minute konnte Mittelfeldregisseur Peter Berning mit seinem zweiten Saisontreffer den 2:1-Anschlu\u00dftreffer herstellen. Eine Viertelstunde sp\u00e4ter sorgte \u201eKopfballungeheuer\u201c Leon Fretschner nach einem Eckball mit der Schulter f\u00fcr den 2:2-Ausgleich. Trainer R\u00fcdiger Gr\u00fcnder schien zu wittern, dass hier nun was ging und hatte mit Nico Geike und dem 15j\u00e4hrigen B-Jugendspieler Nico Seltier bereits frische Offensivkr\u00e4fte eingewechselt.<\/p>\n<p>Und tats\u00e4chlich passierte es noch in der 88. Spielminute: Nico Seltier konnte eine Unachtsamkeit des gegnerischen Torh\u00fcters ausnutzen und besorgte den vielumjubelten 3:2-Siegtreffer f\u00fcr unsere U19! Wahnsinn!<\/p>\n<p>Unsere A1 hat damit einen wesentlich besseren Start in die Landesliga-Saison hingelegt, wie viele erwartet haben. Die Mannschaft steht nach vier Spielen mit sechs Punkten auf Rang 8 der Tabelle. Hut ab und Gratulation an die Mannschaft und das Trainerteam!<\/p>\n<p>\u00a0<a href=\"https:\/\/www.sv-listrup.de\/wp-content\/uploads\/2017\/09\/Foto-KKE.jpg\"><img loading=\"lazy\" decoding=\"async\" class=\"alignnone size-large wp-image-3583\" src=\"https:\/\/www.sv-listrup.de\/wp-content\/uploads\/2017\/09\/Foto-KKE-1024x768.jpg\" alt=\"Foto KKE\" width=\"1024\" height=\"768\" srcset=\"https:\/\/www.sv-listrup.de\/wp-content\/uploads\/2017\/09\/Foto-KKE-1024x768.jpg 1024w, https:\/\/www.sv-listrup.de\/wp-content\/uploads\/2017\/09\/Foto-KKE-300x225.jpg 300w, https:\/\/www.sv-listrup.de\/wp-content\/uploads\/2017\/09\/Foto-KKE-768x576.jpg 768w, https:\/\/www.sv-listrup.de\/wp-content\/uploads\/2017\/09\/Foto-KKE.jpg 1280w\" sizes=\"auto, (max-width: 1024px) 100vw, 1024px\" \/><\/a><\/p>\n<p><em>\u201eTypisch B\u00fcr\u2019n\u201c: Trainer R\u00fcdiger Gr\u00fcner erh\u00e4lt vom KKE auf dem Jubil\u00e4umsabend zum 33j\u00e4hrigen Bestehen am Samstagabend f\u00fcr den Ausw\u00e4rterfolg in Friesoythe gleich einen Orden :-)! Man muss die Feste halt feiern, wie sie fallen!<\/em><\/p>\n<p>Am <strong>Kirmessamstag<\/strong> steht das n\u00e4chste Spiel f\u00fcr unsere U19 an: In der Landesliga gibt es bei den Derbys nun weitere Entfernungen: Zu Gast zum \u201eEmslandduell\u201c ist dann um <strong>16.30 Uhr<\/strong> <strong>im Concordia-Park Blau-Wei\u00df Papenburg<\/strong>, mit denen es noch vor zwei bis drei Jahren in der Bezirksliga hei\u00dfe und spannende Spiele gegeben hat.<\/p>\n<p>Die A-Jugend-Ergebnisse der vergangenen Woche:<\/p>\n<ul>\n<li>Landesliga:\u00a0\u00a0\u00a0\u00a0\u00a0\u00a0\u00a0\u00a0\u00a0\u00a0\u00a0\u00a0\u00a0\u00a0\u00a0\u00a0 JSG Friesoyte\/Sedelsberg &#8211; JSG A1\u00a0\u00a0\u00a0\u00a0\u00a0\u00a0\u00a0\u00a0\u00a0\u00a0\u00a0\u00a0\u00a0\u00a0\u00a0\u00a0\u00a0\u00a0\u00a0\u00a0\u00a0\u00a0 2:3<\/li>\n<li>1. Kreisklasse:\u00a0\u00a0\u00a0\u00a0\u00a0\u00a0\u00a0\u00a0\u00a0\u00a0\u00a0 JSG Gro\u00df Hesepe\/Dalum &#8211; JSG A2\u00a0\u00a0\u00a0\u00a0\u00a0\u00a0\u00a0\u00a0\u00a0\u00a0\u00a0\u00a0\u00a0\u00a0\u00a0\u00a0\u00a0\u00a0\u00a0\u00a0\u00a0\u00a0\u00a0 8:2<\/li>\n<\/ul>\n<p>&nbsp;<\/p>\n<p><strong>B-Jugend:<\/strong><\/p>\n<p>Am Montag , dem 11.09.2017 trat unsere B1 die Reise zur JSG Aschendorf\/Rhede\/Brual in den hohen Norden des Emslandes an. Sie zeigte dort eine ihrer besten Saisonleistungen und dominierte \u00fcber weite Strecken das Spiel gegen den auf Augenh\u00f6he eingesch\u00e4tzten Gegner.<\/p>\n<p>Leider \u201everga\u00df\u201c unsere U17 dabei das Tore schie\u00dfen. Mit 0:0 ging es in die Halbzeitpause.<\/p>\n<p>Die spielentscheidende Phase gab es dann zu Beginn der zweiten Halbzeit. Einen berechtigten Handelfmeter konnte unser Team leider nicht im gegnerischen Tor unterbringen. Fast im Gegenzug erzielten die Gastgeber in der 55. Spielminute die schmeichelhafte 1:0-F\u00fchrung.<\/p>\n<p>Da unsere U17 auch im weiteren Verlauf des Spiels kein Tor mehr erzielte, blieb es am Ende bei einer ungl\u00fccklichen Niederlage. Unsere B1 befindet sich aktuell auf Platz 10 in der Bezirksliga-Tabelle.<\/p>\n<p>Am Kirmeswochenende hat die Mannschaft spielfrei und tritt danach am Freitag, dem 30.09.2017 um 15.00 Uhr bei der JSG Werlte\/Lorup\/Wehm an.<\/p>\n<p>Die B-Jugend-Ergebnisse der vergangenen Woche:<\/p>\n<ul>\n<li>Bezirksliga:\u00a0\u00a0\u00a0\u00a0\u00a0\u00a0\u00a0\u00a0\u00a0\u00a0\u00a0\u00a0\u00a0\u00a0\u00a0\u00a0 JSG Aschendorf\/Rhede \u2013 JSG B1\u00a0\u00a0\u00a0\u00a0\u00a0\u00a0\u00a0\u00a0\u00a0\u00a0\u00a0\u00a0\u00a0\u00a0 1:0<\/li>\n<li>1. Kreisklasse:\u00a0\u00a0\u00a0\u00a0\u00a0\u00a0\u00a0\u00a0\u00a0\u00a0\u00a0 JSG B2 \u2013 Olympia Laxten 2\u00a0\u00a0\u00a0\u00a0\u00a0\u00a0\u00a0\u00a0\u00a0\u00a0\u00a0\u00a0\u00a0\u00a0\u00a0\u00a0\u00a0\u00a0\u00a0\u00a0\u00a0\u00a0\u00a0\u00a0 2:2<\/li>\n<li>2. Kreisklasse:\u00a0\u00a0\u00a0\u00a0\u00a0\u00a0\u00a0\u00a0\u00a0\u00a0\u00a0 JSG B3 &#8211; JSG Gro\u00df Hesepe\/Dalum 2\u00a0\u00a0\u00a0\u00a0\u00a0\u00a0\u00a0 0:2<\/li>\n<\/ul>\n<p>&nbsp;<\/p>\n<p><strong>C-Jugend:<\/strong><\/p>\n<p>Unsere U15 hatte in dieser Woche spielfrei. Das f\u00fcr Donnerstagabend vereinbarte Testspiel bei der JSG Emslage\/Union Meppen wurde leider sehr kurzfristig abgesagt, da die Stadt Meppen die Pl\u00e4tze gesperrt hat.<\/p>\n<p>Die Mannschaft legte daher am Freitag eine zus\u00e4tzliche Trainingseinheit ein.<\/p>\n<p><strong>Am kommenden Kirmeswochenende spielt unsere C1 bereits am Freitagabend (22.09.) um 18.00 Uhr zuhause im Concordia-Park gegen den Tabellenzweiten JSG Freren.<\/strong><\/p>\n<p>Die C-Jugend-Ergebnisse der vergangenen Woche:<\/p>\n<ul>\n<li>Testspiel:\u00a0\u00a0\u00a0\u00a0\u00a0\u00a0\u00a0\u00a0\u00a0\u00a0\u00a0\u00a0\u00a0\u00a0\u00a0\u00a0\u00a0\u00a0\u00a0 JSG Emslage\/Union Meppen \u2013 JSG C1\u00a0\u00a0\u00a0\u00a0\u00a0 Ausgefallen<\/li>\n<li>1. Kreisklasse:\u00a0\u00a0\u00a0\u00a0\u00a0\u00a0\u00a0\u00a0\u00a0\u00a0\u00a0 JSG C2 \u2013 Voran Br\u00f6gbern\u00a0\u00a0\u00a0\u00a0\u00a0\u00a0\u00a0\u00a0\u00a0\u00a0\u00a0\u00a0\u00a0\u00a0\u00a0\u00a0\u00a0\u00a0\u00a0\u00a0\u00a0\u00a0\u00a0\u00a0\u00a0\u00a0\u00a0 Spielfrei<\/li>\n<li>2. Kreisklasse:\u00a0\u00a0\u00a0\u00a0\u00a0\u00a0\u00a0\u00a0\u00a0\u00a0\u00a0 JSG L\u00fcnne\/Messingen 2 \u2013 JSG C3\u00a0\u00a0\u00a0\u00a0\u00a0\u00a0\u00a0\u00a0\u00a0\u00a0\u00a0\u00a0 3:2<\/li>\n<li>2. Kreisklasse:\u00a0\u00a0\u00a0\u00a0\u00a0\u00a0\u00a0\u00a0\u00a0\u00a0\u00a0 JSG C4 \u2013 JSG Langen\/Lengerich 2\u00a0\u00a0\u00a0\u00a0\u00a0\u00a0\u00a0\u00a0\u00a0\u00a0\u00a0\u00a0 0:15<\/li>\n<li>2. Kreisklasse:\u00a0\u00a0\u00a0\u00a0\u00a0\u00a0\u00a0\u00a0\u00a0\u00a0\u00a0 JSG RB\/VfB Lingen \u2013 JSG C5\u00a0\u00a0\u00a0\u00a0\u00a0\u00a0\u00a0\u00a0\u00a0\u00a0\u00a0\u00a0\u00a0\u00a0\u00a0\u00a0\u00a0\u00a0\u00a0\u00a0 1:7<\/li>\n<\/ul>\n<p>&nbsp;<\/p>\n<p>Alle Fans unserer drei JSG-Vereine sind herzlich eingeladen die JSG-Teams bei ihren Spielen zu unterst\u00fctzen!<\/p>\n<p>Bericht: Heiner Feldmann<\/p>\n","protected":false},"excerpt":{"rendered":"<p>Eines l\u00e4sst sich jetzt schon sagen: Dieses Spiel bei der JSG Friesoythe\/Sedelsberg wird sicherlich zu den absoluten Highlights der JSG-Saison 2017\/2018 z\u00e4hlen. Gegen den letztj\u00e4hrigen unangefochtenen Meister, der auf den Aufstieg in die Niedersachsenliga verzichtet hat und auch in dieser Saison wieder zu den Meisterschaftsfavoriten geh\u00f6rt, zeigte unsere U19 eine blitzsaubere zweite H\u00e4lfte und entf\u00fchrte alle drei Punkte aus dem Oldenburger M\u00fcnsterland! Auch unsere B1 zeigte in der letzten Woche eine gute Leistung, verga\u00df aber leider das Tore schie\u00dfen. A-Jugend: Unsere U19 vor dem Spiel\u2026 Die Vorzeichen standen alles andere als gut: Neben dem Rekonvaleszenten Oliver Teipen fehlten mit Fabian Hopmann, Lennart Elfert, John Rodriguez und Torh\u00fcter Lennert Menke gleich vier absolute Stammkr\u00e4fte. Dann ging das Vorhaben m\u00f6glichst lange die \u201e0\u201c hinten zu halten mit dem Treffer vom Friesoyther Torj\u00e4ger S\u00f6ren Hinrich in der f\u00fcnften Minute gleich den Bach runter. Und kurz vor der Halbzeitpause schien eben dieser S\u00f6ren Hinrich\u00a0 mit dem 2:0 auch schon zum psychologisch wichtigen Zeitpunkt auch schon den Deckel auf das Spiel draufgemacht zu haben. Was dann in der zweiten Halbzeit passierte, geh\u00f6rt wohl in die [&hellip;]<\/p>\n","protected":false},"author":3,"featured_media":3509,"comment_status":"open","ping_status":"open","sticky":false,"template":"","format":"standard","meta":{"footnotes":""},"categories":[42],"tags":[],"class_list":["post-3582","post","type-post","status-publish","format-standard","has-post-thumbnail","hentry","category-jsg"],"_links":{"self":[{"href":"https:\/\/www.sv-listrup.de\/index.php?rest_route=\/wp\/v2\/posts\/3582","targetHints":{"allow":["GET"]}}],"collection":[{"href":"https:\/\/www.sv-listrup.de\/index.php?rest_route=\/wp\/v2\/posts"}],"about":[{"href":"https:\/\/www.sv-listrup.de\/index.php?rest_route=\/wp\/v2\/types\/post"}],"author":[{"embeddable":true,"href":"https:\/\/www.sv-listrup.de\/index.php?rest_route=\/wp\/v2\/users\/3"}],"replies":[{"embeddable":true,"href":"https:\/\/www.sv-listrup.de\/index.php?rest_route=%2Fwp%2Fv2%2Fcomments&post=3582"}],"version-history":[{"count":1,"href":"https:\/\/www.sv-listrup.de\/index.php?rest_route=\/wp\/v2\/posts\/3582\/revisions"}],"predecessor-version":[{"id":3585,"href":"https:\/\/www.sv-listrup.de\/index.php?rest_route=\/wp\/v2\/posts\/3582\/revisions\/3585"}],"wp:featuredmedia":[{"embeddable":true,"href":"https:\/\/www.sv-listrup.de\/index.php?rest_route=\/wp\/v2\/media\/3509"}],"wp:attachment":[{"href":"https:\/\/www.sv-listrup.de\/index.php?rest_route=%2Fwp%2Fv2%2Fmedia&parent=3582"}],"wp:term":[{"taxonomy":"category","embeddable":true,"href":"https:\/\/www.sv-listrup.de\/index.php?rest_route=%2Fwp%2Fv2%2Fcategories&post=3582"},{"taxonomy":"post_tag","embeddable":true,"href":"https:\/\/www.sv-listrup.de\/index.php?rest_route=%2Fwp%2Fv2%2Ftags&post=3582"}],"curies":[{"name":"wp","href":"https:\/\/api.w.org\/{rel}","templated":true}]}}