{"id":3595,"date":"2017-09-23T12:32:52","date_gmt":"2017-09-23T12:32:52","guid":{"rendered":"http:\/\/sv-listrup.de\/?p=3595"},"modified":"2017-09-23T12:32:52","modified_gmt":"2017-09-23T12:32:52","slug":"1-herren-heute-in-werlte","status":"publish","type":"post","link":"https:\/\/www.sv-listrup.de\/?p=3595","title":{"rendered":"1. Herren heute in Werlte!"},"content":{"rendered":"<p>Wochenende &#8211; Es geht weiter in der M\u00f6bel Wilken Kreisliga \u26bd\ufe0f\ud83d\udc4c\ud83d\ude09<\/p>\n<p>Unser SVL muss heute\u00a0Abend um 18 Uhr ausw\u00e4rts beim Tabellenf\u00fchrer Sparta Werlte ran.<\/p>\n<p>Ist zwar ein weite Fahrt, aber unser Team kann die Unterst\u00fctzung sicher gebrauchen \ud83d\ude0a\ud83d\udd25\ud83d\udcaa\ud83c\udffb <br \/>Also bildet Fahrgemeinschaften und packt gen\u00fcgend Proviant (\ud83c\udf7b) ein: Wir sehen uns dann in Werlte am Samstag\ud83d\udc4f\ud83c\udffb<\/p>\n<p>#Ausw\u00e4rtsmitdemSVL<\/p>\n","protected":false},"excerpt":{"rendered":"<p>Wochenende &#8211; Es geht weiter in der M\u00f6bel Wilken Kreisliga \u26bd\ufe0f\ud83d\udc4c\ud83d\ude09 Unser SVL muss heute\u00a0Abend um 18 Uhr ausw\u00e4rts beim Tabellenf\u00fchrer Sparta Werlte ran. Ist zwar ein weite Fahrt, aber unser Team kann die Unterst\u00fctzung sicher gebrauchen \ud83d\ude0a\ud83d\udd25\ud83d\udcaa\ud83c\udffb Also bildet Fahrgemeinschaften und packt gen\u00fcgend Proviant (\ud83c\udf7b) ein: Wir sehen uns dann in Werlte am Samstag\ud83d\udc4f\ud83c\udffb #Ausw\u00e4rtsmitdemSVL<\/p>\n","protected":false},"author":7,"featured_media":3565,"comment_status":"open","ping_status":"open","sticky":false,"template":"","format":"standard","meta":{"footnotes":""},"categories":[11],"tags":[],"class_list":["post-3595","post","type-post","status-publish","format-standard","has-post-thumbnail","hentry","category-seniorenfussball-1-senioren"],"_links":{"self":[{"href":"https:\/\/www.sv-listrup.de\/index.php?rest_route=\/wp\/v2\/posts\/3595","targetHints":{"allow":["GET"]}}],"collection":[{"href":"https:\/\/www.sv-listrup.de\/index.php?rest_route=\/wp\/v2\/posts"}],"about":[{"href":"https:\/\/www.sv-listrup.de\/index.php?rest_route=\/wp\/v2\/types\/post"}],"author":[{"embeddable":true,"href":"https:\/\/www.sv-listrup.de\/index.php?rest_route=\/wp\/v2\/users\/7"}],"replies":[{"embeddable":true,"href":"https:\/\/www.sv-listrup.de\/index.php?rest_route=%2Fwp%2Fv2%2Fcomments&post=3595"}],"version-history":[{"count":1,"href":"https:\/\/www.sv-listrup.de\/index.php?rest_route=\/wp\/v2\/posts\/3595\/revisions"}],"predecessor-version":[{"id":3596,"href":"https:\/\/www.sv-listrup.de\/index.php?rest_route=\/wp\/v2\/posts\/3595\/revisions\/3596"}],"wp:featuredmedia":[{"embeddable":true,"href":"https:\/\/www.sv-listrup.de\/index.php?rest_route=\/wp\/v2\/media\/3565"}],"wp:attachment":[{"href":"https:\/\/www.sv-listrup.de\/index.php?rest_route=%2Fwp%2Fv2%2Fmedia&parent=3595"}],"wp:term":[{"taxonomy":"category","embeddable":true,"href":"https:\/\/www.sv-listrup.de\/index.php?rest_route=%2Fwp%2Fv2%2Fcategories&post=3595"},{"taxonomy":"post_tag","embeddable":true,"href":"https:\/\/www.sv-listrup.de\/index.php?rest_route=%2Fwp%2Fv2%2Ftags&post=3595"}],"curies":[{"name":"wp","href":"https:\/\/api.w.org\/{rel}","templated":true}]}}