{"id":3603,"date":"2017-09-24T17:40:33","date_gmt":"2017-09-24T17:40:33","guid":{"rendered":"http:\/\/sv-listrup.de\/?p=3603"},"modified":"2017-09-24T17:40:33","modified_gmt":"2017-09-24T17:40:33","slug":"jsg-a1-punktet-auch-gegen-bw-papenburg","status":"publish","type":"post","link":"https:\/\/www.sv-listrup.de\/?p=3603","title":{"rendered":"JSG: A1 punktet auch gegen BW Papenburg!"},"content":{"rendered":"<p>Weiterhin sehr gut l\u00e4uft es f\u00fcr unsere U19 als Aufsteiger in der Landesliga: Auch gegen die favorisierten Blau-Wei\u00dfen aus Papenburg konnte die Mannschaft von Trainer R\u00fcdiger Gr\u00fcner punkten und erreichte nach einem 0:2-R\u00fcckstand am Ende noch ein 2:2-Unentschieden. Einen wichtigen Dreier fuhr am Freitagabend unsere C1 gegen die JSG Freren ein.<\/p>\n<p><strong>A-Jugend:<\/strong><\/p>\n<p><a href=\"https:\/\/www.sv-listrup.de\/wp-content\/uploads\/2017\/09\/8620426.jpg\"><img loading=\"lazy\" decoding=\"async\" class=\"alignnone size-full wp-image-3604\" src=\"https:\/\/www.sv-listrup.de\/wp-content\/uploads\/2017\/09\/8620426.jpg\" alt=\"8620426\" width=\"900\" height=\"600\" srcset=\"https:\/\/www.sv-listrup.de\/wp-content\/uploads\/2017\/09\/8620426.jpg 900w, https:\/\/www.sv-listrup.de\/wp-content\/uploads\/2017\/09\/8620426-300x200.jpg 300w, https:\/\/www.sv-listrup.de\/wp-content\/uploads\/2017\/09\/8620426-768x512.jpg 768w\" sizes=\"auto, (max-width: 900px) 100vw, 900px\" \/><\/a><\/p>\n<p>Unsere A1 musste am Samstagnachmittag bei bestem Kirmes- und Fu\u00dfball-Wetter erneut neben dem zumindest in der Hinrunde noch ausfallenden Oliver Teipen auf zwei weitere starke Spieler verzichten, dieses mal auf Jan Roling und den erkrankten Timo Biermann. Daf\u00fcr waren Lennart Elfert, Fabian Hopmann, Lennert Menke und John Rodriguez wieder mit an Bord.<\/p>\n<p>Nach ausgeglichenem Beginn erspielten sich die G\u00e4ste aus dem n\u00f6rdlichen Emsland in der ersten Halbzeit ein spielerisches \u00dcbergewicht und gingen nach einem Querschl\u00e4ger unserer JSG kurz vor dem Strafraum durch Marco Langen verdient mit 0:1 in der 39. Spielminute in F\u00fchrung.<\/p>\n<p>Auch in der zweiten Halbzeit setzte sich dieses Spiel zun\u00e4chst fort. Unsere U19 kn\u00fcpfte zun\u00e4chst leider nicht an die sehr gute Leistung im letzten Spiel in Friesoythe an, so dass es immer wieder Chancen f\u00fcr die Kanalst\u00e4dter gab. Dennoch konnte auch unsere A1 immer wieder gef\u00e4hrliche Konter fahren, in dessen Folge u. a. ein Abseitstor, das vermutlich regelkonform war, erzielt wurde.<\/p>\n<p>Die besseren Chancen hatte indes weiterhin Blau-Wei\u00df Papenburg. Torh\u00fcter Lennart Menke konnte sich mehrfach auszeichnen. In der 62. Minute war er jedoch chancenlos, als der spielstarke Gholam Ahmedi f\u00fcr die G\u00e4ste auf 0:2 erh\u00f6hte. Eigentlich war das Spiel damit entschieden. Doch wie in der letzten Woche erlebte unsere Elf dann ein tolles Comeback!<\/p>\n<p>Neuen Schwung brachte insbesondere der eingewechselte Ali Noori in das Spiel der JSG. Die Gef\u00e4hrlichkeit der Konter unserer JSG nahm nun zu und so war es der Kapit\u00e4n Fabian Hopmann, der nach einer Hereingabe von Simon Roling nur vier Minuten sp\u00e4ter den Anschlusstreffer zum 1:2 besorgte.<\/p>\n<p><a href=\"https:\/\/www.sv-listrup.de\/wp-content\/uploads\/2017\/09\/8620445.jpg\"><img loading=\"lazy\" decoding=\"async\" class=\"alignnone size-full wp-image-3605\" src=\"https:\/\/www.sv-listrup.de\/wp-content\/uploads\/2017\/09\/8620445.jpg\" alt=\"8620445\" width=\"900\" height=\"600\" srcset=\"https:\/\/www.sv-listrup.de\/wp-content\/uploads\/2017\/09\/8620445.jpg 900w, https:\/\/www.sv-listrup.de\/wp-content\/uploads\/2017\/09\/8620445-300x200.jpg 300w, https:\/\/www.sv-listrup.de\/wp-content\/uploads\/2017\/09\/8620445-768x512.jpg 768w\" sizes=\"auto, (max-width: 900px) 100vw, 900px\" \/><\/a><\/p>\n<p><em>Ein tolles Spiel machte Kapit\u00e4n Fabian Hopmann, der\u2026<\/em><\/p>\n<p><a href=\"https:\/\/www.sv-listrup.de\/wp-content\/uploads\/2017\/09\/8620446.jpg\"><img loading=\"lazy\" decoding=\"async\" class=\"alignnone size-full wp-image-3606\" src=\"https:\/\/www.sv-listrup.de\/wp-content\/uploads\/2017\/09\/8620446.jpg\" alt=\"8620446\" width=\"900\" height=\"600\" srcset=\"https:\/\/www.sv-listrup.de\/wp-content\/uploads\/2017\/09\/8620446.jpg 900w, https:\/\/www.sv-listrup.de\/wp-content\/uploads\/2017\/09\/8620446-300x200.jpg 300w, https:\/\/www.sv-listrup.de\/wp-content\/uploads\/2017\/09\/8620446-768x512.jpg 768w\" sizes=\"auto, (max-width: 900px) 100vw, 900px\" \/><\/a><\/p>\n<p><em>\u2026 hier mit einem hervorragenden Einsatz den Ball erobert und sp\u00e4ter den Anschlusstreffer erzielte!<\/em><\/p>\n<p>Eine weitere scharfe Hereingabe von Simon Roling der 75. Minute konnte ein Papenburger Abwehrspieler nur ins eigene Tor lenken: 2:2-Ausgleich!<\/p>\n<p>Trotz weiterer Chancen auf beiden Seiten blieb es am Ende bei diesem Resultat, dass sich unsere U19 insbesondere aufgrund der Leistungssteigerung nach dem 0:2-R\u00fcckstand redlich verdiente!<\/p>\n<p>Somit festigte unsere U19 ihren Platz im Mittelfeld der Tabelle und belegt mit sieben Punkten aus f\u00fcnf Spielen nun den sechsten Tabellenplatz, die Papenburger sind Vierter. Randnotiz: Damit ist unsere JSG nach dem Jugendleistungszentrum Meppen in der Regionalliga und BW Papenburg aktuell die drittbeste A.-Jugendmannschaft im gesamten Bezirk Emsland\/Grafschaft Bentheim!<\/p>\n<p>Weitere Bilder vom Spiel von Lars Schr\u00f6er von der Lingener Tagespost gibt es auf Fupa unter<\/p>\n<p>https:\/\/www.fupa.net\/galerie\/sg-emsbueren-leschede-listrup-sc-blau-weiss-94-papenburg-240245\/foto1.html<\/p>\n<p>Das n\u00e4chste Spiel ist f\u00fcr unsere U19 erneut ein Emsland-Derby: <strong>Die JSG-A1 ist am kommenden Samstag, den 30.09.2017 um 16.00 Uhr zu Gast beim SC Spelle\/Venhaus und w\u00fcrde sich \u00fcber zahlreiche Unterst\u00fctzung aus den drei JSG-Vereinen sehr freuen!<\/strong><\/p>\n<p>Die A-Jugend-Ergebnisse der vergangenen Woche:<\/p>\n<ul>\n<li>Landesliga:\u00a0\u00a0\u00a0\u00a0\u00a0\u00a0\u00a0\u00a0\u00a0\u00a0\u00a0\u00a0\u00a0\u00a0\u00a0\u00a0 JSG A1 \u2013 Blau-Wei\u00df Papenburg\u00a0\u00a0\u00a0\u00a0\u00a0\u00a0\u00a0\u00a0\u00a0\u00a0\u00a0\u00a0\u00a0\u00a0\u00a0\u00a0\u00a0 2:2<\/li>\n<li>1. Kreisklasse:\u00a0\u00a0\u00a0\u00a0\u00a0\u00a0\u00a0\u00a0\u00a0\u00a0\u00a0 JSG A2 \u2013 Olympia Laxten 2\u00a0\u00a0\u00a0\u00a0\u00a0\u00a0\u00a0\u00a0\u00a0\u00a0\u00a0\u00a0\u00a0\u00a0\u00a0\u00a0\u00a0\u00a0\u00a0\u00a0\u00a0\u00a0\u00a0\u00a0 8:2<\/li>\n<\/ul>\n<p>&nbsp;<\/p>\n<p><strong>B-Jugend:<\/strong><\/p>\n<p>Ein spielfreies Kirmeswochenende konnte unsere U17 genie\u00dfen.<\/p>\n<p>Die Mannschaft des Trainergespanns Phillip D\u00fctz, Christian R\u00e4kers, Thorsten Drente und Frank Schwarze tritt als n\u00e4chstes am Samstag, dem 30.09.2017 um 15.00 Uhr bei der JSG Werlte\/Lorup\/Wehm an und hofft aus dem H\u00fcmmling etwas z\u00e4hlbares wieder mit nach Hause zu nehmen.<\/p>\n<p>Die B-Jugend-Ergebnisse der vergangenen Woche:<\/p>\n<ul>\n<li>Bezirksliga:\u00a0\u00a0\u00a0\u00a0\u00a0\u00a0\u00a0\u00a0\u00a0\u00a0\u00a0\u00a0\u00a0\u00a0\u00a0\u00a0 JSG B1\u00a0\u00a0\u00a0\u00a0\u00a0\u00a0\u00a0\u00a0\u00a0\u00a0\u00a0\u00a0\u00a0\u00a0\u00a0\u00a0\u00a0\u00a0\u00a0\u00a0\u00a0\u00a0\u00a0\u00a0\u00a0\u00a0\u00a0\u00a0\u00a0\u00a0\u00a0\u00a0\u00a0\u00a0\u00a0\u00a0\u00a0\u00a0\u00a0\u00a0\u00a0\u00a0\u00a0\u00a0\u00a0\u00a0\u00a0\u00a0\u00a0\u00a0\u00a0\u00a0\u00a0\u00a0\u00a0\u00a0\u00a0 Spielfrei<\/li>\n<li>1. Kreisklasse:\u00a0\u00a0\u00a0\u00a0\u00a0\u00a0\u00a0\u00a0\u00a0\u00a0\u00a0 JSG B2 \u2013 SC Spelle\/Venhaus 2\u00a0\u00a0\u00a0\u00a0\u00a0\u00a0\u00a0\u00a0\u00a0\u00a0\u00a0\u00a0\u00a0\u00a0\u00a0\u00a0\u00a0\u00a0 1:7<\/li>\n<li>2. Kreisklasse:\u00a0\u00a0\u00a0\u00a0\u00a0\u00a0\u00a0\u00a0\u00a0\u00a0\u00a0 JSG B3\u00a0\u00a0\u00a0\u00a0\u00a0\u00a0\u00a0\u00a0\u00a0\u00a0\u00a0\u00a0\u00a0\u00a0\u00a0\u00a0\u00a0\u00a0\u00a0\u00a0\u00a0\u00a0\u00a0\u00a0\u00a0\u00a0\u00a0\u00a0\u00a0\u00a0\u00a0\u00a0\u00a0\u00a0\u00a0\u00a0\u00a0\u00a0\u00a0\u00a0\u00a0\u00a0\u00a0\u00a0\u00a0 \u00a0\u00a0\u00a0\u00a0\u00a0\u00a0\u00a0\u00a0\u00a0\u00a0\u00a0 Spielfrei<\/li>\n<\/ul>\n<p>&nbsp;<\/p>\n<p><strong>C-Jugend:<\/strong><\/p>\n<p>Bereits am Freitagabend trat unsere U15 auf dem alten Schulsportplatz im Concordia-Park gegen den Tabellenzweiten JSG Freren an und kam hier vollkommen verdient zu drei wichtigen Punkten.<\/p>\n<p>Schon in der ersten Halbzeit \u00fcbernahm unsere JSG das Kommando und spielte aus einer sicheren Abwehr heraus immer wieder \u00fcberlegte Angriffe Richtung Frerener Tor. Nach einer Viertelstunde h\u00e4tte es durchaus 3:0 oder 4:0 f\u00fcr die Mannschaft der Trainer Fabian Hopmann, Olli Niehof und Heiner Feldmann stehen k\u00f6nnen. Dennoch ging es mit einem 0:0 in die Pause.<\/p>\n<p>Simon Seltier war es dann, der gegen die geschickt und gestaffelt verteidigenden Frerener den \u201eDosen\u00f6ffner\u201c fand. In der 43. Minute verwertete er eine Hereingabe zum verdienten 1:0. Nun ging es weiter: Nach sch\u00f6nen Angriffen \u00fcber die Fl\u00fcgel besorgten Max Berning und Bennet Frericks in der 61. und 64. Minute die 3:0-F\u00fchrung.<\/p>\n<p>Das sch\u00f6nste Tor des Tages erzielte Pascal Katzy, der nach einer Drehung aus halblinker Position aus 20 Metern einfach mal abzog und das Leder zum 4:0 in den rechten oberen Torwinkel zirkelte.<\/p>\n<p>Fast mit dem Schlusspfiff fiel nach der praktisch einzigen Frerener Torchance in der zweiten Halbzeit noch der Ehrentreffer f\u00fcr die G\u00e4ste, so dass am Ende ein 4:1-Heimsieg stand. Unsere U15 konnte somit die Frerener vom zweiten Tabellenplatz verdr\u00e4ngen und hat nun auch wieder Anschluss an den um zwei Punkte besser platzierten Spitzenreiter SV Bokeloh.<\/p>\n<p>Am kommenden Wochenende hat unsere U15 spielfrei, ist daf\u00fcr aber in der Woche gleich zweimal im Einsatz: Zun\u00e4chst empf\u00e4ngt die Mannschaft am Montag (25.09.2017) um 18.00 Uhr auf dem Lescheder Sportplatz den Bezirksligisten JSG Niedergrafschaft zu einem Testspiel. <strong>Am Mittwoch (27.09.2015) kommt es dann ebenfalls um 18.00 Uhr auf dem Lescheder Sportplatz zum Kreispokal-Viertelfinale zwischen unserer JSG-C2 und unserer JSG-C1.<\/strong><\/p>\n<p>Die C-Jugend-Ergebnisse der vergangenen Woche:<\/p>\n<ul>\n<li>Kreisliga:\u00a0\u00a0\u00a0\u00a0\u00a0\u00a0\u00a0\u00a0\u00a0\u00a0\u00a0\u00a0\u00a0\u00a0\u00a0\u00a0\u00a0\u00a0\u00a0 JSG C1 \u2013 JSG Freren\u00a0\u00a0\u00a0\u00a0\u00a0\u00a0\u00a0\u00a0\u00a0\u00a0\u00a0\u00a0\u00a0\u00a0\u00a0\u00a0\u00a0\u00a0\u00a0\u00a0\u00a0\u00a0\u00a0\u00a0\u00a0\u00a0\u00a0\u00a0\u00a0\u00a0\u00a0\u00a0\u00a0 4:1<\/li>\n<li>1. Kreisklasse:\u00a0\u00a0\u00a0\u00a0\u00a0\u00a0\u00a0\u00a0\u00a0\u00a0\u00a0 JSG C2 \u2013 SC Spelle\/Venhaus 3\u00a0\u00a0\u00a0\u00a0\u00a0\u00a0\u00a0\u00a0\u00a0\u00a0\u00a0\u00a0\u00a0\u00a0\u00a0\u00a0\u00a0\u00a0 7:1<\/li>\n<li>2. Kreisklasse:\u00a0\u00a0\u00a0\u00a0\u00a0\u00a0\u00a0\u00a0\u00a0\u00a0\u00a0 JSG C3\u00a0\u00a0\u00a0\u00a0\u00a0\u00a0\u00a0\u00a0\u00a0\u00a0\u00a0\u00a0\u00a0\u00a0\u00a0\u00a0\u00a0\u00a0\u00a0\u00a0\u00a0\u00a0\u00a0\u00a0\u00a0\u00a0\u00a0\u00a0\u00a0\u00a0\u00a0\u00a0\u00a0\u00a0\u00a0\u00a0\u00a0\u00a0\u00a0\u00a0\u00a0\u00a0\u00a0\u00a0\u00a0\u00a0\u00a0\u00a0\u00a0\u00a0\u00a0\u00a0\u00a0\u00a0\u00a0\u00a0 Spielfrei<\/li>\n<li>2. Kreisklasse:\u00a0\u00a0\u00a0\u00a0\u00a0\u00a0\u00a0\u00a0\u00a0\u00a0\u00a0 JSG C4\u00a0\u00a0\u00a0\u00a0\u00a0\u00a0\u00a0\u00a0\u00a0\u00a0\u00a0\u00a0\u00a0\u00a0\u00a0\u00a0\u00a0\u00a0\u00a0\u00a0\u00a0\u00a0\u00a0\u00a0\u00a0\u00a0\u00a0\u00a0\u00a0\u00a0\u00a0\u00a0\u00a0\u00a0\u00a0\u00a0\u00a0\u00a0\u00a0\u00a0\u00a0\u00a0\u00a0\u00a0\u00a0\u00a0\u00a0\u00a0\u00a0\u00a0\u00a0\u00a0\u00a0\u00a0\u00a0\u00a0 Spielfrei<\/li>\n<li>2. Kreisklasse:\u00a0\u00a0\u00a0\u00a0\u00a0\u00a0\u00a0\u00a0\u00a0\u00a0\u00a0 JSG C5 \u2013 JSG Langen\/Lenger.\/Wettrup 2\u00a0\u00a0 6:1\u00a0\u00a0\u00a0\u00a0\u00a0\u00a0<\/li>\n<\/ul>\n<p>&nbsp;<\/p>\n<p>Alle Fans unserer drei JSG-Vereine sind herzlich eingeladen die JSG-Teams bei ihren Spielen zu unterst\u00fctzen!<\/p>\n<p>Bericht: Heiner Feldmann<\/p>\n<p>Fotos: Lars Schr\u00f6er (Lingener Tagespost \/ Fupa), vielen Dank daf\u00fcr!<\/p>\n","protected":false},"excerpt":{"rendered":"<p>Weiterhin sehr gut l\u00e4uft es f\u00fcr unsere U19 als Aufsteiger in der Landesliga: Auch gegen die favorisierten Blau-Wei\u00dfen aus Papenburg konnte die Mannschaft von Trainer R\u00fcdiger Gr\u00fcner punkten und erreichte nach einem 0:2-R\u00fcckstand am Ende noch ein 2:2-Unentschieden. Einen wichtigen Dreier fuhr am Freitagabend unsere C1 gegen die JSG Freren ein. A-Jugend: Unsere A1 musste am Samstagnachmittag bei bestem Kirmes- und Fu\u00dfball-Wetter erneut neben dem zumindest in der Hinrunde noch ausfallenden Oliver Teipen auf zwei weitere starke Spieler verzichten, dieses mal auf Jan Roling und den erkrankten Timo Biermann. Daf\u00fcr waren Lennart Elfert, Fabian Hopmann, Lennert Menke und John Rodriguez wieder mit an Bord. Nach ausgeglichenem Beginn erspielten sich die G\u00e4ste aus dem n\u00f6rdlichen Emsland in der ersten Halbzeit ein spielerisches \u00dcbergewicht und gingen nach einem Querschl\u00e4ger unserer JSG kurz vor dem Strafraum durch Marco Langen verdient mit 0:1 in der 39. Spielminute in F\u00fchrung. Auch in der zweiten Halbzeit setzte sich dieses Spiel zun\u00e4chst fort. Unsere U19 kn\u00fcpfte zun\u00e4chst leider nicht an die sehr gute Leistung im letzten Spiel in Friesoythe an, so dass es immer wieder Chancen f\u00fcr [&hellip;]<\/p>\n","protected":false},"author":3,"featured_media":3509,"comment_status":"open","ping_status":"open","sticky":false,"template":"","format":"standard","meta":{"footnotes":""},"categories":[42],"tags":[],"class_list":["post-3603","post","type-post","status-publish","format-standard","has-post-thumbnail","hentry","category-jsg"],"_links":{"self":[{"href":"https:\/\/www.sv-listrup.de\/index.php?rest_route=\/wp\/v2\/posts\/3603","targetHints":{"allow":["GET"]}}],"collection":[{"href":"https:\/\/www.sv-listrup.de\/index.php?rest_route=\/wp\/v2\/posts"}],"about":[{"href":"https:\/\/www.sv-listrup.de\/index.php?rest_route=\/wp\/v2\/types\/post"}],"author":[{"embeddable":true,"href":"https:\/\/www.sv-listrup.de\/index.php?rest_route=\/wp\/v2\/users\/3"}],"replies":[{"embeddable":true,"href":"https:\/\/www.sv-listrup.de\/index.php?rest_route=%2Fwp%2Fv2%2Fcomments&post=3603"}],"version-history":[{"count":1,"href":"https:\/\/www.sv-listrup.de\/index.php?rest_route=\/wp\/v2\/posts\/3603\/revisions"}],"predecessor-version":[{"id":3607,"href":"https:\/\/www.sv-listrup.de\/index.php?rest_route=\/wp\/v2\/posts\/3603\/revisions\/3607"}],"wp:featuredmedia":[{"embeddable":true,"href":"https:\/\/www.sv-listrup.de\/index.php?rest_route=\/wp\/v2\/media\/3509"}],"wp:attachment":[{"href":"https:\/\/www.sv-listrup.de\/index.php?rest_route=%2Fwp%2Fv2%2Fmedia&parent=3603"}],"wp:term":[{"taxonomy":"category","embeddable":true,"href":"https:\/\/www.sv-listrup.de\/index.php?rest_route=%2Fwp%2Fv2%2Fcategories&post=3603"},{"taxonomy":"post_tag","embeddable":true,"href":"https:\/\/www.sv-listrup.de\/index.php?rest_route=%2Fwp%2Fv2%2Ftags&post=3603"}],"curies":[{"name":"wp","href":"https:\/\/api.w.org\/{rel}","templated":true}]}}