{"id":3853,"date":"2018-03-17T14:08:32","date_gmt":"2018-03-17T13:08:32","guid":{"rendered":"http:\/\/sv-listrup.de\/?p=3853"},"modified":"2018-04-11T18:39:43","modified_gmt":"2018-04-11T17:39:43","slug":"bestbesuchte-generalversammlung-aller-zeiten-pluto-tritt-nach-22-jahren-als-1-vorsitzender-ab","status":"publish","type":"post","link":"https:\/\/www.sv-listrup.de\/?p=3853","title":{"rendered":"Bestbesuchte Generalversammlung aller Zeiten! &#8211; &#8222;Pluto&#8220; tritt nach 22 Jahren als 1. Vorsitzender ab!"},"content":{"rendered":"<p><span style=\"font-size: 14pt;\">Am Freitagabend fand die wohl bestbesuchteste Generalversammlung der Geschichte des SVL statt. Rund 91(!) Mitglieder &amp; Besucher fanden den Weg in den Saal der Gastst\u00e4tte Oldeweme, unter anderem um unseren langj\u00e4hrigen 1. Vorsitzenden Werner &#8222;Pluto&#8220; Pl\u00fcth geb\u00fchrend zu verabschieden.<br \/>\u00dcber diese Besucherzahl w\u00fcrde sich wohl auch jeder andere Verein im Emsland freuen, war sich auch Gastredner und Kreisvorsitzender des Emslandes Hubert B\u00f6rger vom NfV sicher.\u00a0<\/span><\/p>\n<p><span style=\"font-size: 14pt;\">Nach 22 Jahren als 1. Vorsitzender und \u00fcber 40 Jahren als Vorstandsmitglied beim SVL tritt Pluto ab und macht Platz f\u00fcr die &#8222;j\u00fcngere Generation&#8220;. <\/span><\/p>\n<p><span style=\"font-size: 14pt;\">In Person bedeutete dies am Freitagabend: Markus Meyering wurde einstimmig zum 1. Vorsitzenden gew\u00e4hlt und wird in Zukunft den Verein nach au\u00dfen hin pr\u00e4sentieren und f\u00fchren. Dieser freut sich \u00fcber die Unterst\u00fctzung des wiedergew\u00e4hlten Vorstandes, der mit Ansgar J\u00e4ckering (in seiner dritten Amtszeit) obendrein einen erfahrenen Mann dazubekommen hat. Zudem wurde der Vorstand durch Umstrukturiersma\u00dfnahmen ebenfalls verst\u00e4rkt: Bernd &#8222;BB&#8220; B\u00fcnker wird als Gesch\u00e4ftsf\u00fchrer Fu\u00dfball (bisher Fu\u00dfballobmann) und Jonas Berger als Presse- und \u00d6ffentlichkeitswart (bisher Jugendobmann) das Team um Markus Meyering unterst\u00fctzen.<\/span><\/p>\n<p><span style=\"font-size: 14pt;\">Das diese &#8222;Aufstockung des Vorstandes&#8220; unumg\u00e4nglich ist, zeigt auch die Berichterstattung der Investitionen &amp; Aktivit\u00e4ten des vergangen Jahres. Neben der neuen Beregnungsanlage wurde die neue Schiedsrichterkabine hergerichtet, eine Garage f\u00fcr B\u00e4lle &amp; Ger\u00e4te aufgestellt, Bandenwerbung am Nebenplatz angebracht, die Duschen in den alten Kabinen renoviert und im letzten Jahr der neue Trainingsplatz eingeweiht. F\u00fcr die Zukunft sollen Projekte wie ein neuer Flutlichtmast, ein Spielger\u00e4t f\u00fcr Kinder, Sanierung der sanit\u00e4ren Anlagen oder auch ein m\u00f6gliches Abdach f\u00fcr Zuschauer n\u00e4her gepr\u00fcft und ggf. umgesetzt werden! Das diese Vorhaben einiges an Planungen, Zeit und Mittel brauchen werden, versteht sich von selbst.<\/span><\/p>\n<div id=\"attachment_3855\" style=\"width: 2602px\" class=\"wp-caption aligncenter\"><a href=\"https:\/\/www.sv-listrup.de\/wp-content\/uploads\/2018\/03\/DSCI3103.jpg\"><img loading=\"lazy\" decoding=\"async\" aria-describedby=\"caption-attachment-3855\" class=\"wp-image-3855 size-full\" src=\"https:\/\/www.sv-listrup.de\/wp-content\/uploads\/2018\/03\/DSCI3103.jpg\" alt=\"\" width=\"2592\" height=\"1944\" srcset=\"https:\/\/www.sv-listrup.de\/wp-content\/uploads\/2018\/03\/DSCI3103.jpg 2592w, https:\/\/www.sv-listrup.de\/wp-content\/uploads\/2018\/03\/DSCI3103-300x225.jpg 300w, https:\/\/www.sv-listrup.de\/wp-content\/uploads\/2018\/03\/DSCI3103-768x576.jpg 768w, https:\/\/www.sv-listrup.de\/wp-content\/uploads\/2018\/03\/DSCI3103-1024x768.jpg 1024w\" sizes=\"auto, (max-width: 2592px) 100vw, 2592px\" \/><\/a><p id=\"caption-attachment-3855\" class=\"wp-caption-text\"><span style=\"font-size: 12pt;\">Der Vorstand des SV Listrup: von links: Markus Meyering, Sabine Lohm\u00f6ller, Gerd B\u00fcnker, Silvia Duitz, Ansgar J\u00e4ckering, Andreas Tewes, Jonas Berger, Bernd B\u00fcnker<\/span><\/p><\/div>\n<p><span style=\"font-size: 14pt;\">Aber auch Pluto wird dem Verein in Zukunft nicht den R\u00fccken kehren. Die Versammlung w\u00e4hlte ihn auf Anregung vom neuem 1. Vorsitzenden Markus Meyering einstimmig zum Ehrenvorsitzenden des SV Listrup. Ein Amt, dass nach Bernhard &#8222;B\u00e4uerlein&#8220; Hindricks, somit erst zum zweiten Mal vergeben wurde. Pluto wird dem Verein somit auch weiterhin erhalten bleiben und weiterhin das &#8222;Tagesgesch\u00e4ft&#8220; am Sportplatz \u00fcbernehmen! Selbstverst\u00e4ndlich gab es auch noch ein Pr\u00e4sent vom Vorstand, der Pluto wortw\u00f6rtlich &#8222;auf Reisen schickt&#8220; und ihm damit f\u00fcr einen wohl (weltweit) unvergleichbarem Einsatz f\u00fcr den SVL dankt. <a href=\"https:\/\/www.sv-listrup.de\/wp-content\/uploads\/2018\/03\/DSCI3048.jpg\"><img loading=\"lazy\" decoding=\"async\" class=\"aligncenter  wp-image-3857\" src=\"https:\/\/www.sv-listrup.de\/wp-content\/uploads\/2018\/03\/DSCI3048.jpg\" alt=\"\" width=\"412\" height=\"309\" srcset=\"https:\/\/www.sv-listrup.de\/wp-content\/uploads\/2018\/03\/DSCI3048.jpg 2592w, https:\/\/www.sv-listrup.de\/wp-content\/uploads\/2018\/03\/DSCI3048-300x225.jpg 300w, https:\/\/www.sv-listrup.de\/wp-content\/uploads\/2018\/03\/DSCI3048-768x576.jpg 768w, https:\/\/www.sv-listrup.de\/wp-content\/uploads\/2018\/03\/DSCI3048-1024x768.jpg 1024w\" sizes=\"auto, (max-width: 412px) 100vw, 412px\" \/><img loading=\"lazy\" decoding=\"async\" class=\"aligncenter  wp-image-3858\" src=\"https:\/\/www.sv-listrup.de\/wp-content\/uploads\/2018\/03\/DSCI3050.jpg\" alt=\"\" width=\"414\" height=\"311\" srcset=\"https:\/\/www.sv-listrup.de\/wp-content\/uploads\/2018\/03\/DSCI3050.jpg 2592w, https:\/\/www.sv-listrup.de\/wp-content\/uploads\/2018\/03\/DSCI3050-300x225.jpg 300w, https:\/\/www.sv-listrup.de\/wp-content\/uploads\/2018\/03\/DSCI3050-768x576.jpg 768w, https:\/\/www.sv-listrup.de\/wp-content\/uploads\/2018\/03\/DSCI3050-1024x768.jpg 1024w\" sizes=\"auto, (max-width: 414px) 100vw, 414px\" \/><\/a><\/span><\/p>\n<p>&nbsp;<\/p>\n<p><span style=\"font-size: 14pt;\">Auch Hubert B\u00f6rger, Kreisvorsitzender des Emslandes beim NFV, lie\u00df es sich nicht nehmen die Generalversammlung des SV Listrup zu besuchen und richtete einige warme Worte an unser Vereinsurgestein Pluto. Selbstverst\u00e4ndlich erhielt dieser f\u00fcr die \u00fcber 40 j\u00e4hrige Arbeit im Vorstand des SV Listrup die goldene Ehrennadel des NFV und eine entsprechende Urkunde f\u00fcr seine Verdienste.\u00a0<a href=\"https:\/\/www.sv-listrup.de\/wp-content\/uploads\/2018\/03\/DSCI3072.jpg\"><img loading=\"lazy\" decoding=\"async\" class=\"aligncenter  wp-image-3862\" src=\"https:\/\/www.sv-listrup.de\/wp-content\/uploads\/2018\/03\/DSCI3072.jpg\" alt=\"\" width=\"518\" height=\"389\" srcset=\"https:\/\/www.sv-listrup.de\/wp-content\/uploads\/2018\/03\/DSCI3072.jpg 2592w, https:\/\/www.sv-listrup.de\/wp-content\/uploads\/2018\/03\/DSCI3072-300x225.jpg 300w, https:\/\/www.sv-listrup.de\/wp-content\/uploads\/2018\/03\/DSCI3072-768x576.jpg 768w, https:\/\/www.sv-listrup.de\/wp-content\/uploads\/2018\/03\/DSCI3072-1024x768.jpg 1024w\" sizes=\"auto, (max-width: 518px) 100vw, 518px\" \/><\/a> <a href=\"https:\/\/www.sv-listrup.de\/wp-content\/uploads\/2018\/03\/DSCI3065.jpg\"><img loading=\"lazy\" decoding=\"async\" class=\"aligncenter  wp-image-3861\" src=\"https:\/\/www.sv-listrup.de\/wp-content\/uploads\/2018\/03\/DSCI3065.jpg\" alt=\"\" width=\"512\" height=\"384\" srcset=\"https:\/\/www.sv-listrup.de\/wp-content\/uploads\/2018\/03\/DSCI3065.jpg 2592w, https:\/\/www.sv-listrup.de\/wp-content\/uploads\/2018\/03\/DSCI3065-300x225.jpg 300w, https:\/\/www.sv-listrup.de\/wp-content\/uploads\/2018\/03\/DSCI3065-768x576.jpg 768w, https:\/\/www.sv-listrup.de\/wp-content\/uploads\/2018\/03\/DSCI3065-1024x768.jpg 1024w\" sizes=\"auto, (max-width: 512px) 100vw, 512px\" \/><\/a><\/span><\/p>\n<p>&nbsp;<\/p>\n<p><span style=\"font-size: 14pt;\">Bei all dem Trubel um Pluto und die Neuwahlen des Vorstandes sollte aber auch das abgelaufene Jahr nicht vergessen werden. Fu\u00dfballobmann BB B\u00fcnker berichtete von der letzten Saison der 1. Mannschaft, die mit dem Aufstieg in die Kreisliga Emsland wohl den gr\u00f6\u00dften Erfolg der Vereinsgeschichte feiern konnten. Auch die 2. Herren konnte durch den Klassenerhalt in der 2. Kreisklasse eine tolle Leistung zeigen und als Zweitvertretung mit einigen &#8222;gr\u00f6\u00dferen&#8220; 1. Mannschaften des S\u00fcdkreises mithalten. Beim Damenfu\u00dfball sei vor allem der Erfolg der 2. Damen erw\u00e4hnt, die den Aufstieg in die 1. Kreisklasse schafften und sich obendrein in der Hinrunde 17\/18 dort etablieren konnte. Die 1. Damen musste zwar den bitteren Abstieg in die Kreisliga verbuchen, sind aber als Tabellenf\u00fchrer erneut auf &#8222;Kurs-Bezirksliga&#8220;! Personell dreht sich das Trainerkarussell im Sommer, denn mit Bernhard Lammers (1.Herren) und Andreas Lohm\u00f6ller (2.Herren) verlassen zwei Erfolgsgaranten ihre Posten. Dennoch ist Neu-Gesch\u00e4ftsf\u00fchrer-Fu\u00dfball BB optimistisch mit Sascha Gerritzen (1. Herren) und den noch nicht spruchreifen Nachfolger(n) der 2. Herren an die Erfolge der Vergangenheit anzukn\u00fcpfen.\u00a0<\/span><\/p>\n<p><span style=\"font-size: 14pt;\">Noch-Jugendobmann Jonas Berger berichtete zudem von den Erfolgen der Listruper Jugend, die mit 11 Mannschaften und \u00fcber 120 Kindern\/Jugendlichen sich bestens pr\u00e4sentiert. Ob auf Norderney oder in den unteschiedlichsten Staffeln, unsere Jugendteams messen sich mit den &#8222;Gro\u00dfen&#8220; des S\u00fcdkreises und lassen bei Meisterschaften &amp; Turnieren u.a. Teams wie Salzbergen I oder Spelle I hinter sich. (F1) Zudem ist auch die Jugendspielgemeinschaft erfolgreich wie nie: Die B1 &amp; A1 setzen mit ihren Aufstiegen Ma\u00dfst\u00e4be und pr\u00e4sentieren die Gemeinde Emsb\u00fcren in der Landes- und Berzirksliga.<\/span><\/p>\n<p>&nbsp;<\/p>\n<p><span style=\"font-size: 14pt;\">Wie in jedem Jahr wurden auch noch die besten Fu\u00dfballer(innen) geehrt und von der Versammlung der Sportler des Jahres gew\u00e4hlt. Letztere Auszeichnung ging verdienterma\u00dfen an Sabine Lohm\u00f6ller, die im Duett mit Rosi Holle bei jedem Sonntag-Heimspiel mit unerm\u00fctlichen Engagement f\u00fcr die Bewirtung sorgt und Zuschauer sowie dem gesamten Verein damit einen tollen Dienst leistet!<\/span><\/p>\n<p><a href=\"https:\/\/www.sv-listrup.de\/wp-content\/uploads\/2018\/03\/DSCI3088.jpg\"><img loading=\"lazy\" decoding=\"async\" class=\"aligncenter  wp-image-3866\" src=\"https:\/\/www.sv-listrup.de\/wp-content\/uploads\/2018\/03\/DSCI3088.jpg\" alt=\"\" width=\"600\" height=\"450\" srcset=\"https:\/\/www.sv-listrup.de\/wp-content\/uploads\/2018\/03\/DSCI3088.jpg 2592w, https:\/\/www.sv-listrup.de\/wp-content\/uploads\/2018\/03\/DSCI3088-300x225.jpg 300w, https:\/\/www.sv-listrup.de\/wp-content\/uploads\/2018\/03\/DSCI3088-768x576.jpg 768w, https:\/\/www.sv-listrup.de\/wp-content\/uploads\/2018\/03\/DSCI3088-1024x768.jpg 1024w\" sizes=\"auto, (max-width: 600px) 100vw, 600px\" \/><\/a><\/p>\n<p>&nbsp;<\/p>\n<p><span style=\"font-size: 14pt;\">Zum Fu\u00dfballer des Jahres wurde Michael B\u00fcnker gew\u00e4hlt, der in der Aufstiegssaison mit 34 Toren ma\u00dfgeblichen Anteil am Erfolg seines Teams hat. Mit \u00fcber 100 Toren in seinen nun 5 Jahren beim SVL ist diese Auszeichnung selbstverst\u00e4ndlich mehr als gerechtfertigt:<a href=\"https:\/\/www.sv-listrup.de\/wp-content\/uploads\/2018\/03\/DSCI3084.jpg\"><img loading=\"lazy\" decoding=\"async\" class=\"aligncenter  wp-image-3865\" src=\"https:\/\/www.sv-listrup.de\/wp-content\/uploads\/2018\/03\/DSCI3084.jpg\" alt=\"\" width=\"604\" height=\"453\" srcset=\"https:\/\/www.sv-listrup.de\/wp-content\/uploads\/2018\/03\/DSCI3084.jpg 2592w, https:\/\/www.sv-listrup.de\/wp-content\/uploads\/2018\/03\/DSCI3084-300x225.jpg 300w, https:\/\/www.sv-listrup.de\/wp-content\/uploads\/2018\/03\/DSCI3084-768x576.jpg 768w, https:\/\/www.sv-listrup.de\/wp-content\/uploads\/2018\/03\/DSCI3084-1024x768.jpg 1024w\" sizes=\"auto, (max-width: 604px) 100vw, 604px\" \/><\/a><\/span><\/p>\n<p><span style=\"font-size: 14pt;\">Fu\u00dfballerin des Jahres wurde\u00a0Jacqueline Woschek, die als Kapit\u00e4nin der 2. Damen seit Jahren durch beispiellosen Einsatz gl\u00e4nzt und eine tolle Entwicklung genommen hat:<\/span><\/p>\n<p><a href=\"https:\/\/www.sv-listrup.de\/wp-content\/uploads\/2018\/03\/2018-03-17-PHOTO-00000039.jpg\"><img loading=\"lazy\" decoding=\"async\" class=\"aligncenter  wp-image-3869\" src=\"https:\/\/www.sv-listrup.de\/wp-content\/uploads\/2018\/03\/2018-03-17-PHOTO-00000039.jpg\" alt=\"\" width=\"624\" height=\"351\" srcset=\"https:\/\/www.sv-listrup.de\/wp-content\/uploads\/2018\/03\/2018-03-17-PHOTO-00000039.jpg 1032w, https:\/\/www.sv-listrup.de\/wp-content\/uploads\/2018\/03\/2018-03-17-PHOTO-00000039-300x169.jpg 300w, https:\/\/www.sv-listrup.de\/wp-content\/uploads\/2018\/03\/2018-03-17-PHOTO-00000039-768x432.jpg 768w, https:\/\/www.sv-listrup.de\/wp-content\/uploads\/2018\/03\/2018-03-17-PHOTO-00000039-1024x576.jpg 1024w\" sizes=\"auto, (max-width: 624px) 100vw, 624px\" \/><\/a><\/p>\n<p><span style=\"font-size: 14pt;\">Jugendfu\u00dfballerin 2017 wurde Lena Evers! Lena behauptet sich als M\u00e4dchen bereits seit Jahren erfolgreich bei den Jungs und ist aktuell fester Bestandteil unserer B-Jugend. In Zukunft soll sie dann unsere Damen verst\u00e4rken und mit ihrem bekannten Entschlossenheit auch dieses Team weiter voranbringen!<\/span><a href=\"https:\/\/www.sv-listrup.de\/wp-content\/uploads\/2018\/03\/DSCI3081.jpg\"><img loading=\"lazy\" decoding=\"async\" class=\"aligncenter  wp-image-3864\" src=\"https:\/\/www.sv-listrup.de\/wp-content\/uploads\/2018\/03\/DSCI3081.jpg\" alt=\"\" width=\"465\" height=\"349\" srcset=\"https:\/\/www.sv-listrup.de\/wp-content\/uploads\/2018\/03\/DSCI3081.jpg 2592w, https:\/\/www.sv-listrup.de\/wp-content\/uploads\/2018\/03\/DSCI3081-300x225.jpg 300w, https:\/\/www.sv-listrup.de\/wp-content\/uploads\/2018\/03\/DSCI3081-768x576.jpg 768w, https:\/\/www.sv-listrup.de\/wp-content\/uploads\/2018\/03\/DSCI3081-1024x768.jpg 1024w\" sizes=\"auto, (max-width: 465px) 100vw, 465px\" \/><\/a><\/p>\n<p>&nbsp;<\/p>\n<p><span style=\"font-size: 14pt;\">Als Jugendfu\u00dfballer hat sich der Vorstand auf Silas Stein festgelegt, der unseren SVL in der C1 der JSh bestens pr\u00e4sentiert. Sein Coach Heiner Feldmann berichtete der Versammlung von Silas vorbildlichem Engagement im Team und seiner tollen Entwicklung in der Kreisliga:<\/span><a href=\"https:\/\/www.sv-listrup.de\/wp-content\/uploads\/2018\/03\/DSCI3076.jpg\"><img loading=\"lazy\" decoding=\"async\" class=\"aligncenter  wp-image-3863\" src=\"https:\/\/www.sv-listrup.de\/wp-content\/uploads\/2018\/03\/DSCI3076.jpg\" alt=\"\" width=\"488\" height=\"366\" srcset=\"https:\/\/www.sv-listrup.de\/wp-content\/uploads\/2018\/03\/DSCI3076.jpg 2592w, https:\/\/www.sv-listrup.de\/wp-content\/uploads\/2018\/03\/DSCI3076-300x225.jpg 300w, https:\/\/www.sv-listrup.de\/wp-content\/uploads\/2018\/03\/DSCI3076-768x576.jpg 768w, https:\/\/www.sv-listrup.de\/wp-content\/uploads\/2018\/03\/DSCI3076-1024x768.jpg 1024w\" sizes=\"auto, (max-width: 488px) 100vw, 488px\" \/><\/a><\/p>\n<p>&nbsp;<\/p>\n<p><span style=\"font-size: 14pt;\">Alles in allem eine rundum gelungene Generalversammlung, bei der vor allem die gro\u00dfartige Beteiligung der Mitglieder in Erinnerung bleibt. Die 91 Anwesenden sind ein fester Beweis f\u00fcr die Lebendigkeit unseres Vereins, der weiterhin eine tolle Entwicklung nimmt und sich f\u00fcr die Zukunft gewabnet zeigt!\u00a0<a href=\"https:\/\/www.sv-listrup.de\/wp-content\/uploads\/2018\/03\/DSCI3058.jpg\"><img loading=\"lazy\" decoding=\"async\" class=\"aligncenter size-full wp-image-3860\" src=\"https:\/\/www.sv-listrup.de\/wp-content\/uploads\/2018\/03\/DSCI3058.jpg\" alt=\"\" width=\"2592\" height=\"1944\" srcset=\"https:\/\/www.sv-listrup.de\/wp-content\/uploads\/2018\/03\/DSCI3058.jpg 2592w, https:\/\/www.sv-listrup.de\/wp-content\/uploads\/2018\/03\/DSCI3058-300x225.jpg 300w, https:\/\/www.sv-listrup.de\/wp-content\/uploads\/2018\/03\/DSCI3058-768x576.jpg 768w, https:\/\/www.sv-listrup.de\/wp-content\/uploads\/2018\/03\/DSCI3058-1024x768.jpg 1024w\" sizes=\"auto, (max-width: 2592px) 100vw, 2592px\" \/><\/a><\/span><\/p>\n<p><div id=\"attachment_3867\" style=\"width: 631px\" class=\"wp-caption aligncenter\"><a href=\"https:\/\/www.sv-listrup.de\/wp-content\/uploads\/2018\/03\/DSCI3095.jpg\"><img loading=\"lazy\" decoding=\"async\" aria-describedby=\"caption-attachment-3867\" class=\"wp-image-3867 \" src=\"https:\/\/www.sv-listrup.de\/wp-content\/uploads\/2018\/03\/DSCI3095.jpg\" alt=\"\" width=\"621\" height=\"466\" srcset=\"https:\/\/www.sv-listrup.de\/wp-content\/uploads\/2018\/03\/DSCI3095.jpg 2592w, https:\/\/www.sv-listrup.de\/wp-content\/uploads\/2018\/03\/DSCI3095-300x225.jpg 300w, https:\/\/www.sv-listrup.de\/wp-content\/uploads\/2018\/03\/DSCI3095-768x576.jpg 768w, https:\/\/www.sv-listrup.de\/wp-content\/uploads\/2018\/03\/DSCI3095-1024x768.jpg 1024w\" sizes=\"auto, (max-width: 621px) 100vw, 621px\" \/><\/a><p id=\"caption-attachment-3867\" class=\"wp-caption-text\"><span style=\"font-size: 12pt;\">Auch die &#8222;Alten Herren&#8220; lie\u00dfen es sich nicht nehmen, unserem Jahrelangem 1. Vorsitzenden f\u00fcr seine Dienste zu danken! Markus Loh berichtete der Versammlung, wie Pluto schon in den 70er &amp; 80er zahlreiche Jugendliche zum Training chauffierte und \u00fcber Jahre deren Entwicklung als Trainer\/Jugendwart und Vorstandsmitglied mitpr\u00e4gte.<\/span><\/p><\/div> <div id=\"attachment_3856\" style=\"width: 2602px\" class=\"wp-caption aligncenter\"><a href=\"https:\/\/www.sv-listrup.de\/wp-content\/uploads\/2018\/03\/DSCI3106.jpg\"><img loading=\"lazy\" decoding=\"async\" aria-describedby=\"caption-attachment-3856\" class=\"wp-image-3856 size-full\" src=\"https:\/\/www.sv-listrup.de\/wp-content\/uploads\/2018\/03\/DSCI3106.jpg\" alt=\"\" width=\"2592\" height=\"1944\" srcset=\"https:\/\/www.sv-listrup.de\/wp-content\/uploads\/2018\/03\/DSCI3106.jpg 2592w, https:\/\/www.sv-listrup.de\/wp-content\/uploads\/2018\/03\/DSCI3106-300x225.jpg 300w, https:\/\/www.sv-listrup.de\/wp-content\/uploads\/2018\/03\/DSCI3106-768x576.jpg 768w, https:\/\/www.sv-listrup.de\/wp-content\/uploads\/2018\/03\/DSCI3106-1024x768.jpg 1024w\" sizes=\"auto, (max-width: 2592px) 100vw, 2592px\" \/><\/a><p id=\"caption-attachment-3856\" class=\"wp-caption-text\"><span style=\"font-size: 14pt;\">Der neue Vorstand mit seinem Ehrenvorsitzenden Werner &#8222;Pluto&#8220; Pl\u00fcth an der Spitze!<\/span><\/p><\/div><\/p>\n<p>&nbsp;<\/p>\n<p><a href=\"https:\/\/www.sv-listrup.de\/wp-content\/uploads\/2018\/03\/DSCI3101.jpg\"><img loading=\"lazy\" decoding=\"async\" class=\"aligncenter wp-image-3854 \" src=\"https:\/\/www.sv-listrup.de\/wp-content\/uploads\/2018\/03\/DSCI3101-e1521291674246.jpg\" alt=\"\" width=\"603\" height=\"804\" srcset=\"https:\/\/www.sv-listrup.de\/wp-content\/uploads\/2018\/03\/DSCI3101-e1521291674246.jpg 1944w, https:\/\/www.sv-listrup.de\/wp-content\/uploads\/2018\/03\/DSCI3101-e1521291674246-225x300.jpg 225w, https:\/\/www.sv-listrup.de\/wp-content\/uploads\/2018\/03\/DSCI3101-e1521291674246-768x1024.jpg 768w\" sizes=\"auto, (max-width: 603px) 100vw, 603px\" \/><\/a><\/p>\n","protected":false},"excerpt":{"rendered":"<p>Am Freitagabend fand die wohl bestbesuchteste Generalversammlung der Geschichte des SVL statt. Rund 91(!) Mitglieder &amp; Besucher fanden den Weg in den Saal der Gastst\u00e4tte Oldeweme, unter anderem um unseren langj\u00e4hrigen 1. Vorsitzenden Werner &#8222;Pluto&#8220; Pl\u00fcth geb\u00fchrend zu verabschieden.\u00dcber diese Besucherzahl w\u00fcrde sich wohl auch jeder andere Verein im Emsland freuen, war sich auch Gastredner und Kreisvorsitzender des Emslandes Hubert B\u00f6rger vom NfV sicher.\u00a0 Nach 22 Jahren als 1. Vorsitzender und \u00fcber 40 Jahren als Vorstandsmitglied beim SVL tritt Pluto ab und macht Platz f\u00fcr die &#8222;j\u00fcngere Generation&#8220;. In Person bedeutete dies am Freitagabend: Markus Meyering wurde einstimmig zum 1. Vorsitzenden gew\u00e4hlt und wird in Zukunft den Verein nach au\u00dfen hin pr\u00e4sentieren und f\u00fchren. Dieser freut sich \u00fcber die Unterst\u00fctzung des wiedergew\u00e4hlten Vorstandes, der mit Ansgar J\u00e4ckering (in seiner dritten Amtszeit) obendrein einen erfahrenen Mann dazubekommen hat. Zudem wurde der Vorstand durch Umstrukturiersma\u00dfnahmen ebenfalls verst\u00e4rkt: Bernd &#8222;BB&#8220; B\u00fcnker wird als Gesch\u00e4ftsf\u00fchrer Fu\u00dfball (bisher Fu\u00dfballobmann) und Jonas Berger als Presse- und \u00d6ffentlichkeitswart (bisher Jugendobmann) das Team um Markus Meyering unterst\u00fctzen. Das diese &#8222;Aufstockung des Vorstandes&#8220; unumg\u00e4nglich ist, zeigt auch die Berichterstattung [&hellip;]<\/p>\n","protected":false},"author":7,"featured_media":3856,"comment_status":"open","ping_status":"open","sticky":false,"template":"","format":"standard","meta":{"footnotes":""},"categories":[1,25],"tags":[],"class_list":["post-3853","post","type-post","status-publish","format-standard","has-post-thumbnail","hentry","category-allgemein","category-generalversammlung"],"_links":{"self":[{"href":"https:\/\/www.sv-listrup.de\/index.php?rest_route=\/wp\/v2\/posts\/3853","targetHints":{"allow":["GET"]}}],"collection":[{"href":"https:\/\/www.sv-listrup.de\/index.php?rest_route=\/wp\/v2\/posts"}],"about":[{"href":"https:\/\/www.sv-listrup.de\/index.php?rest_route=\/wp\/v2\/types\/post"}],"author":[{"embeddable":true,"href":"https:\/\/www.sv-listrup.de\/index.php?rest_route=\/wp\/v2\/users\/7"}],"replies":[{"embeddable":true,"href":"https:\/\/www.sv-listrup.de\/index.php?rest_route=%2Fwp%2Fv2%2Fcomments&post=3853"}],"version-history":[{"count":5,"href":"https:\/\/www.sv-listrup.de\/index.php?rest_route=\/wp\/v2\/posts\/3853\/revisions"}],"predecessor-version":[{"id":3874,"href":"https:\/\/www.sv-listrup.de\/index.php?rest_route=\/wp\/v2\/posts\/3853\/revisions\/3874"}],"wp:featuredmedia":[{"embeddable":true,"href":"https:\/\/www.sv-listrup.de\/index.php?rest_route=\/wp\/v2\/media\/3856"}],"wp:attachment":[{"href":"https:\/\/www.sv-listrup.de\/index.php?rest_route=%2Fwp%2Fv2%2Fmedia&parent=3853"}],"wp:term":[{"taxonomy":"category","embeddable":true,"href":"https:\/\/www.sv-listrup.de\/index.php?rest_route=%2Fwp%2Fv2%2Fcategories&post=3853"},{"taxonomy":"post_tag","embeddable":true,"href":"https:\/\/www.sv-listrup.de\/index.php?rest_route=%2Fwp%2Fv2%2Ftags&post=3853"}],"curies":[{"name":"wp","href":"https:\/\/api.w.org\/{rel}","templated":true}]}}