{"id":3939,"date":"2018-04-12T14:32:39","date_gmt":"2018-04-12T13:32:39","guid":{"rendered":"http:\/\/sv-listrup.de\/?p=3939"},"modified":"2018-04-12T14:33:36","modified_gmt":"2018-04-12T13:33:36","slug":"viel-zu-lesen-rueckblick-auf-die-letzten-spiele-sonntag-15-uhr-heimspiel-gegen-lorup","status":"publish","type":"post","link":"https:\/\/www.sv-listrup.de\/?p=3939","title":{"rendered":"Viel zu lesen: R\u00fcckblick auf die letzten Spiele &#8211; Sonntag 15 Uhr Heimspiel gegen Lorup!"},"content":{"rendered":"<p>Aufgrund von Urlaub hier etwas versp\u00e4tet die Facebookmeldungen der letzten Spiele unserer Ersten:<br \/>Auch ohne bei Facebook angemeldet zu sein, k\u00f6nnt ihr euch dort die Listruper Seite mit den aktuellsten News anschauen. <a href=\"http:\/\/www.Facebook.com\/SVListrup\">www.Facebook.com\/SVListrup<\/a><\/p>\n<p>Nicht vergessen: Am Sonntag, den 15.04.2018, steht schon wieder das n\u00e4chste Heimspiel unserer Ersten gegen Lorup\u00a0an! Bereits um 13 Uhr spielt unsere Zweite ebenfalls daheim gegen Schapen II.<\/p>\n<p>&nbsp;<\/p>\n<p><span style=\"font-size: 18pt;\">3:0 Heimsieg am Sonntag<\/span><span class=\"_5mfr _47e3\"><img loading=\"lazy\" decoding=\"async\" class=\"img\" role=\"presentation\" src=\"https:\/\/static.xx.fbcdn.net\/images\/emoji.php\/v9\/faf\/1\/16\/26bd.png\" alt=\"\" width=\"16\" height=\"16\" \/><span class=\"_7oe\">\u26bd<\/span><\/span><span class=\"_5mfr _47e3\"><img loading=\"lazy\" decoding=\"async\" class=\"img\" role=\"presentation\" src=\"https:\/\/static.xx.fbcdn.net\/images\/emoji.php\/v9\/faf\/1\/16\/26bd.png\" alt=\"\" width=\"16\" height=\"16\" \/><span class=\"_7oe\">\u26bd<\/span><\/span><span class=\"_5mfr _47e3\"><img loading=\"lazy\" decoding=\"async\" class=\"img\" role=\"presentation\" src=\"https:\/\/static.xx.fbcdn.net\/images\/emoji.php\/v9\/faf\/1\/16\/26bd.png\" alt=\"\" width=\"16\" height=\"16\" \/><span class=\"_7oe\">\u26bd<\/span><\/span><\/p>\n<p>SV <a class=\"_58cn\" href=\"https:\/\/www.facebook.com\/hashtag\/listrup?source=feed_text\" data-ft=\"{&quot;tn&quot;:&quot;*N&quot;,&quot;type&quot;:104}\"><span class=\"_5afx\"><span class=\"_58cl _5afz\" aria-label=\"Hashtag\">#<\/span><span class=\"_58cm\">Listrup<\/span><\/span><\/a> gegen Sparta <a class=\"_58cn\" href=\"https:\/\/www.facebook.com\/hashtag\/werlte?source=feed_text\" data-ft=\"{&quot;tn&quot;:&quot;*N&quot;,&quot;type&quot;:104}\"><span class=\"_5afx\"><span class=\"_58cl _5afz\" aria-label=\"Hashtag\">#<\/span><span class=\"_58cm\">Werlte<\/span><\/span><\/a><\/p>\n<p><span class=\"text_exposed_hide\">&#8230;<\/span><\/p>\n<div class=\"text_exposed_show\">\n<p>Kurz &amp; Knapp :<\/p>\n<p>Verdienter Sieg durch \u00fcberragender Mannschaftsleistung!<\/p>\n<p>\u201eWenn man einen Punkt heute holt,dass w\u00e4re schon gut\u201c hie\u00df es bei den Fans vorab!<\/p>\n<p>Denkste!!!!<\/p>\n<p>Durch eine \u00fcberragende Mannschaftsleistung,wo wirklich Jeder f\u00fcr Jeden gek\u00e4mpft hat, war dieses Sieg absolut verdient!<\/p>\n<p>Nun zum Spiel&#8230;<\/p>\n<p>Das Team <a class=\"_58cn\" href=\"https:\/\/www.facebook.com\/hashtag\/lammers?source=feed_text\" data-ft=\"{&quot;tn&quot;:&quot;*N&quot;,&quot;type&quot;:104}\"><span class=\"_5afx\"><span class=\"_58cl _5afz\" aria-label=\"Hashtag\">#<\/span><span class=\"_58cm\">Lammers<\/span><\/span><\/a> wollte zeigen,dass man auch ohne eine Hand voll Stammspielern den (zurecht) <a class=\"_58cn\" href=\"https:\/\/www.facebook.com\/hashtag\/aufstiegkandidaten?source=feed_text\" data-ft=\"{&quot;tn&quot;:&quot;*N&quot;,&quot;type&quot;:104}\"><span class=\"_5afx\"><span class=\"_58cl _5afz\" aria-label=\"Hashtag\">#<\/span><span class=\"_58cm\">Aufstiegkandidaten<\/span><\/span><\/a> \u00e4rgern kann!<\/p>\n<p>Minute 23. C.Wobbe<br \/> Minute 81.C.Schwlss<br \/> Minute 86.M.B\u00fcnker<\/p>\n<p>Durch eine \u00fcberragende Teamleistung ein absolut verdient Sieg und damit der vierte (!)Dreier in Folge<span class=\"_5mfr _47e3\"><img loading=\"lazy\" decoding=\"async\" class=\"img\" role=\"presentation\" src=\"https:\/\/static.xx.fbcdn.net\/images\/emoji.php\/v9\/fb7\/1\/16\/1f917.png\" alt=\"\" width=\"16\" height=\"16\" \/><span class=\"_7oe\">\ud83e\udd17<\/span><\/span>. Damit steht man aktuell auf Rang vier, ist (irr)witzigerweise aber noch immer nicht komplett aus dem<br \/> Abstiegskampf raus <span class=\"_5mfr _47e3\"><img loading=\"lazy\" decoding=\"async\" class=\"img\" role=\"presentation\" src=\"https:\/\/static.xx.fbcdn.net\/images\/emoji.php\/v9\/f52\/1\/16\/1f648.png\" alt=\"\" width=\"16\" height=\"16\" \/><span class=\"_7oe\">\ud83d\ude48<\/span><\/span>. <br \/>Zu verzerrt ist die Tabelle noch, denn der Rest der Liga hat weitaus weniger Spiele als unser SVL..<\/p>\n<p>N\u00e4chsten Sonntag noch ein Sieg daheim gegen Lorup, dann hat man einen gro\u00dfen Schritt in Richtung <a class=\"_58cn\" href=\"https:\/\/www.facebook.com\/hashtag\/kreisligaemsland?source=feed_text\" data-ft=\"{&quot;tn&quot;:&quot;*N&quot;,&quot;type&quot;:104}\"><span class=\"_5afx\"><span class=\"_58cl _5afz\" aria-label=\"Hashtag\">#<\/span><span class=\"_58cm\">KreisligaEmsland<\/span><\/span><\/a> 2018-2019 gemacht<span class=\"_5mfr _47e3\"><img loading=\"lazy\" decoding=\"async\" class=\"img\" role=\"presentation\" src=\"https:\/\/static.xx.fbcdn.net\/images\/emoji.php\/v9\/fbb\/1\/16\/261d_1f3fb.png\" alt=\"\" width=\"16\" height=\"16\" \/><span class=\"_7oe\">\u261d\ud83c\udffb<\/span><\/span><\/p>\n<p><a class=\"_58cn\" href=\"https:\/\/www.facebook.com\/hashtag\/nichtohnemeinteam?source=feed_text\" data-ft=\"{&quot;tn&quot;:&quot;*N&quot;,&quot;type&quot;:104}\"><span class=\"_5afx\"><span class=\"_58cl _5afz\" aria-label=\"Hashtag\">#<\/span><span class=\"_58cm\">NichtOhneMeinTeam<\/span><\/span><\/a><br \/><a class=\"_58cn\" href=\"https:\/\/www.facebook.com\/hashtag\/teamlammers?source=feed_text\" data-ft=\"{&quot;tn&quot;:&quot;*N&quot;,&quot;type&quot;:104}\"><span class=\"_5afx\"><span class=\"_58cl _5afz\" aria-label=\"Hashtag\">#<\/span><span class=\"_58cm\">TeamLammers<\/span><\/span><\/a><br \/><a class=\"_58cn\" href=\"https:\/\/www.facebook.com\/hashtag\/heimsieg?source=feed_text\" data-ft=\"{&quot;tn&quot;:&quot;*N&quot;,&quot;type&quot;:104}\"><span class=\"_5afx\"><span class=\"_58cl _5afz\" aria-label=\"Hashtag\">#<\/span><span class=\"_58cm\">Heimsieg<\/span><\/span><\/a><\/p>\n<\/div>\n<p>&nbsp;<\/p>\n<p><span style=\"font-size: 18pt;\">Sieg in Emmeln:<\/span><\/p>\n<div id=\"id_5acf5d52899261714153008\" class=\"text_exposed_root text_exposed\">\n<p>Erste Mannschaft knackt 30 Punkte Marke in der M\u00f6bel Wilken Kreisliga Emsland !!!<\/p>\n<p>Nach 6:1 Sieg \u00fcber Emmeln vor\u00fcbergehend auf Platz 5.<\/p>\n<p>Am gestrigen Samstagabend gewannen unsere Jungs das wichtige Spiel gegen dem Tabellenletzten aus Emmeln hochverdient.<\/p>\n<p><span class=\"text_exposed_hide\">&#8230;<\/span><\/p>\n<div class=\"text_exposed_show\">\n<p>Die 50 !!! mitgereisten Fans sahen eine unterhaltsame Partie. Listrup lie\u00df \u00fcber 90 Minuten nichts anbrennen und fuhr den h\u00f6chsten Sieg der Saison ein. Dazu muss man sagen, dass Emmeln nicht viel entgegenzusetzen hatte, sodass der Sieg deutlich h\u00f6her ausfallen h\u00e4tte m\u00fcssen und Chancen zudem fahrl\u00e4ssig vergeben wurden. Die Tore erzielten 3x Mitch Mini Stephan und Sepp.<\/p>\n<p>Am n\u00e4chsten Sonntag wartet dann Sparta Werlte auf unsere Jungs. Sicherlich ein anderes Kaliber als Emmeln &#8230;<\/p>\n<p><a class=\"_58cn\" href=\"https:\/\/www.facebook.com\/hashtag\/dankefans?source=feed_text\" data-ft=\"{&quot;tn&quot;:&quot;*N&quot;,&quot;type&quot;:104}\"><span class=\"_5afx\"><span class=\"_58cl _5afz\" aria-label=\"Hashtag\">#<\/span><span class=\"_58cm\">DankeFANS<\/span><\/span><\/a> <br \/><a class=\"_58cn\" href=\"https:\/\/www.facebook.com\/hashtag\/stimmungwargut?source=feed_text\" data-ft=\"{&quot;tn&quot;:&quot;*N&quot;,&quot;type&quot;:104}\"><span class=\"_5afx\"><span class=\"_58cl _5afz\" aria-label=\"Hashtag\">#<\/span><span class=\"_58cm\">Stimmungwargut<\/span><\/span><\/a> <br \/><a class=\"_58cn\" href=\"https:\/\/www.facebook.com\/hashtag\/ausw\u00e4rtssieg?source=feed_text\" data-ft=\"{&quot;tn&quot;:&quot;*N&quot;,&quot;type&quot;:104}\"><span class=\"_5afx\"><span class=\"_58cl _5afz\" aria-label=\"Hashtag\">#<\/span><span class=\"_58cm\">Ausw\u00e4rtssieg<\/span><\/span><\/a> <br \/><a class=\"_58cn\" href=\"https:\/\/www.facebook.com\/hashtag\/bermudadreieck?source=feed_text\" data-ft=\"{&quot;tn&quot;:&quot;*N&quot;,&quot;type&quot;:104}\"><span class=\"_5afx\"><span class=\"_58cl _5afz\" aria-label=\"Hashtag\">#<\/span><span class=\"_58cm\">Bermudadreieck<\/span><\/span><\/a><\/p>\n<p><a href=\"https:\/\/www.sv-listrup.de\/wp-content\/uploads\/2018\/04\/Busfahrt-Emmeln-Bild.jpg\"><img loading=\"lazy\" decoding=\"async\" class=\"aligncenter size-full wp-image-3940\" src=\"https:\/\/www.sv-listrup.de\/wp-content\/uploads\/2018\/04\/Busfahrt-Emmeln-Bild.jpg\" alt=\"\" width=\"960\" height=\"720\" srcset=\"https:\/\/www.sv-listrup.de\/wp-content\/uploads\/2018\/04\/Busfahrt-Emmeln-Bild.jpg 960w, https:\/\/www.sv-listrup.de\/wp-content\/uploads\/2018\/04\/Busfahrt-Emmeln-Bild-300x225.jpg 300w, https:\/\/www.sv-listrup.de\/wp-content\/uploads\/2018\/04\/Busfahrt-Emmeln-Bild-768x576.jpg 768w\" sizes=\"auto, (max-width: 960px) 100vw, 960px\" \/><\/a><\/p>\n<\/div>\n<\/div>\n<p><strong><span style=\"text-decoration: underline;\"><span style=\"font-size: 18pt;\">Tabelle der Kreisliga Emsland Stand 12.04.2018:<\/span><\/span><\/strong><\/p>\n<p><a href=\"https:\/\/www.sv-listrup.de\/wp-content\/uploads\/2018\/04\/Tabelle-15-KW.jpg\"><img loading=\"lazy\" decoding=\"async\" class=\"aligncenter  wp-image-3941\" src=\"https:\/\/www.sv-listrup.de\/wp-content\/uploads\/2018\/04\/Tabelle-15-KW.jpg\" alt=\"\" width=\"482\" height=\"911\" srcset=\"https:\/\/www.sv-listrup.de\/wp-content\/uploads\/2018\/04\/Tabelle-15-KW.jpg 508w, https:\/\/www.sv-listrup.de\/wp-content\/uploads\/2018\/04\/Tabelle-15-KW-159x300.jpg 159w\" sizes=\"auto, (max-width: 482px) 100vw, 482px\" \/><\/a><\/p>\n<p>&nbsp;<\/p>\n<p><span style=\"font-size: 18pt;\">\/\/2. Herren:<\/span><\/p>\n<div id=\"id_5acf5d5288afc9354671971\" class=\"text_exposed_root text_exposed\">\n<p>\/\/Zweite Mannschaft mit kleiner Lehrstunde\/\/<\/p>\n<p>Mit drei Heimsiegen in Folge im Gep\u00e4ck ging es f\u00fcr unsere zweite Mannschaft an die Aa Schleife, wo unser Nachbar Blau Wei\u00df L\u00fcnne 1, der Tabellenf\u00fchrer, wartete.<\/p>\n<p>Personell musste Coach Va lediglich auf Marvin und Albat verzichten.<\/p>\n<p><span class=\"text_exposed_hide\">&#8230;<\/span><\/p>\n<div class=\"text_exposed_show\">\n<p>Mit einer kleinen System\u00e4nderung wollte man L\u00fcnne im 4-4-2 versuchen zu \u00e4rgern. Allerdings fruchtete die Taktik nur Bedingt und unser Spiel fand in den ersten Minuten auf unser Tor statt. L\u00fcnne lie\u00df sich nicht zweimal bitten und konnte nach 20 Minuten \u00fcber unsere linke Seite durch dringen und im stile einer Spitzenmannschaft einnetzen.<br \/> Nach der Systemumstellung konnte man sich in Person von Jake drei Chancen erarbeiten, die L\u00fcnnes Keeper sehenswert halten konnte.<\/p>\n<p>In der zweiten Halbzeit wollte man \u00fcber eine stabile Defensive versuchen Nadelstiche zu setzen. Jedoch nach einen zu kurz geratenen Abstoss und einen Kopfballtreffer nach Sololauf \u00fcber links sahen die Listruper Fans in wenigen Minuten die Vorentscheidung. (55.+60 Minute)<\/p>\n<p>Die letzte halbe Stunde kam von L\u00fcnne nicht mehr als n\u00f6tig und unsere Jungs waren zwar stets bem\u00fcht, doch es sollte heute nicht sein.<\/p>\n<p>In der Schlussphase konnte sich unser Keeper Edi mit einem parierten Elfmeter auszeichnen.<\/p>\n<p>Fazit: Eine Niederlage, wo man mit rechnen konnte. Doch es gilt nicht die K\u00f6pfe h\u00e4ngen zu lassen, die Punkte m\u00fcssen sich in anderen Partien gesammelt werden.<br \/> Am n\u00e4chsten Wochenende kommt ein Wochenende der Wahrheit, wo man am Freitag in Laxten und Sonntag zuhause gegen Schapen Farbe bekennen muss im Abstiegskampf.<\/p>\n<p><a class=\"_58cn\" href=\"https:\/\/www.facebook.com\/hashtag\/dannhaltn\u00e4chstesjahr?source=feed_text\" data-ft=\"{&quot;tn&quot;:&quot;*N&quot;,&quot;type&quot;:104}\"><span class=\"_5afx\"><span class=\"_58cl _5afz\" aria-label=\"Hashtag\">#<\/span><span class=\"_58cm\">Dannhaltn\u00e4chstesJahr<\/span><\/span><\/a><br \/><a class=\"_58cn\" href=\"https:\/\/www.facebook.com\/hashtag\/abstiegskampf?source=feed_text\" data-ft=\"{&quot;tn&quot;:&quot;*N&quot;,&quot;type&quot;:104}\"><span class=\"_5afx\"><span class=\"_58cl _5afz\" aria-label=\"Hashtag\">#<\/span><span class=\"_58cm\">Abstiegskampf<\/span><\/span><\/a><br \/><a class=\"_58cn\" href=\"https:\/\/www.facebook.com\/hashtag\/wirwollendrinbleiben?source=feed_text\" data-ft=\"{&quot;tn&quot;:&quot;*N&quot;,&quot;type&quot;:104}\"><span class=\"_5afx\"><span class=\"_58cl _5afz\" aria-label=\"Hashtag\">#<\/span><span class=\"_58cm\">Wirwollendrinbleiben<\/span><\/span><\/a><\/p>\n<\/div>\n<\/div>\n<div id=\"id_5acf5d5289b708384302567\" class=\"text_exposed_root text_exposed\">\n<p>\/\/Zweite Herren bauen Serie weiter aus\/\/<\/p>\n<p>Mit einer gewissen Portion Selbstvertrauen empfing unsere Reserve zum Start des Osterwochenendes die Erstvertretung von der Fortuna aus Beesten, da man zuletzt gegen Leschede und Spelle den heimischen Platz als Sieger und mit wei\u00dfer Weste verlassen konnte.<br \/> Seit nun 2 Jahren sprachen Teile der Mannschaft immer \u00fcber das Spiel gegen Beesten, hat man sich aber bisher in den Meisterschaftsspielen nur blamiert. Das sollte sich heute \u00e4ndern..<span class=\"text_exposed_hide\">&#8230;<\/span><span class=\"text_exposed_show\">.<\/span><\/p>\n<div class=\"text_exposed_show\">\n<p>Bis auf den verhinderten Niklas Berger konnte Coach Andreas Lohm\u00f6ller fast die selbe siegreiche Elf, wie gegen Spelle, auf den Platz schicken. F\u00fcr Niklas h\u00fctete das Vereinsurgestein Klaus Berger das Tor.<\/p>\n<p>Von Anfang an sah man unserer Mannschaft an, das sie heute das Zepter in die Hand nehmen wolle. Folgerichtig gingen die Jungs mit der ersten nennenswerten Aktion in F\u00fchrung, als ein langer Ball von M\u00f6lli perfekt in den Lauf von Jake gek\u00f6pft wurde. Dieser lie\u00df sich nicht zweimal bitten und schob den Ball in die Maschen. (6. Minute)<br \/> Im weiteren Spielverlauf beschr\u00e4nkte sich die Partie auf Kampf und Kl\u00e4rungsversuche in den Defensivreihen. Doch unsere M\u00e4nner fanden heute scheinbar ihr Mittel zum Erfolg in langen B\u00e4llen, wo man vorne mit den schnellen Erik, Luke und Jake gef\u00e4hrliche Angriffe im 1 gegen 1 Duellen zum Teil fahrl\u00e4ssig vergab.<\/p>\n<p>Beim Pausentee war den Jungs klar, dass Beesten diese Halbzeit nicht so auf sich sitzen lassen wolle und mit Druck zur\u00fcck kommt. Und so kam es&#8230;<br \/> Doch dank einer konzentrierten Defensivleistung \u00fcberstand man diese Phase ohne Sch\u00e4den. In Mittender Drangphase Beestens konnte unsere Zweite das so wichtige 2:0 erzielen (70. Minute). Jake schlug einen Freisto\u00df aus dem Halbfeld auf das Tor, von der Latte sprang der Ball direkt vor den F\u00fc\u00dfen von Denis Wittmoser, der in St\u00fcrmermanier den Ball verwertete.<\/p>\n<p>In der Schlussphase schaffte Beesten nach kleiner Unstimmigkeit den Anschlusstreffer, doch dieser Treffer brachte unsere Truppe nicht aus Konzept und somit konnte man nach Abpfiff verdient den siebten Saisonsieg feiern.<\/p>\n<p>Aufstellung: K.Berger, H.Hinterding, D Wittmoser, C.R\u00f6ttering, B.Kappenberg, M.Stein, N.M\u00f6llmann (46. D.Altenschulte), E.Fangmeyer (46. Minute H.B\u00fcltel) M.Post, L.Lohm\u00f6ller, J.Lohm\u00f6ller (89. T.Langkau)<\/p>\n<p>Ausblick: am kommenden Freitag gastiert unsere Elf beim Spitzenreiter von der Aa Schleife L\u00fcnne. Bei der Form zuletzt sitzt f\u00fcr unsere Mannschaft auch sicherlich hier eine \u00dcberraschung drin.<\/p>\n<p><a class=\"_58cn\" href=\"https:\/\/www.facebook.com\/hashtag\/heimsieg?source=feed_text\" data-ft=\"{&quot;tn&quot;:&quot;*N&quot;,&quot;type&quot;:104}\"><span class=\"_5afx\"><span class=\"_58cl _5afz\" aria-label=\"Hashtag\">#<\/span><span class=\"_58cm\">Heimsieg<\/span><\/span><\/a> <br \/><a class=\"_58cn\" href=\"https:\/\/www.facebook.com\/hashtag\/abstiegskampf?source=feed_text\" data-ft=\"{&quot;tn&quot;:&quot;*N&quot;,&quot;type&quot;:104}\"><span class=\"_5afx\"><span class=\"_58cl _5afz\" aria-label=\"Hashtag\">#<\/span><span class=\"_58cm\">Abstiegskampf<\/span><\/span><\/a> <br \/><a class=\"_58cn\" href=\"https:\/\/www.facebook.com\/hashtag\/wirsindwiederobendran?source=feed_text\" data-ft=\"{&quot;tn&quot;:&quot;*N&quot;,&quot;type&quot;:104}\"><span class=\"_5afx\"><span class=\"_58cl _5afz\" aria-label=\"Hashtag\">#<\/span><span class=\"_58cm\">wirsindwiederobendran<\/span><\/span><\/a> <br \/><a class=\"_58cn\" href=\"https:\/\/www.facebook.com\/hashtag\/zweieierf\u00fcrbeesten?source=feed_text\" data-ft=\"{&quot;tn&quot;:&quot;*N&quot;,&quot;type&quot;:104}\"><span class=\"_5afx\"><span class=\"_58cl _5afz\" aria-label=\"Hashtag\">#<\/span><span class=\"_58cm\">zweieierf\u00fcrbeesten<\/span><\/span><\/a><\/p>\n<p>&nbsp;<\/p>\n<\/div>\n<\/div>\n<div id=\"id_5acf5d5287c3a6544722539\" class=\"text_exposed_root text_exposed\">\n<p><span style=\"font-size: 18pt;\">\/\/\/ 3. Herren<\/span><\/p>\n<p>Erster Sieg der R\u00fcckrunde f\u00fcr die <a class=\"_58cn\" href=\"https:\/\/www.facebook.com\/hashtag\/dritte?source=feed_text\" data-ft=\"{&quot;tn&quot;:&quot;*N&quot;,&quot;type&quot;:104}\"><span class=\"_5afx\"><span class=\"_58cl _5afz\" aria-label=\"Hashtag\">#<\/span><span class=\"_58cm\">Dritte<\/span><\/span><\/a><\/p>\n<p>Am Sonntag ging es f\u00fcr unsere 3. Mannschaft gegen den Tabellen 2. vom Vfb Lingen 3 auf heimischen Rasen zur Sache. <span class=\"text_exposed_hide\">&#8230;<\/span><span class=\"text_exposed_show\"><br \/> Auf Grund der klaren Favoritenrolle startete die 3. Mannschaft defensiv in die Partie, um einen fr\u00fchzeitigen R\u00fcckstand zu vermeiden. Diese Taktik ging gegen die spielerisch starken Lingenern hervorragend auf. Nach einem Konter in der 6. Minute konnte der gegnerische Torwart den ersten Ball noch grandios halten, jedoch konnte der einlaufende Michael Gausing den Abpraller in ein Tor verwandeln. Nach 20 Minuten konnte der Gegner jedoch durch starke Passkombinationen unser Abwehrbollwerk \u00fcberwinden und zum 1:1 Pausenstand ausgleichen.<\/span><\/p>\n<div class=\"text_exposed_show\">\n<p>Nach der Halbzeit konnte Michael Gausing einem Abwehrspieler im gegnerischen Strafraum den Ball abluchsen und zur zwischenzeitlichen F\u00fchrung einnetzen. Ab der 80. Minute warfen die Lingener noch einmal alles nach vorne und ein Gegenspieler konnte in der 88. Minute nach einer gut getretenen Ecke unhaltbar in unser Tor eink\u00f6pfen. Nach dem Ausgleich stellte sich der Gegner noch offensiver auf, da sie unbedingt einen Sieg einfahren wollte um die Tabellenf\u00fchrung wieder \u00fcbernehmen wollten.<\/p>\n<p>Auf Grund der offensiven Spielweise der Lingenern kam es zu L\u00fccken in deren Defensive und kam es zu einem Konter nach einem langen Ball auf Marc P\u00f6ttering, dieser die letzten Abwehrspieler im Alleingang ausspielen konnte und zum 3:2 Endstand traf.<br \/> Alles in einem war es ein gl\u00fccklicher Sieg, da die Lingener ihre zahlreichen Torchancen nicht nutzen konnten und unsere 3. Mannschaft bei der Chancenverwertung eiskalt war.<\/p>\n<\/div>\n<\/div>\n","protected":false},"excerpt":{"rendered":"<p>Aufgrund von Urlaub hier etwas versp\u00e4tet die Facebookmeldungen der letzten Spiele unserer Ersten:Auch ohne bei Facebook angemeldet zu sein, k\u00f6nnt ihr euch dort die Listruper Seite mit den aktuellsten News anschauen. www.Facebook.com\/SVListrup Nicht vergessen: Am Sonntag, den 15.04.2018, steht schon wieder das n\u00e4chste Heimspiel unserer Ersten gegen Lorup\u00a0an! Bereits um 13 Uhr spielt unsere Zweite ebenfalls daheim gegen Schapen II. &nbsp; 3:0 Heimsieg am Sonntag\u26bd\u26bd\u26bd SV #Listrup gegen Sparta #Werlte &#8230; Kurz &amp; Knapp : Verdienter Sieg durch \u00fcberragender Mannschaftsleistung! \u201eWenn man einen Punkt heute holt,dass w\u00e4re schon gut\u201c hie\u00df es bei den Fans vorab! Denkste!!!! Durch eine \u00fcberragende Mannschaftsleistung,wo wirklich Jeder f\u00fcr Jeden gek\u00e4mpft hat, war dieses Sieg absolut verdient! Nun zum Spiel&#8230; Das Team #Lammers wollte zeigen,dass man auch ohne eine Hand voll Stammspielern den (zurecht) #Aufstiegkandidaten \u00e4rgern kann! Minute 23. C.Wobbe Minute 81.C.Schwlss Minute 86.M.B\u00fcnker Durch eine \u00fcberragende Teamleistung ein absolut verdient Sieg und damit der vierte (!)Dreier in Folge\ud83e\udd17. Damit steht man aktuell auf Rang vier, ist (irr)witzigerweise aber noch immer nicht komplett aus dem Abstiegskampf raus \ud83d\ude48. Zu verzerrt ist die Tabelle noch, denn der [&hellip;]<\/p>\n","protected":false},"author":7,"featured_media":3940,"comment_status":"open","ping_status":"open","sticky":false,"template":"","format":"standard","meta":{"footnotes":""},"categories":[11,10,9],"tags":[],"class_list":["post-3939","post","type-post","status-publish","format-standard","has-post-thumbnail","hentry","category-seniorenfussball-1-senioren","category-seniorenfussbal-2-senioren","category-seniorenfussball-3-senioren"],"_links":{"self":[{"href":"https:\/\/www.sv-listrup.de\/index.php?rest_route=\/wp\/v2\/posts\/3939","targetHints":{"allow":["GET"]}}],"collection":[{"href":"https:\/\/www.sv-listrup.de\/index.php?rest_route=\/wp\/v2\/posts"}],"about":[{"href":"https:\/\/www.sv-listrup.de\/index.php?rest_route=\/wp\/v2\/types\/post"}],"author":[{"embeddable":true,"href":"https:\/\/www.sv-listrup.de\/index.php?rest_route=\/wp\/v2\/users\/7"}],"replies":[{"embeddable":true,"href":"https:\/\/www.sv-listrup.de\/index.php?rest_route=%2Fwp%2Fv2%2Fcomments&post=3939"}],"version-history":[{"count":2,"href":"https:\/\/www.sv-listrup.de\/index.php?rest_route=\/wp\/v2\/posts\/3939\/revisions"}],"predecessor-version":[{"id":3943,"href":"https:\/\/www.sv-listrup.de\/index.php?rest_route=\/wp\/v2\/posts\/3939\/revisions\/3943"}],"wp:featuredmedia":[{"embeddable":true,"href":"https:\/\/www.sv-listrup.de\/index.php?rest_route=\/wp\/v2\/media\/3940"}],"wp:attachment":[{"href":"https:\/\/www.sv-listrup.de\/index.php?rest_route=%2Fwp%2Fv2%2Fmedia&parent=3939"}],"wp:term":[{"taxonomy":"category","embeddable":true,"href":"https:\/\/www.sv-listrup.de\/index.php?rest_route=%2Fwp%2Fv2%2Fcategories&post=3939"},{"taxonomy":"post_tag","embeddable":true,"href":"https:\/\/www.sv-listrup.de\/index.php?rest_route=%2Fwp%2Fv2%2Ftags&post=3939"}],"curies":[{"name":"wp","href":"https:\/\/api.w.org\/{rel}","templated":true}]}}