{"id":3966,"date":"2018-04-18T07:29:30","date_gmt":"2018-04-18T06:29:30","guid":{"rendered":"http:\/\/sv-listrup.de\/?p=3966"},"modified":"2018-04-18T07:29:30","modified_gmt":"2018-04-18T06:29:30","slug":"2-herren-lohmi-hoert-nach-5-jahren-auf-duo-hindricks-wilde-uebernehmen-ab-sommer","status":"publish","type":"post","link":"https:\/\/www.sv-listrup.de\/?p=3966","title":{"rendered":"\/\/2. Herren: Lohmi h\u00f6rt nach 5 Jahren auf &#8211; Duo Hindricks &#038; Wilde \u00fcbernehmen ab Sommer!"},"content":{"rendered":"<p>Lange Zeit versuchte unser Gesch\u00e4ftsf\u00fchrer Fu\u00dfball Bernd B\u00fcnker (BB) seinen Freund Andreas \u201eVa\u201c Lohm\u00f6ller zu \u00fcberreden, noch ein Jahr als Trainer der 2. Herren dran zu h\u00e4ngen. Doch keine Chance, die Entscheidung steht.<\/p>\n<p>Nach 5\u00a0 Jahren als Coach unserer Zweiten g\u00f6nnt sich Va eine Ruhepause und kann dabei auf eine \u00fcberaus erfolgreiche Zeit zur\u00fcckblicken: Nachdem er in der Saison 2013\/2014 das Zepter \u00fcbernahm, rutschte unsere Zweite prompt von Rang 14 auf Rang 4. Bereits in seiner 2. Saison gewann der 47-J\u00e4hrige, der bis zuletzt als Spielertrainer aktiv war, die 4. Kreisklasse und holte als Aufsteiger der 3. Kreisklasse dort sensationell erneut den 1. Tabellenplatz. <br \/> In der letzten Saison schaffte unsere Zweite dann zudem den Klassenerhalt in der 2. Kreisklasse Emsland S\u00fcd und spielt damit schon die 2. Saison gegen die Erstvertretungen von Vereinen wie Beesten, L\u00fcnne oder auch Conc. Langen, mit denen sich vor einigen Jahren noch unsere Erste messen musste.<\/p>\n<p>Ab Sommer wird ein Duo in die gro\u00dfen Fu\u00dfstapfen von Lohmi treten: Der jetzige Co-Coach der 1. Herren Gerrit Hindricks und der ehemalige Coach der Dritten &amp; jahrelanger 1. Herrenspieler Michael Wilde \u00fcbernehmen unsere Zweite! Gerrit hat nun knapp zwei Jahre Erfahrungen und Eindr\u00fccke unter Bernhard Lammers gewinnen k\u00f6nnen und soll dieses Wissen, gepaart mit seinen emotionalen Ansprachen in die Zweite einbringen. Michi blickt auf knapp 15 Jahre Seniorenfu\u00dfball in Listrup zur\u00fcck &amp; hat dabei alle Teams durchlaufen und dementsprechend auch zahlreiche Trainer und deren Methoden kennengelernt. Eine Menge Fu\u00dfballfachwissen &amp; Ehrgeiz \u2013 keine schlechten Aussichten f\u00fcr unsere Zweite, oder? :-)!<\/p>\n<p>In welcher Liga n\u00e4chste Saison gespielt wird, h\u00e4ngt von den letzten 6 Spielen der Elf ab. Aktuell steht die Zweite auf Rang 12, hat jedoch nur 1 Punkt Abstand auf den Abstiegsrang..<\/p>\n<p>In der Saison 2018\/2019 liegt es dann an dem jungen Duo der Mannschaft neuen Wind ein zuhorchen und in Zusammenarbeit mit dem neuem Coach der Ersten, Sascha Gerritzen, den Erfolg unserer Fu\u00dfball-Herrenabteilung der letzten Jahre weiterzuf\u00fchren.<\/p>\n<p>Wir w\u00fcnschen dem Duo Hindricks &amp; Wilde viel Erfolg und bedanken uns bei Lohmi f\u00fcr f\u00fcnf extrem erfolgreiche Jahre als Coach unserer 2. Herren!!!<\/p>\n<p><a href=\"https:\/\/www.sv-listrup.de\/wp-content\/uploads\/2016\/05\/DSCI1863.jpg\"><img loading=\"lazy\" decoding=\"async\" class=\"aligncenter size-full wp-image-1873\" src=\"https:\/\/www.sv-listrup.de\/wp-content\/uploads\/2016\/05\/DSCI1863.jpg\" alt=\"\" width=\"3264\" height=\"2448\" srcset=\"https:\/\/www.sv-listrup.de\/wp-content\/uploads\/2016\/05\/DSCI1863.jpg 3264w, https:\/\/www.sv-listrup.de\/wp-content\/uploads\/2016\/05\/DSCI1863-300x225.jpg 300w, https:\/\/www.sv-listrup.de\/wp-content\/uploads\/2016\/05\/DSCI1863-1024x768.jpg 1024w\" sizes=\"auto, (max-width: 3264px) 100vw, 3264px\" \/><\/a> <a href=\"https:\/\/www.sv-listrup.de\/wp-content\/uploads\/2015\/05\/20150531_153102.jpg\"><img loading=\"lazy\" decoding=\"async\" class=\"aligncenter size-full wp-image-910\" src=\"https:\/\/www.sv-listrup.de\/wp-content\/uploads\/2015\/05\/20150531_153102.jpg\" alt=\"\" width=\"2448\" height=\"3264\" srcset=\"https:\/\/www.sv-listrup.de\/wp-content\/uploads\/2015\/05\/20150531_153102.jpg 2448w, https:\/\/www.sv-listrup.de\/wp-content\/uploads\/2015\/05\/20150531_153102-225x300.jpg 225w, https:\/\/www.sv-listrup.de\/wp-content\/uploads\/2015\/05\/20150531_153102-768x1024.jpg 768w\" sizes=\"auto, (max-width: 2448px) 100vw, 2448px\" \/><\/a><\/p>\n<p>&nbsp;<\/p>\n","protected":false},"excerpt":{"rendered":"<p>Lange Zeit versuchte unser Gesch\u00e4ftsf\u00fchrer Fu\u00dfball Bernd B\u00fcnker (BB) seinen Freund Andreas \u201eVa\u201c Lohm\u00f6ller zu \u00fcberreden, noch ein Jahr als Trainer der 2. Herren dran zu h\u00e4ngen. Doch keine Chance, die Entscheidung steht. Nach 5\u00a0 Jahren als Coach unserer Zweiten g\u00f6nnt sich Va eine Ruhepause und kann dabei auf eine \u00fcberaus erfolgreiche Zeit zur\u00fcckblicken: Nachdem er in der Saison 2013\/2014 das Zepter \u00fcbernahm, rutschte unsere Zweite prompt von Rang 14 auf Rang 4. Bereits in seiner 2. Saison gewann der 47-J\u00e4hrige, der bis zuletzt als Spielertrainer aktiv war, die 4. Kreisklasse und holte als Aufsteiger der 3. Kreisklasse dort sensationell erneut den 1. Tabellenplatz. In der letzten Saison schaffte unsere Zweite dann zudem den Klassenerhalt in der 2. Kreisklasse Emsland S\u00fcd und spielt damit schon die 2. Saison gegen die Erstvertretungen von Vereinen wie Beesten, L\u00fcnne oder auch Conc. Langen, mit denen sich vor einigen Jahren noch unsere Erste messen musste. Ab Sommer wird ein Duo in die gro\u00dfen Fu\u00dfstapfen von Lohmi treten: Der jetzige Co-Coach der 1. Herren Gerrit Hindricks und der ehemalige Coach der Dritten &amp; jahrelanger 1. [&hellip;]<\/p>\n","protected":false},"author":7,"featured_media":910,"comment_status":"open","ping_status":"open","sticky":false,"template":"","format":"standard","meta":{"footnotes":""},"categories":[10],"tags":[],"class_list":["post-3966","post","type-post","status-publish","format-standard","has-post-thumbnail","hentry","category-seniorenfussbal-2-senioren"],"_links":{"self":[{"href":"https:\/\/www.sv-listrup.de\/index.php?rest_route=\/wp\/v2\/posts\/3966","targetHints":{"allow":["GET"]}}],"collection":[{"href":"https:\/\/www.sv-listrup.de\/index.php?rest_route=\/wp\/v2\/posts"}],"about":[{"href":"https:\/\/www.sv-listrup.de\/index.php?rest_route=\/wp\/v2\/types\/post"}],"author":[{"embeddable":true,"href":"https:\/\/www.sv-listrup.de\/index.php?rest_route=\/wp\/v2\/users\/7"}],"replies":[{"embeddable":true,"href":"https:\/\/www.sv-listrup.de\/index.php?rest_route=%2Fwp%2Fv2%2Fcomments&post=3966"}],"version-history":[{"count":1,"href":"https:\/\/www.sv-listrup.de\/index.php?rest_route=\/wp\/v2\/posts\/3966\/revisions"}],"predecessor-version":[{"id":3967,"href":"https:\/\/www.sv-listrup.de\/index.php?rest_route=\/wp\/v2\/posts\/3966\/revisions\/3967"}],"wp:featuredmedia":[{"embeddable":true,"href":"https:\/\/www.sv-listrup.de\/index.php?rest_route=\/wp\/v2\/media\/910"}],"wp:attachment":[{"href":"https:\/\/www.sv-listrup.de\/index.php?rest_route=%2Fwp%2Fv2%2Fmedia&parent=3966"}],"wp:term":[{"taxonomy":"category","embeddable":true,"href":"https:\/\/www.sv-listrup.de\/index.php?rest_route=%2Fwp%2Fv2%2Fcategories&post=3966"},{"taxonomy":"post_tag","embeddable":true,"href":"https:\/\/www.sv-listrup.de\/index.php?rest_route=%2Fwp%2Fv2%2Ftags&post=3966"}],"curies":[{"name":"wp","href":"https:\/\/api.w.org\/{rel}","templated":true}]}}