{"id":3990,"date":"2018-04-23T16:03:52","date_gmt":"2018-04-23T15:03:52","guid":{"rendered":"http:\/\/sv-listrup.de\/?p=3990"},"modified":"2018-04-23T16:03:52","modified_gmt":"2018-04-23T15:03:52","slug":"jsg-u15-mit-zwei-kantersiegen","status":"publish","type":"post","link":"https:\/\/www.sv-listrup.de\/?p=3990","title":{"rendered":"JSG: U15 mit zwei Kantersiegen!"},"content":{"rendered":"<p>Neue Kr\u00e4fte sammeln f\u00fcr die letzten Wochen im Abstiegskampf konnte unsere A1 an ihrem spielfreien Wochenende. Die Mannschaft von Trainer R\u00fcdiger Gr\u00fcner hofft auf viel Unterst\u00fctzung beim Landesliga-Derby-Kracher am Mittwoch gegen Olympia Laxten! W\u00e4hrend unsere U17 im Derby beim FC Sch\u00fcttorf 09 sehr ungl\u00fccklich agierte, gelangen unserer U15 in dieser Woche gleich zwei Kantersiege!<\/p>\n<p><strong>\u00a0<\/strong><\/p>\n<p><strong>U19:<\/strong><\/p>\n<p>Immer noch alle M\u00f6glichkeiten im Abstiegskampf der Landesliga hat unsere an diesem Wochenende spielfreie U19. Da aus der Niedersachsenliga m\u00f6glicherweise keine Mannschaft aus dem Bezirk Weser-Ems absteigen wird, k\u00f6nnte evt. auch der viertletzte Platz noch f\u00fcr den Klassenerhalt reichen.<\/p>\n<p>Hierzu betr\u00e4gt der R\u00fcckstand aktuell vier Punkte. Eventuell ist ja f\u00fcr unsere A1 am Mittwoch, dem 25.04. um 19.30 Uhr im Concordia-Park gegen den Nachbarn Olympia Laxten etwas drin. Im Hinspiel konnte unsere U19 ihr Potential leider nicht aussch\u00f6pfen. Die Formkurve zeigte zuletzt aber nach oben, so dass hier f\u00fcr unsere Jungs sicherlich gute Chancen haben werden.<\/p>\n<p>Unsere U19 w\u00fcrde sich \u00fcber einen tollen Support aus den drei JSG-Vereinen am Mittwoch sehr freuen, danach kann es f\u00fcr alle Zuschauer auch noch das Champions-League-Halbfinale Bayern M\u00fcnchen \u2013 Real Madrid als Zugabe im Clubhaus geben.<\/p>\n<p>Unsere A2 konnten am Samstag beim 3:2-Ausw\u00e4rtssieg bei der JSG Freren 2 ihren ersten R\u00fcckrunden-Dreier feiern, dreifacher Torsch\u00fctze war Leon Fretschner.<\/p>\n<p>&nbsp;<\/p>\n<p><strong>U17:<\/strong><\/p>\n<p>Einen ersten \u201eMatchball\u201c im Abstiegskampf hatte unsere U17 am Samstag beim FC Sch\u00fcttorf. Nach dem schnellen R\u00fcckstand bestimmte in der ersten Halbzeit unsere B1 von Trainer Ronny R\u00e4kers ganz klar die Partie und erspielte sich zahlreiche Chancen, welche leider gr\u00f6\u00dftenteils vergeben wurden. Lediglich Arne Feldmann gelang nach sch\u00f6ner Vorarbeit von Nico Seltier ein Treffer zum 1:1. Eine sogar h\u00f6here F\u00fchrung w\u00e4re f\u00fcr unsere B1 zur Halbzeit durchaus verdient gewesen.<\/p>\n<p>Anders dann das Bild in der zweiten Halbzeit: Unsere U17 konnte nun lange nicht mehr so fl\u00fcssig wie im ersten Spielabschnitt kombinieren. Zudem wechselte der Sch\u00fcttorfer Trainer Hendrik T\u00fcchter, der vor zwei Jahren in Emsb\u00fcren seine Trainer-C-Lizenz erwarb, mit Wiktor Duda und Hendrik Wallis zwei Offensiv-Spieler ein, die das Angriffsspiel der Grafschafter deutlich belebten und an allen vier noch in der zweiten Halbzeit gefallenen Toren der Sch\u00fcttorfer beteiligt waren. Somit stand es am Ende 5:1 f\u00fcr den FC Sch\u00fcttorf.<\/p>\n<p>Leider hatte an diesem Tag nicht nur unsere Offensive, sondern auch der Schiedsrichter nicht seinen besten Tag erwischt, was zus\u00e4tzliche Emotionen in dieses Derby brachte.<\/p>\n<p>Trotz dieser Niederlage bleibt unsere U17 auf dem siebten Tabellenplatz der Bezirksliga mit aktuell sechs Punkten Vorsprung auf die Abstiegszone.<\/p>\n<p>Die n\u00e4chste Gelegenheit einen gro\u00dfen Schritt Richtung Klassenerhalt zu machen hat unsere B1 nun am kommenden Samstag beim Heimspiel gegen die JSG Freren um 16.00 Uhr in Leschede.<\/p>\n<p>&nbsp;<\/p>\n<p><strong>U15:<\/strong><\/p>\n<p>Eine intensive R\u00fcckrundenvorbereitung bestritt unsere U15, was sich nun in der Saison auszahlt: Die Mannschaft ist in Top-Form!<\/p>\n<p>Dieses bekam am Donnerstag zun\u00e4chst der direkte Meisterschaftskonkurrent FC Bokeloh zu sp\u00fcren. Nach dem 0:1-R\u00fcckstand nach zehn Spielminuten konnten Mathis Focks und Silas Stein noch vor der Pause das Spiel zum 2:1-Halbzeitstand drehen.<\/p>\n<p>In der zweiten Halbzeit lie\u00dfen die Spieler von Trainer Heiner Feldmann den Ball und den defensiv eingestellten Gegner gut laufen und erspielten sich zahlreiche weitere Torchancen. Diese nutzten 2 x Pascal Katzy, Daniello J\u00e4nsch, Simon Seltier und Bennet Fericks zu weiteren f\u00fcnf Treffern, bei zwei weiteren Gegentreffern der Bokeloher. Am Ende somit ein deutlicher 7:3-Heimerfolg. Das Hinspiel hatte unsere U15 noch 2:3 verloren.<\/p>\n<p>Am Sonntag traf unsere U15 dann auf einen ersatzgeschw\u00e4chten und somit am Ende auch \u00fcberforderten Gegner von der JSG L\u00fcnne\/Messingen\/Bramsche. Das Spiel fand fast ausschlie\u00dflich in der H\u00e4lfte des Gegners statt, so dass 2 x Daniello J\u00e4nsch, Pascal Katzy und Dominik Drees mit Foulelfmeter f\u00fcr eine 4:0-Halbzeitf\u00fchrung sorgten. In der zweiten Halbzeit erh\u00f6hten dann Max Berning mit einem lupenreinen Hattrick, Bernhard Haarmann, Bennet Frericks, Simon Seltier und Mathis Focks auf 11:0.<\/p>\n<p>Unsere U15 ist somit weiterhin Kreisliga-Tabellenf\u00fchrer.<\/p>\n<p>Mit folgenden Spielen geht es in der kommenden Woche weiter:<\/p>\n<table width=\"604\">\n<tbody>\n<tr>\n<td width=\"56\">\n<p><strong>Team<\/strong><\/p>\n<\/td>\n<td width=\"94\">\n<p><strong>Datum<\/strong><\/p>\n<\/td>\n<td width=\"66\">\n<p><strong>Uhrzeit<\/strong><\/p>\n<\/td>\n<td width=\"387\">\n<p><strong>Spiel<\/strong><\/p>\n<\/td>\n<\/tr>\n<tr>\n<td width=\"56\">\n<p><strong>U19:<\/strong><\/p>\n<\/td>\n<td width=\"94\">\n<p><strong>Mi, 25.04.<\/strong><\/p>\n<\/td>\n<td width=\"66\">\n<p><strong>19.30<\/strong><\/p>\n<\/td>\n<td width=\"387\">\n<p><strong>JSG U19 \u2013 Olympia Laxten (in Emsb\u00fcren)<\/strong><\/p>\n<\/td>\n<\/tr>\n<tr>\n<td width=\"56\">\n<p><strong>U17:<\/strong><\/p>\n<\/td>\n<td width=\"94\">\n<p><strong>\u00a0Sa., 28.04.<\/strong><\/p>\n<\/td>\n<td width=\"66\">\n<p><strong>16.00<\/strong><\/p>\n<\/td>\n<td width=\"387\">\n<p><strong>JSG U17 \u2013 JSG Freren (in Leschede) <\/strong><\/p>\n<\/td>\n<\/tr>\n<tr>\n<td width=\"56\">\n<p><strong>U15:<\/strong><\/p>\n<\/td>\n<td width=\"94\">\n<p><strong>Do., 26.04.<\/strong><\/p>\n<\/td>\n<td width=\"66\">\n<p><strong>18.30<\/strong><\/p>\n<\/td>\n<td width=\"387\">\n<p>JSG Dalum\/Gro\u00df Hesepe \u2013 U15 (in Dalum)<\/p>\n<\/td>\n<\/tr>\n<\/tbody>\n<\/table>\n<p>&nbsp;<\/p>\n<p>Bericht: Heiner Feldmann<\/p>\n<p>&nbsp;<\/p>\n<p>&nbsp;<\/p>\n","protected":false},"excerpt":{"rendered":"<p>Neue Kr\u00e4fte sammeln f\u00fcr die letzten Wochen im Abstiegskampf konnte unsere A1 an ihrem spielfreien Wochenende. Die Mannschaft von Trainer R\u00fcdiger Gr\u00fcner hofft auf viel Unterst\u00fctzung beim Landesliga-Derby-Kracher am Mittwoch gegen Olympia Laxten! W\u00e4hrend unsere U17 im Derby beim FC Sch\u00fcttorf 09 sehr ungl\u00fccklich agierte, gelangen unserer U15 in dieser Woche gleich zwei Kantersiege! \u00a0 U19: Immer noch alle M\u00f6glichkeiten im Abstiegskampf der Landesliga hat unsere an diesem Wochenende spielfreie U19. Da aus der Niedersachsenliga m\u00f6glicherweise keine Mannschaft aus dem Bezirk Weser-Ems absteigen wird, k\u00f6nnte evt. auch der viertletzte Platz noch f\u00fcr den Klassenerhalt reichen. Hierzu betr\u00e4gt der R\u00fcckstand aktuell vier Punkte. Eventuell ist ja f\u00fcr unsere A1 am Mittwoch, dem 25.04. um 19.30 Uhr im Concordia-Park gegen den Nachbarn Olympia Laxten etwas drin. Im Hinspiel konnte unsere U19 ihr Potential leider nicht aussch\u00f6pfen. Die Formkurve zeigte zuletzt aber nach oben, so dass hier f\u00fcr unsere Jungs sicherlich gute Chancen haben werden. Unsere U19 w\u00fcrde sich \u00fcber einen tollen Support aus den drei JSG-Vereinen am Mittwoch sehr freuen, danach kann es f\u00fcr alle Zuschauer auch noch das Champions-League-Halbfinale Bayern M\u00fcnchen [&hellip;]<\/p>\n","protected":false},"author":3,"featured_media":3509,"comment_status":"open","ping_status":"open","sticky":false,"template":"","format":"standard","meta":{"footnotes":""},"categories":[42],"tags":[],"class_list":["post-3990","post","type-post","status-publish","format-standard","has-post-thumbnail","hentry","category-jsg"],"_links":{"self":[{"href":"https:\/\/www.sv-listrup.de\/index.php?rest_route=\/wp\/v2\/posts\/3990","targetHints":{"allow":["GET"]}}],"collection":[{"href":"https:\/\/www.sv-listrup.de\/index.php?rest_route=\/wp\/v2\/posts"}],"about":[{"href":"https:\/\/www.sv-listrup.de\/index.php?rest_route=\/wp\/v2\/types\/post"}],"author":[{"embeddable":true,"href":"https:\/\/www.sv-listrup.de\/index.php?rest_route=\/wp\/v2\/users\/3"}],"replies":[{"embeddable":true,"href":"https:\/\/www.sv-listrup.de\/index.php?rest_route=%2Fwp%2Fv2%2Fcomments&post=3990"}],"version-history":[{"count":1,"href":"https:\/\/www.sv-listrup.de\/index.php?rest_route=\/wp\/v2\/posts\/3990\/revisions"}],"predecessor-version":[{"id":3991,"href":"https:\/\/www.sv-listrup.de\/index.php?rest_route=\/wp\/v2\/posts\/3990\/revisions\/3991"}],"wp:featuredmedia":[{"embeddable":true,"href":"https:\/\/www.sv-listrup.de\/index.php?rest_route=\/wp\/v2\/media\/3509"}],"wp:attachment":[{"href":"https:\/\/www.sv-listrup.de\/index.php?rest_route=%2Fwp%2Fv2%2Fmedia&parent=3990"}],"wp:term":[{"taxonomy":"category","embeddable":true,"href":"https:\/\/www.sv-listrup.de\/index.php?rest_route=%2Fwp%2Fv2%2Fcategories&post=3990"},{"taxonomy":"post_tag","embeddable":true,"href":"https:\/\/www.sv-listrup.de\/index.php?rest_route=%2Fwp%2Fv2%2Ftags&post=3990"}],"curies":[{"name":"wp","href":"https:\/\/api.w.org\/{rel}","templated":true}]}}