{"id":4026,"date":"2018-06-11T10:30:32","date_gmt":"2018-06-11T09:30:32","guid":{"rendered":"http:\/\/sv-listrup.de\/?p=4026"},"modified":"2018-06-19T21:47:52","modified_gmt":"2018-06-19T19:47:52","slug":"sportfest-2018","status":"publish","type":"post","link":"https:\/\/www.sv-listrup.de\/?p=4026","title":{"rendered":"Sportfest 2018!"},"content":{"rendered":"<p><span style=\"font-size: 14pt;\">Dieses Wochenende ist es endlich soweit&#8230; Unser 2. Sportfest findet am Samstag statt!<\/span><\/p>\n<p><span style=\"font-size: 14pt;\">Nach der \u00fcberaus erfolgreichen 1. Ausgabe des Sportfestes im vergangenen Sommer, hat das Orga-Team auch f\u00fcr 2018 ein buntes Programm f\u00fcr Jung &amp; Alt auf die Beine gestellt:<\/span><\/p>\n<p>&nbsp;<\/p>\n<p><span style=\"font-size: 14pt;\">Wie im letzten Jahr findet im Rahmen des Sportfestes auch das <strong>Ortspokalturnier<\/strong> statt, bei welchem traditionell die Listruper Ortsteile Nord, S\u00fcd und Ost(Siedlung\/Dorf) sowie ein Team aus Holsten Bexten gegeneinander antreten. <\/span><\/p>\n<p><span style=\"font-size: 14pt;\">Spannung verspricht auch das <strong>Changing-Turnier f\u00fcr Kinder<\/strong>, f\u00fcr das die Anmeldungen \u00fcber die Jugendtrainer bereits im vollen Gange sind. Auch Kids, die nicht aktiv im Verein spielen, sind herzlichst eingeladen!<\/span><\/p>\n<p><span style=\"font-size: 14pt;\">***Als neues Highlight soll auch f\u00fcr die &#8222;\u00e4ltere Generation&#8220; ein Wettkampf stattfinden: Ein <strong>\u00dc50-Elfmeterschie\u00dfen<\/strong> zwischen den Stars von (vor-)gestern aus\u00a0Listrup und Holsten-Bexten***<\/span><\/p>\n<p><span style=\"font-size: 14pt;\">Die Kader f\u00fcr dieses Spektakel seht ihr unten \u00a0&#8211; das alleine rechtfertig einen Besuch des Sportfestes!!<\/span><\/p>\n<p>&nbsp;<\/p>\n<p><span style=\"font-size: 14pt;\">F\u00fcr die Unterhaltung zwischen und nach den Wettk\u00e4mpfen sorgen wieder die <strong>Tanzm\u00e4use<\/strong>, zwei <strong>H\u00fcpfburgen<\/strong> sowie andere Spielger\u00e4te\u00a0und die <strong>Party<\/strong> mit <em>DJ Echel<\/em> im Anschluss an die Siegerehrung! Auch ein Schauen der <strong>WM-Spiele<\/strong>\u00a0wollen wir den Besuchern erm\u00f6glichen.<\/span><\/p>\n<p>&nbsp;<\/p>\n<p><em><span style=\"font-size: 14pt;\">PS: F\u00fcr ausreichend Verpflegung\u00a0**von Kuchen- &amp; Grillbuffet \u00fcber Bierpavillion** wird selbstverst\u00e4ndlich gesorgt :-)!<a href=\"https:\/\/www.sv-listrup.de\/wp-content\/uploads\/2018\/06\/Elfmeter-sportfest.jpg\"><img loading=\"lazy\" decoding=\"async\" class=\"aligncenter size-full wp-image-4261\" src=\"https:\/\/www.sv-listrup.de\/wp-content\/uploads\/2018\/06\/Elfmeter-sportfest.jpg\" alt=\"\" width=\"1180\" height=\"848\" srcset=\"https:\/\/www.sv-listrup.de\/wp-content\/uploads\/2018\/06\/Elfmeter-sportfest.jpg 1180w, https:\/\/www.sv-listrup.de\/wp-content\/uploads\/2018\/06\/Elfmeter-sportfest-300x216.jpg 300w, https:\/\/www.sv-listrup.de\/wp-content\/uploads\/2018\/06\/Elfmeter-sportfest-768x552.jpg 768w, https:\/\/www.sv-listrup.de\/wp-content\/uploads\/2018\/06\/Elfmeter-sportfest-1024x736.jpg 1024w\" sizes=\"auto, (max-width: 1180px) 100vw, 1180px\" \/><\/a><\/span><\/em><\/p>\n<p><a href=\"https:\/\/www.sv-listrup.de\/wp-content\/uploads\/2018\/05\/Plakat-Sportfest-2018.png\"><img loading=\"lazy\" decoding=\"async\" class=\"aligncenter wp-image-4028 size-large\" src=\"https:\/\/www.sv-listrup.de\/wp-content\/uploads\/2018\/05\/Plakat-Sportfest-2018-1024x1024.png\" alt=\"\" width=\"1024\" height=\"1024\" srcset=\"https:\/\/www.sv-listrup.de\/wp-content\/uploads\/2018\/05\/Plakat-Sportfest-2018-1024x1024.png 1024w, https:\/\/www.sv-listrup.de\/wp-content\/uploads\/2018\/05\/Plakat-Sportfest-2018-150x150.png 150w, https:\/\/www.sv-listrup.de\/wp-content\/uploads\/2018\/05\/Plakat-Sportfest-2018-300x300.png 300w, https:\/\/www.sv-listrup.de\/wp-content\/uploads\/2018\/05\/Plakat-Sportfest-2018-768x768.png 768w, https:\/\/www.sv-listrup.de\/wp-content\/uploads\/2018\/05\/Plakat-Sportfest-2018.png 1134w\" sizes=\"auto, (max-width: 1024px) 100vw, 1024px\" \/><\/a><\/p>\n","protected":false},"excerpt":{"rendered":"<p>Dieses Wochenende ist es endlich soweit&#8230; Unser 2. Sportfest findet am Samstag statt! Nach der \u00fcberaus erfolgreichen 1. Ausgabe des Sportfestes im vergangenen Sommer, hat das Orga-Team auch f\u00fcr 2018 ein buntes Programm f\u00fcr Jung &amp; Alt auf die Beine gestellt: &nbsp; Wie im letzten Jahr findet im Rahmen des Sportfestes auch das Ortspokalturnier statt, bei welchem traditionell die Listruper Ortsteile Nord, S\u00fcd und Ost(Siedlung\/Dorf) sowie ein Team aus Holsten Bexten gegeneinander antreten. Spannung verspricht auch das Changing-Turnier f\u00fcr Kinder, f\u00fcr das die Anmeldungen \u00fcber die Jugendtrainer bereits im vollen Gange sind. Auch Kids, die nicht aktiv im Verein spielen, sind herzlichst eingeladen! ***Als neues Highlight soll auch f\u00fcr die &#8222;\u00e4ltere Generation&#8220; ein Wettkampf stattfinden: Ein \u00dc50-Elfmeterschie\u00dfen zwischen den Stars von (vor-)gestern aus\u00a0Listrup und Holsten-Bexten*** Die Kader f\u00fcr dieses Spektakel seht ihr unten \u00a0&#8211; das alleine rechtfertig einen Besuch des Sportfestes!! &nbsp; F\u00fcr die Unterhaltung zwischen und nach den Wettk\u00e4mpfen sorgen wieder die Tanzm\u00e4use, zwei H\u00fcpfburgen sowie andere Spielger\u00e4te\u00a0und die Party mit DJ Echel im Anschluss an die Siegerehrung! Auch ein Schauen der WM-Spiele\u00a0wollen wir den Besuchern erm\u00f6glichen. &nbsp; PS: [&hellip;]<\/p>\n","protected":false},"author":7,"featured_media":4028,"comment_status":"open","ping_status":"open","sticky":false,"template":"","format":"standard","meta":{"footnotes":""},"categories":[1],"tags":[],"class_list":["post-4026","post","type-post","status-publish","format-standard","has-post-thumbnail","hentry","category-allgemein"],"_links":{"self":[{"href":"https:\/\/www.sv-listrup.de\/index.php?rest_route=\/wp\/v2\/posts\/4026","targetHints":{"allow":["GET"]}}],"collection":[{"href":"https:\/\/www.sv-listrup.de\/index.php?rest_route=\/wp\/v2\/posts"}],"about":[{"href":"https:\/\/www.sv-listrup.de\/index.php?rest_route=\/wp\/v2\/types\/post"}],"author":[{"embeddable":true,"href":"https:\/\/www.sv-listrup.de\/index.php?rest_route=\/wp\/v2\/users\/7"}],"replies":[{"embeddable":true,"href":"https:\/\/www.sv-listrup.de\/index.php?rest_route=%2Fwp%2Fv2%2Fcomments&post=4026"}],"version-history":[{"count":10,"href":"https:\/\/www.sv-listrup.de\/index.php?rest_route=\/wp\/v2\/posts\/4026\/revisions"}],"predecessor-version":[{"id":4262,"href":"https:\/\/www.sv-listrup.de\/index.php?rest_route=\/wp\/v2\/posts\/4026\/revisions\/4262"}],"wp:featuredmedia":[{"embeddable":true,"href":"https:\/\/www.sv-listrup.de\/index.php?rest_route=\/wp\/v2\/media\/4028"}],"wp:attachment":[{"href":"https:\/\/www.sv-listrup.de\/index.php?rest_route=%2Fwp%2Fv2%2Fmedia&parent=4026"}],"wp:term":[{"taxonomy":"category","embeddable":true,"href":"https:\/\/www.sv-listrup.de\/index.php?rest_route=%2Fwp%2Fv2%2Fcategories&post=4026"},{"taxonomy":"post_tag","embeddable":true,"href":"https:\/\/www.sv-listrup.de\/index.php?rest_route=%2Fwp%2Fv2%2Ftags&post=4026"}],"curies":[{"name":"wp","href":"https:\/\/api.w.org\/{rel}","templated":true}]}}