{"id":4110,"date":"2018-05-27T19:38:15","date_gmt":"2018-05-27T18:38:15","guid":{"rendered":"http:\/\/sv-listrup.de\/?p=4110"},"modified":"2018-05-27T19:42:48","modified_gmt":"2018-05-27T18:42:48","slug":"jsg-u17-schafft-vier-spieltage-vor-saisonende-den-klassenerhalt-in-der-bezirksliga","status":"publish","type":"post","link":"https:\/\/www.sv-listrup.de\/?p=4110","title":{"rendered":"JSG: U17 schafft vier Spieltage vor Saisonende den Klassenerhalt in der Bezirksliga!"},"content":{"rendered":"<p>Einen sehr interessanten \u201eAusflug\u201c an die Nordseek\u00fcste unternahm am Samstag unsere U19. Bereits am Freitagabend sicherte sich unsere U17 mit einem fulminanten 7:0-Ausw\u00e4rtssieg vorzeitig den Klassenerhalt in der Bezirksliga. Unsere U15 nutzte die f\u00fcr sie spielfreie Woche zu einem Testspiel bei der JSG Niedergrafschaft.<\/p>\n<p><strong>\u00a0<\/strong><\/p>\n<p><strong>U19:<\/strong><\/p>\n<p>Die nahezu ideale Zugverbindung nach Norden an der ostfriesischen Nordseek\u00fcste nutzte am Samstagnachmittag unsere U19 zu einem sehr interessanten \u201eAusflug\u201c. Die sehr freundlichen Gastgeber halfen beim Transport der Mannschaft vom Bahnhof ins Jahnstadion.<\/p>\n<p>(Foto Bahnhof) <a href=\"https:\/\/www.sv-listrup.de\/wp-content\/uploads\/2018\/05\/IMG-20180526-WA0003.jpg\"><img loading=\"lazy\" decoding=\"async\" class=\"alignnone size-large wp-image-4112\" src=\"https:\/\/www.sv-listrup.de\/wp-content\/uploads\/2018\/05\/IMG-20180526-WA0003-1024x768.jpg\" alt=\"\" width=\"1024\" height=\"768\" srcset=\"https:\/\/www.sv-listrup.de\/wp-content\/uploads\/2018\/05\/IMG-20180526-WA0003-1024x768.jpg 1024w, https:\/\/www.sv-listrup.de\/wp-content\/uploads\/2018\/05\/IMG-20180526-WA0003-300x225.jpg 300w, https:\/\/www.sv-listrup.de\/wp-content\/uploads\/2018\/05\/IMG-20180526-WA0003-768x576.jpg 768w, https:\/\/www.sv-listrup.de\/wp-content\/uploads\/2018\/05\/IMG-20180526-WA0003.jpg 1280w\" sizes=\"auto, (max-width: 1024px) 100vw, 1024px\" \/><\/a><\/p>\n<p><em>Leider hatten die Z\u00fcge der Westfalenbahn Versp\u00e4tung, so dass die Mannschaft erst zwanzig Minuten vor Spielbeginn in Norden eintraf und somit nur ein reduziertes Aufw\u00e4rmprogramm absolvieren konnte.<\/em><\/p>\n<p>Unsere U19 trat aufgrund mehrere Ausf\u00e4lle mit gleich drei U17-Spielern an, die tags zuvor noch mit ihrer Mannschaft bei der JSG Haren\/Emmeln im Einsatz waren. Einer davon war Nico Seltier, der seinen Lauf auch auf dem Kunstrasenplatz der Gastgeber fortsetzte und v\u00f6llig \u00fcberraschend in der elften Minute gegen den zu der Zeit noch Tabellenzweiten um 0:1 einnetzte. Die Gastgeber drehten danach jedoch noch vor der Pause das Spiel und f\u00fchrten zum Halbzeittee bereits mit 4:1.<\/p>\n<p>(Foto Spiel)<a href=\"https:\/\/www.sv-listrup.de\/wp-content\/uploads\/2018\/05\/IMG-20180526-WA0009.jpg\"><img loading=\"lazy\" decoding=\"async\" class=\"alignnone size-large wp-image-4111\" src=\"https:\/\/www.sv-listrup.de\/wp-content\/uploads\/2018\/05\/IMG-20180526-WA0009-1024x768.jpg\" alt=\"\" width=\"1024\" height=\"768\" srcset=\"https:\/\/www.sv-listrup.de\/wp-content\/uploads\/2018\/05\/IMG-20180526-WA0009-1024x768.jpg 1024w, https:\/\/www.sv-listrup.de\/wp-content\/uploads\/2018\/05\/IMG-20180526-WA0009-300x225.jpg 300w, https:\/\/www.sv-listrup.de\/wp-content\/uploads\/2018\/05\/IMG-20180526-WA0009-768x576.jpg 768w, https:\/\/www.sv-listrup.de\/wp-content\/uploads\/2018\/05\/IMG-20180526-WA0009.jpg 1280w\" sizes=\"auto, (max-width: 1024px) 100vw, 1024px\" \/><\/a><\/p>\n<p>In der zweiten H\u00e4lfte fing sich die Mannschaft von Trainer R\u00fcdiger Gr\u00fcner und erzielte bei einem Gegentreffer am Ende noch ein zweites Tor durch Peter Berning, so dass es am Ende 5:2 f\u00fcr den JFV Norden hie\u00df. Da der VfL Oldenburg \u2013 n\u00e4chster Gegner unsere U19 am kommenden Samstag \u2013 gegen den FC Sch\u00fcttorf nicht \u00fcber ein 3:3-Unentschieden hinauskam, \u00fcbernahmen die Jungs von der Nordseek\u00fcste wieder die Tabellenf\u00fchrung in der Landesliga.<\/p>\n<p>Am Ende ein tolles Erlebnis f\u00fcr unsere U19, die auch auf der R\u00fcckfahrt in der Westfalenbahn noch viel Spass hatte.<\/p>\n<p>&nbsp;<\/p>\n<p><strong>U17:<\/strong><\/p>\n<p>Eigentlich h\u00e4tte man beim Ausw\u00e4rtsspiel unsere U17 beim Tabellennachbarn JSG Haren\/Emmeln von einem relativ ausgeglichenen Spiel ausgehen k\u00f6nnen. Mit Ausnahme des Spiels bei Vorw\u00e4rts Nordhorn 2 hatte unsere B1 in der R\u00fcckrunde jedoch immer mehr Fahrt aufgenommen, so dass die Begegnung zu einer sehr einseitigen Angelegenheit wurde.<\/p>\n<p>Von Anfang an bestimmte unsere U17 das Spiel und machte viel Druck auf das Tor der Gastgeber. Der bestens aufgelegt Nico Seltier erzielte in der 14. Spielminute die verdiente 1:0-Halbzeitf\u00fchrung. Die sehr wenigen Chancen der Jungs aus der Schifferstadt vereitelte Torh\u00fcter Paul Zwartjes.<\/p>\n<p>In der zweiten Halbzeit ging\u2019s dann ab: Direkt nach Wiederanpfiff machte Kevin Schwarze das 2:0. Die Mannschaft spielte ein hervorragendes Spiel und hatte vorne einen tollen Goalghetter: Nico Seltier war von den Gastgebern nicht mehr in den Griff zu bekommen und erzielte nach seinen F\u00fchrungstor noch f\u00fcnf (!) weitere Treffer, so dass am Ende ein 7:0-Ausw\u00e4rtssieg f\u00fcr unsere U19 stand. Nico setzte sich damit auch an die Spitze der Bezirksliga-Torj\u00e4gerliste.<\/p>\n<p>Mit diesem Sieg sicherte sich unsere B1 endg\u00fcltig den Klassenerhalt in der Bezirksliga und kann nun in den abschlie\u00dfenden drei Spielen sich noch weiter im Mittelfeld festsetzen. Herzlichen Gl\u00fcckwunsch an Mannschaft und Trainerteam!<\/p>\n<p>&nbsp;<\/p>\n<p><strong>U15:<\/strong><\/p>\n<p>Ein spielfreies Wochenende vor dem Saisonendspurt nutzte unsere U15 zu einem Testspiel beim Tabellenvierten der Bezirksliga, der JSG Niedergrafschaft, in Hoogstede am Donnerstagabend.<\/p>\n<p>Hier gab es ein sehr sehenswertes Spiel zweier Mannschaften auf Augenh\u00f6he. Nach der ersten Halbzeit ging es leistungsgerecht mit einem 0:0 in die Kabinen. Auch in der zweiten Halbzeit gab es viele gelungene Kombinationen von beiden Mannschaften zu sehen.<\/p>\n<p>Nach einer einstudierten Eckenvariante erzielte Silas Stein Mitte der zweiten H\u00e4lfte die 1:0-F\u00fchrung f\u00fcr unser Team. Dieses war am Ende der Begegnung dann die etwas st\u00e4rkere Mannschaft und kam durch Max Berning, Daniello J\u00e4nsch und Simon Seltier noch zu einem am Ende um sicherlich zwei Tore zu hoch ausgefallenen 4:0-Ausw\u00e4rtssieg.<\/p>\n<p>In der kommenden Woche spielt unsere U15 nicht nur am Donnerstagabend im Concordia-Park ihr Spitzenspiel gegen die JSG Altenlingen\/Holthausen, sondern nimmt am Samstag auch noch bei der Emsland-Pokal-Endrunde bei der JSG Haren\/Emmeln in Emmeln teil.<\/p>\n<p>Die Spiele der kommenden Woche:<\/p>\n<table width=\"604\">\n<tbody>\n<tr>\n<td width=\"56\">\n<p><strong>Team<\/strong><\/p>\n<\/td>\n<td width=\"94\">\n<p><strong>Datum<\/strong><\/p>\n<\/td>\n<td width=\"66\">\n<p><strong>Uhrzeit<\/strong><\/p>\n<\/td>\n<td width=\"387\">\n<p><strong>Spiel<\/strong><\/p>\n<\/td>\n<\/tr>\n<tr>\n<td width=\"56\">\n<p><strong>U19:<\/strong><\/p>\n<\/td>\n<td width=\"94\">\n<p><strong>Sa., 02.06.<\/strong><\/p>\n<\/td>\n<td width=\"66\">\n<p><strong>16.30 <\/strong><\/p>\n<\/td>\n<td width=\"387\">\n<p><strong>JSG U19 \u2013 VfL Oldenburg<\/strong> in Emsb\u00fcren<\/p>\n<\/td>\n<\/tr>\n<tr>\n<td width=\"56\">\n<p><strong>U17:<\/strong><\/p>\n<\/td>\n<td width=\"94\">\n<p><strong>Sa., 02.06.<\/strong><\/p>\n<\/td>\n<td width=\"66\">\n<p><strong>16.00<\/strong><\/p>\n<\/td>\n<td width=\"387\">\n<p><strong>JSG U17 \u2013 JSG Altenlingen\/Holthausen<\/strong> in Leschede<\/p>\n<\/td>\n<\/tr>\n<tr>\n<td width=\"56\">\n<p><strong>U15:<\/strong><\/p>\n<\/td>\n<td width=\"94\">\n<p><strong>Do., 31.05.<\/strong><\/p>\n<\/td>\n<td width=\"66\">\n<p><strong>18.30<\/strong><\/p>\n<\/td>\n<td width=\"387\">\n<p><strong>JSG U15 \u2013 JSG Altenlingen\/Holthausen<\/strong> in Emsb\u00fcren<\/p>\n<\/td>\n<\/tr>\n<tr>\n<td width=\"56\">\n<p><strong>\u00a0<\/strong><\/p>\n<\/td>\n<td width=\"94\">\n<p><strong>Sa, 02.06.<\/strong><\/p>\n<\/td>\n<td width=\"66\">\n<p><strong>14.00<\/strong><\/p>\n<\/td>\n<td width=\"387\">\n<p><strong>Emsland-Pokal-Endrunde der U15 gegen JSG Haren\/Emmeln und JSG S\u00f6gel <\/strong>in Haren-Emmeln<\/p>\n<\/td>\n<\/tr>\n<\/tbody>\n<\/table>\n<p>&nbsp;<\/p>\n<p>Somit gibt es in der Meisterschaft in der kommenden Woche ausschlie\u00dflich Heimspiele f\u00fcr unsere drei leistungsorientierten JSG-Mannschaften! Schaut mal vorbei!<\/p>\n<p>Bericht: Heiner Feldmann<\/p>\n<p>&nbsp;<\/p>\n<p>&nbsp;<\/p>\n","protected":false},"excerpt":{"rendered":"<p>Einen sehr interessanten \u201eAusflug\u201c an die Nordseek\u00fcste unternahm am Samstag unsere U19. Bereits am Freitagabend sicherte sich unsere U17 mit einem fulminanten 7:0-Ausw\u00e4rtssieg vorzeitig den Klassenerhalt in der Bezirksliga. Unsere U15 nutzte die f\u00fcr sie spielfreie Woche zu einem Testspiel bei der JSG Niedergrafschaft. \u00a0 U19: Die nahezu ideale Zugverbindung nach Norden an der ostfriesischen Nordseek\u00fcste nutzte am Samstagnachmittag unsere U19 zu einem sehr interessanten \u201eAusflug\u201c. Die sehr freundlichen Gastgeber halfen beim Transport der Mannschaft vom Bahnhof ins Jahnstadion. (Foto Bahnhof) Leider hatten die Z\u00fcge der Westfalenbahn Versp\u00e4tung, so dass die Mannschaft erst zwanzig Minuten vor Spielbeginn in Norden eintraf und somit nur ein reduziertes Aufw\u00e4rmprogramm absolvieren konnte. Unsere U19 trat aufgrund mehrere Ausf\u00e4lle mit gleich drei U17-Spielern an, die tags zuvor noch mit ihrer Mannschaft bei der JSG Haren\/Emmeln im Einsatz waren. Einer davon war Nico Seltier, der seinen Lauf auch auf dem Kunstrasenplatz der Gastgeber fortsetzte und v\u00f6llig \u00fcberraschend in der elften Minute gegen den zu der Zeit noch Tabellenzweiten um 0:1 einnetzte. Die Gastgeber drehten danach jedoch noch vor der Pause das Spiel und f\u00fchrten zum Halbzeittee [&hellip;]<\/p>\n","protected":false},"author":3,"featured_media":3509,"comment_status":"open","ping_status":"open","sticky":false,"template":"","format":"standard","meta":{"footnotes":""},"categories":[42],"tags":[],"class_list":["post-4110","post","type-post","status-publish","format-standard","has-post-thumbnail","hentry","category-jsg"],"_links":{"self":[{"href":"https:\/\/www.sv-listrup.de\/index.php?rest_route=\/wp\/v2\/posts\/4110","targetHints":{"allow":["GET"]}}],"collection":[{"href":"https:\/\/www.sv-listrup.de\/index.php?rest_route=\/wp\/v2\/posts"}],"about":[{"href":"https:\/\/www.sv-listrup.de\/index.php?rest_route=\/wp\/v2\/types\/post"}],"author":[{"embeddable":true,"href":"https:\/\/www.sv-listrup.de\/index.php?rest_route=\/wp\/v2\/users\/3"}],"replies":[{"embeddable":true,"href":"https:\/\/www.sv-listrup.de\/index.php?rest_route=%2Fwp%2Fv2%2Fcomments&post=4110"}],"version-history":[{"count":1,"href":"https:\/\/www.sv-listrup.de\/index.php?rest_route=\/wp\/v2\/posts\/4110\/revisions"}],"predecessor-version":[{"id":4113,"href":"https:\/\/www.sv-listrup.de\/index.php?rest_route=\/wp\/v2\/posts\/4110\/revisions\/4113"}],"wp:featuredmedia":[{"embeddable":true,"href":"https:\/\/www.sv-listrup.de\/index.php?rest_route=\/wp\/v2\/media\/3509"}],"wp:attachment":[{"href":"https:\/\/www.sv-listrup.de\/index.php?rest_route=%2Fwp%2Fv2%2Fmedia&parent=4110"}],"wp:term":[{"taxonomy":"category","embeddable":true,"href":"https:\/\/www.sv-listrup.de\/index.php?rest_route=%2Fwp%2Fv2%2Fcategories&post=4110"},{"taxonomy":"post_tag","embeddable":true,"href":"https:\/\/www.sv-listrup.de\/index.php?rest_route=%2Fwp%2Fv2%2Ftags&post=4110"}],"curies":[{"name":"wp","href":"https:\/\/api.w.org\/{rel}","templated":true}]}}