{"id":4408,"date":"2018-06-28T15:43:20","date_gmt":"2018-06-28T13:43:20","guid":{"rendered":"http:\/\/sv-listrup.de\/?p=4408"},"modified":"2018-06-28T15:43:20","modified_gmt":"2018-06-28T13:43:20","slug":"concordia-emsbueren-und-der-sv-listrup-gruenden-eine-jsg-fuer-die-d-jugend","status":"publish","type":"post","link":"https:\/\/www.sv-listrup.de\/?p=4408","title":{"rendered":"Concordia Emsb\u00fcren und der SV Listrup gr\u00fcnden eine JSG f\u00fcr die D-Jugend!"},"content":{"rendered":"<p><span style=\"font-family: 'Arial','sans-serif';\"><span style=\"color: #000000;\">Um die Kr\u00e4fte zu b\u00fcndeln und den talentiertesten Spielern aus beiden Vereinen im D-Jugendbereich (\u201eGoldenes Lernalter\u201c) ein anspruchsvolles Training und Meisterschaftsspiele auf hohem spielerischem Niveau zu erm\u00f6glichen, haben die Jugendvorst\u00e4nde des SV Concordia Emsb\u00fcren und des SV Listrup eine Jugendspielgemeinschaft (JSG) f\u00fcr die erste D-Jugendmannschaft zur neuen Saison 2018\/2019 aus der Taufe gehoben. <\/span><\/span><\/p>\n<p><span style=\"font-family: 'Arial','sans-serif';\"><span style=\"color: #000000;\">An den Gespr\u00e4chen beteiligt war auch der FC Leschede, der sich vorerst (noch) nicht an dieser JSG beteiligen wird. Die JSG Emsb\u00fcren\/Listrup wird in der h\u00f6chsten D-Jugendliga, der Kreisliga Emsland S\u00fcd\/Mitte, spielen, die in der R\u00fcckrunde wie in den vergangenen Jahren zusammen mit den st\u00e4rksten D-Jugend-Mannschaften der Grafschaft Bentheim eine \u201eBezirks\u201c-Liga bilden wird.<\/span><\/span><\/p>\n<p><span style=\"font-family: 'Arial','sans-serif';\"><span style=\"color: #000000;\">Unterhalb der JSG-Mannschaft werden Concordia Emsb\u00fcren zwei und der SV Listrup noch eine weitere D-Jugendmannschaft separat und au\u00dferhalb der JSG am Spielbetrieb teilnehmen lassen.<\/span><\/span><\/p>\n<p><span style=\"font-family: 'Arial','sans-serif';\"><span style=\"color: #000000;\">Die Mannschaft wird in Emsb\u00fcren trainieren und spielen und setzt sich aus zehn Concordia-Spielern und f\u00fcnf Spielern des SV Listrup zusammen. Trainer sind Frank G\u00f6sse (SVCE), Ludger F\u00fchner (SVCE) und Kai Speer (SVL), weiter wird die Mannschaft von Stefan Platt (SVCE) und Uwe Greim (SVL) betreut.<\/span><\/span><\/p>\n<p><span style=\"font-family: 'Arial','sans-serif';\"><span style=\"color: #000000;\"><a href=\"https:\/\/www.sv-listrup.de\/wp-content\/uploads\/2018\/06\/DSC_0047_1.jpg\"><img loading=\"lazy\" decoding=\"async\" class=\"alignnone size-large wp-image-4409\" src=\"https:\/\/www.sv-listrup.de\/wp-content\/uploads\/2018\/06\/DSC_0047_1-1024x678.jpg\" alt=\"\" width=\"1024\" height=\"678\" srcset=\"https:\/\/www.sv-listrup.de\/wp-content\/uploads\/2018\/06\/DSC_0047_1-1024x678.jpg 1024w, https:\/\/www.sv-listrup.de\/wp-content\/uploads\/2018\/06\/DSC_0047_1-300x199.jpg 300w, https:\/\/www.sv-listrup.de\/wp-content\/uploads\/2018\/06\/DSC_0047_1-768x509.jpg 768w\" sizes=\"auto, (max-width: 1024px) 100vw, 1024px\" \/><\/a><\/span><\/span><\/p>\n<p><em><span style=\"font-family: 'Arial','sans-serif';\"><span style=\"color: #000000;\">Hier ein Bild mit einigen Spielern der neuen JSG-D-Jugend-Mannschaft und den Trainern und Betreuern Frank G\u00f6sse, Kai Speer, Stefan J\u00fcrgens (Concordia-Jugendwart), Uwe Greim und Ludger F\u00fchner (von links).<\/span><\/span><\/em><\/p>\n<p><span style=\"font-family: 'Arial','sans-serif';\"><span style=\"color: #000000;\">In sehr angenehmen Gespr\u00e4chen mit den beteiligten Trainern und Jugendvorst\u00e4nden wurden sich beide Seiten sehr schnell einig: Ein toller Gewinn f\u00fcr die Spieler der neuen D-Jugend-JSG und damit auch f\u00fcr beide Sportvereine! Der Mannschaft und dem Trainerteam viel Spa\u00df und Erfolg in der neuen Saison!<\/span><\/span><\/p>\n<p><span style=\"font-family: 'Arial','sans-serif';\"><span style=\"color: #000000;\">Bericht und Foto: Heiner Feldmann<\/span><\/span><\/p>\n<p><span style=\"color: #000000; font-family: Calibri;\">\u00a0<\/span><\/p>\n<p>&nbsp;<\/p>\n","protected":false},"excerpt":{"rendered":"<p>Um die Kr\u00e4fte zu b\u00fcndeln und den talentiertesten Spielern aus beiden Vereinen im D-Jugendbereich (\u201eGoldenes Lernalter\u201c) ein anspruchsvolles Training und Meisterschaftsspiele auf hohem spielerischem Niveau zu erm\u00f6glichen, haben die Jugendvorst\u00e4nde des SV Concordia Emsb\u00fcren und des SV Listrup eine Jugendspielgemeinschaft (JSG) f\u00fcr die erste D-Jugendmannschaft zur neuen Saison 2018\/2019 aus der Taufe gehoben. An den Gespr\u00e4chen beteiligt war auch der FC Leschede, der sich vorerst (noch) nicht an dieser JSG beteiligen wird. Die JSG Emsb\u00fcren\/Listrup wird in der h\u00f6chsten D-Jugendliga, der Kreisliga Emsland S\u00fcd\/Mitte, spielen, die in der R\u00fcckrunde wie in den vergangenen Jahren zusammen mit den st\u00e4rksten D-Jugend-Mannschaften der Grafschaft Bentheim eine \u201eBezirks\u201c-Liga bilden wird. Unterhalb der JSG-Mannschaft werden Concordia Emsb\u00fcren zwei und der SV Listrup noch eine weitere D-Jugendmannschaft separat und au\u00dferhalb der JSG am Spielbetrieb teilnehmen lassen. Die Mannschaft wird in Emsb\u00fcren trainieren und spielen und setzt sich aus zehn Concordia-Spielern und f\u00fcnf Spielern des SV Listrup zusammen. Trainer sind Frank G\u00f6sse (SVCE), Ludger F\u00fchner (SVCE) und Kai Speer (SVL), weiter wird die Mannschaft von Stefan Platt (SVCE) und Uwe Greim (SVL) betreut. Hier ein Bild mit [&hellip;]<\/p>\n","protected":false},"author":3,"featured_media":4409,"comment_status":"open","ping_status":"open","sticky":false,"template":"","format":"standard","meta":{"footnotes":""},"categories":[42],"tags":[],"class_list":["post-4408","post","type-post","status-publish","format-standard","has-post-thumbnail","hentry","category-jsg"],"_links":{"self":[{"href":"https:\/\/www.sv-listrup.de\/index.php?rest_route=\/wp\/v2\/posts\/4408","targetHints":{"allow":["GET"]}}],"collection":[{"href":"https:\/\/www.sv-listrup.de\/index.php?rest_route=\/wp\/v2\/posts"}],"about":[{"href":"https:\/\/www.sv-listrup.de\/index.php?rest_route=\/wp\/v2\/types\/post"}],"author":[{"embeddable":true,"href":"https:\/\/www.sv-listrup.de\/index.php?rest_route=\/wp\/v2\/users\/3"}],"replies":[{"embeddable":true,"href":"https:\/\/www.sv-listrup.de\/index.php?rest_route=%2Fwp%2Fv2%2Fcomments&post=4408"}],"version-history":[{"count":1,"href":"https:\/\/www.sv-listrup.de\/index.php?rest_route=\/wp\/v2\/posts\/4408\/revisions"}],"predecessor-version":[{"id":4410,"href":"https:\/\/www.sv-listrup.de\/index.php?rest_route=\/wp\/v2\/posts\/4408\/revisions\/4410"}],"wp:featuredmedia":[{"embeddable":true,"href":"https:\/\/www.sv-listrup.de\/index.php?rest_route=\/wp\/v2\/media\/4409"}],"wp:attachment":[{"href":"https:\/\/www.sv-listrup.de\/index.php?rest_route=%2Fwp%2Fv2%2Fmedia&parent=4408"}],"wp:term":[{"taxonomy":"category","embeddable":true,"href":"https:\/\/www.sv-listrup.de\/index.php?rest_route=%2Fwp%2Fv2%2Fcategories&post=4408"},{"taxonomy":"post_tag","embeddable":true,"href":"https:\/\/www.sv-listrup.de\/index.php?rest_route=%2Fwp%2Fv2%2Ftags&post=4408"}],"curies":[{"name":"wp","href":"https:\/\/api.w.org\/{rel}","templated":true}]}}