{"id":4434,"date":"2018-07-19T10:55:59","date_gmt":"2018-07-19T08:55:59","guid":{"rendered":"http:\/\/sv-listrup.de\/?p=4434"},"modified":"2018-07-26T09:10:30","modified_gmt":"2018-07-26T07:10:30","slug":"saison-2018-2018-startet-am-mittwoch-mit-pokalderby-samstag-1-spieltag-der-kreisliga","status":"publish","type":"post","link":"https:\/\/www.sv-listrup.de\/?p=4434","title":{"rendered":"Mittwoch ab 19:00 Uhr mit Spielger\u00e4teinweihung (jetzt mit Bildern!) &#038; Pokalderby &#8211; Samstag 1. Spieltag der Kreisliga ebenfalls zuhause!"},"content":{"rendered":"<div id=\"id_5b504ae12908b6a31554262\" class=\"text_exposed_root text_exposed\">\n<div id=\"id_5b504ae12908b6a31554262\" class=\"text_exposed_root text_exposed\">\n<p>Saisonauftakt f\u00fcr den <a id=\"js_d7q\" class=\"profileLink\" href=\"https:\/\/www.facebook.com\/SVListrup\/?fref=mentions\" aria-describedby=\"js_d7p\" aria-owns=\"\" data-hovercard=\"\/ajax\/hovercard\/page.php?id=145087542231738&amp;extragetparams=%7B%22fref%22%3A%22mentions%22%2C%22directed_target_id%22%3A2036080209978792%7D\" data-hovercard-prefer-more-content-show=\"1\">SV Listrup 1949 e.V.<\/a>!<\/p>\n<p>Gleich zu Beginn der neuen Saison gibt es wieder ein Highlight f\u00fcr alle Freunde und Anh\u00e4nger des SV Listrup &amp; des <a id=\"js_dck\" class=\"profileLink\" href=\"https:\/\/www.facebook.com\/FC-Leschede-342625222504861\/?fref=mentions\" aria-describedby=\"js_dcj\" aria-owns=\"\" data-hovercard=\"\/ajax\/hovercard\/page.php?id=342625222504861&amp;extragetparams=%7B%22fref%22%3A%22mentions%22%2C%22directed_target_id%22%3A2036080209978792%7D\" data-hovercard-prefer-more-content-show=\"1\">FC &#8211; Leschede<\/a>!<br \/>In der 1. Runde des Emco Kreispokals kommt es zum Derby der beiden rivalisierten Nachbarvereine!<\/p>\n<p>Ab 19:00 Uhr sind alle Zuschauer (ausdr\u00fccklich auch\u00a0alle KIDS!) recht herzlich zur feierlichen Einweihung unseres neuen Spielger\u00e4tes eingeladen, um 19:30 Uhr erfolgt dann der Anpfiff zum Pokalderby! Bilder findet ihr unten!<\/p>\n<div class=\"text_exposed_show\">\n<p>Mit Spannung erwartet wird das Duell der beiden Kontrahenten, welches die G\u00e4ste in Gr\u00fcn in der letzten Saison zwei Mal f\u00fcr sich entscheiden konnte (1:0 &amp; 1:3). Zwar landete der SVL in der Tabelle weit vor dem FCL (5.Platz &#8211; 10.Platz), wird sich aber dennoch f\u00fcr die Derbyniederlagen revangieren wollen.<br \/>Zudem wird dieses Spiel das Deb\u00fct f\u00fcr die beiden Neu-Coaches Wittmoser &amp; Gerritzen, die den Zuschauern das Resultat der Vorbereitung zeigen wollen!<\/p>\n<p>Der SVL freut sich auf zahlreiche Besucher aus beiden Ortsteilen bzw. der Region zum Saisonauftakt 2018\/2019 <span class=\"_47e3 _5mfr\" title=\"\u201esmile\u201c-Emoticon\"><img loading=\"lazy\" decoding=\"async\" class=\"img\" role=\"presentation\" src=\"https:\/\/static.xx.fbcdn.net\/images\/emoji.php\/v9\/f4c\/1\/16\/1f642.png\" alt=\"\" width=\"16\" height=\"16\" \/><\/span>!<\/p>\n<\/div>\n<p>Am Samstag geht es direkt weiter: Um 18:00 Uhr ist Anpfiff zum 1. Spieltag der M\u00f6bel Wilken Kreisliga Emsland! Zu Gast ist wie schon im letzten Jahr Lengerich Handrup I<\/p>\n<p>Ein Besuch lohnt sich in jedem Fall, denn am Sportplatz ist in der Sommerpause wieder einiges passiert. Neuer Spielturm f\u00fcr Kinder, neues\u00a0Pflaster (Dank an Pluto und Horri!)\u00a0&amp; die 1. Herren hat die Tore schick in wei\u00df gestrichen! Das solltet ihr nicht verpassen \ud83d\ude09<\/p>\n<\/div>\n<p><a href=\"https:\/\/www.sv-listrup.de\/wp-content\/uploads\/2018\/07\/Pokalderby-Leschede-18.png\"><img loading=\"lazy\" decoding=\"async\" class=\"aligncenter wp-image-4436 \" src=\"https:\/\/www.sv-listrup.de\/wp-content\/uploads\/2018\/07\/Pokalderby-Leschede-18.png\" alt=\"\" width=\"613\" height=\"460\" srcset=\"https:\/\/www.sv-listrup.de\/wp-content\/uploads\/2018\/07\/Pokalderby-Leschede-18.png 960w, https:\/\/www.sv-listrup.de\/wp-content\/uploads\/2018\/07\/Pokalderby-Leschede-18-300x225.png 300w, https:\/\/www.sv-listrup.de\/wp-content\/uploads\/2018\/07\/Pokalderby-Leschede-18-768x576.png 768w\" sizes=\"auto, (max-width: 613px) 100vw, 613px\" \/><\/a><\/p>\n<div id=\"id_5b504ae12908b6a31554262\" class=\"text_exposed_root text_exposed\">\n<p>&nbsp;<\/p>\n<\/div>\n<p><strong><span class=\"_5mfr _47e3\"><img loading=\"lazy\" decoding=\"async\" class=\"img\" role=\"presentation\" src=\"https:\/\/static.xx.fbcdn.net\/images\/emoji.php\/v9\/fa5\/1\/16\/1f195.png\" alt=\"\" width=\"16\" height=\"16\" \/><span style=\"text-decoration: underline;\"><span class=\"_7oe\">\ud83c\udd95<\/span><\/span><\/span><span style=\"text-decoration: underline;\">Neuerungen am Sportgel\u00e4nde<span class=\"_5mfr _47e3\"><img loading=\"lazy\" decoding=\"async\" class=\"img\" role=\"presentation\" src=\"https:\/\/static.xx.fbcdn.net\/images\/emoji.php\/v9\/fa5\/1\/16\/1f195.png\" alt=\"\" width=\"16\" height=\"16\" \/><span class=\"_7oe\">\ud83c\udd95<\/span><\/span><\/span><\/strong><\/p>\n<p>Damit ihr es morgen beim Pokalderby auch bewusst wahrnehmt, hier ein paar bildliche Eindr\u00fccke zu den Neuerungen in unserem sch\u00f6nen Waldstadion <span class=\"_5mfr _47e3\"><img loading=\"lazy\" decoding=\"async\" class=\"img\" role=\"presentation\" src=\"https:\/\/static.xx.fbcdn.net\/images\/emoji.php\/v9\/fb7\/1\/16\/1f917.png\" alt=\"\" width=\"16\" height=\"16\" \/><span class=\"_7oe\">\ud83e\udd17<\/span><\/span><\/p>\n<p>Morgen um 19:00 Uhr wird das langersehnte Spielger\u00e4t eingeweiht. Dazu seid ihr (und eure Kids!) recht herzlich eingeladen!<br \/>Seit Jahren schon fordern die Muttis &amp; V\u00e4ter unter euch ein Spielger\u00e4t f\u00fcr die kleinsten Anh\u00e4nger des SVL. In Ruhe Fu\u00dfball gucken und die Kinder spitzenm\u00e4\u00dfig besch\u00e4ftigt wissen? &#8211; Ab diesem Sommer beim SVL m\u00f6glich <span class=\"_5mfr _47e3\"><img loading=\"lazy\" decoding=\"async\" class=\"img\" role=\"presentation\" src=\"https:\/\/static.xx.fbcdn.net\/images\/emoji.php\/v9\/f0\/1\/16\/1f60b.png\" alt=\"\" width=\"16\" height=\"16\" \/><span class=\"_7oe\">\ud83d\ude0b<\/span><\/span><span class=\"_5mfr _47e3\"><img loading=\"lazy\" decoding=\"async\" class=\"img\" role=\"presentation\" src=\"https:\/\/static.xx.fbcdn.net\/images\/emoji.php\/v9\/f60\/1\/16\/1f51d.png\" alt=\"\" width=\"16\" height=\"16\" \/><span class=\"_7oe\">\ud83d\udd1d<\/span><\/span><br \/>Riesen Dank an all die Sponsoren und an die Helfer, dass wir nach Jahren diese Projektidee endlich in die Tat umsetzen konnten <span class=\"_5mfr _47e3\"><img loading=\"lazy\" decoding=\"async\" class=\"img\" role=\"presentation\" src=\"https:\/\/static.xx.fbcdn.net\/images\/emoji.php\/v9\/f68\/1\/16\/1f4aa_1f3fc.png\" alt=\"\" width=\"16\" height=\"16\" \/><span class=\"_7oe\">\ud83d\udcaa\ud83c\udffc<\/span><\/span><span class=\"_5mfr _47e3\"><img loading=\"lazy\" decoding=\"async\" class=\"img\" role=\"presentation\" src=\"https:\/\/static.xx.fbcdn.net\/images\/emoji.php\/v9\/f7f\/1\/16\/1f60a.png\" alt=\"\" width=\"16\" height=\"16\" \/><span class=\"_7oe\">\ud83d\ude0a<\/span><\/span><\/p>\n<p>Eine weitere Sache wurde auf Wunsch unseres neuen Coaches Sascha Gerritzen von der ersten Mannschaft durchgef\u00fchrt: alle 4 Tore bekamen einen neuen Anstrich und erstrahlen von nun an im neuen Glanz <span class=\"_5mfr _47e3\"><img loading=\"lazy\" decoding=\"async\" class=\"img\" role=\"presentation\" src=\"https:\/\/static.xx.fbcdn.net\/images\/emoji.php\/v9\/f4\/1\/16\/1f60f.png\" alt=\"\" width=\"16\" height=\"16\" \/><span class=\"_7oe\">\ud83d\ude0f<\/span><\/span>. Zusammen mit den im Winter erworbenen Netzen in Vereinsfarben ein echter Hingucker oder?!<span class=\"_5mfr _47e3\"><img loading=\"lazy\" decoding=\"async\" class=\"img\" role=\"presentation\" src=\"https:\/\/static.xx.fbcdn.net\/images\/emoji.php\/v9\/fb7\/1\/16\/1f917.png\" alt=\"\" width=\"16\" height=\"16\" \/><span class=\"_7oe\">\ud83e\udd17<\/span><\/span><\/p>\n<p>Live gibts das ganze dann morgen ab 19:00 Uhr mit Einweihung des Spielger\u00e4tes und dem Pokalderby um 19:30 Uhr: <br \/>SV Listrup I vs. Fc Leschede I<span class=\"_5mfr _47e3\"><img loading=\"lazy\" decoding=\"async\" class=\"img\" role=\"presentation\" src=\"https:\/\/static.xx.fbcdn.net\/images\/emoji.php\/v9\/faf\/1\/16\/26bd.png\" alt=\"\" width=\"16\" height=\"16\" \/><span class=\"_7oe\">\u26bd<\/span><\/span><\/p>\n<p><a class=\"_58cn\" href=\"https:\/\/www.facebook.com\/hashtag\/schickimicki?source=feed_text\" data-ft=\"{&quot;tn&quot;:&quot;*N&quot;,&quot;type&quot;:104}\"><span class=\"_5afx\"><span class=\"_58cl _5afz\" aria-label=\"Hashtag\">#<\/span><span class=\"_58cm\">SchickiMicki<\/span><\/span><\/a><br \/><a class=\"_58cn\" href=\"https:\/\/www.facebook.com\/hashtag\/eingeschenkf\u00fcrdiekleinstensvler?source=feed_text\" data-ft=\"{&quot;tn&quot;:&quot;*N&quot;,&quot;type&quot;:104}\"><span class=\"_5afx\"><span class=\"_58cl _5afz\" aria-label=\"Hashtag\">#<\/span><span class=\"_58cm\">EinGeschenkf\u00fcrdiekleinstenSVLer<\/span><\/span><\/a><br \/><a class=\"_58cn\" href=\"https:\/\/www.facebook.com\/hashtag\/unservereinhatzukunft?source=feed_text\" data-ft=\"{&quot;tn&quot;:&quot;*N&quot;,&quot;type&quot;:104}\"><span class=\"_5afx\"><span class=\"_58cl _5afz\" aria-label=\"Hashtag\">#<\/span><span class=\"_58cm\">UnserVereinhatZukunft<\/span><\/span><\/a>!<\/p>\n<p><a href=\"https:\/\/www.sv-listrup.de\/wp-content\/uploads\/2018\/07\/37685540_2211361295604342_7140734457924812800_o.jpg\"><img loading=\"lazy\" decoding=\"async\" class=\"aligncenter wp-image-4461 size-large\" src=\"https:\/\/www.sv-listrup.de\/wp-content\/uploads\/2018\/07\/37685540_2211361295604342_7140734457924812800_o-1024x739.jpg\" alt=\"\" width=\"1024\" height=\"739\" srcset=\"https:\/\/www.sv-listrup.de\/wp-content\/uploads\/2018\/07\/37685540_2211361295604342_7140734457924812800_o-1024x739.jpg 1024w, https:\/\/www.sv-listrup.de\/wp-content\/uploads\/2018\/07\/37685540_2211361295604342_7140734457924812800_o-300x217.jpg 300w, https:\/\/www.sv-listrup.de\/wp-content\/uploads\/2018\/07\/37685540_2211361295604342_7140734457924812800_o-768x554.jpg 768w, https:\/\/www.sv-listrup.de\/wp-content\/uploads\/2018\/07\/37685540_2211361295604342_7140734457924812800_o.jpg 2048w\" sizes=\"auto, (max-width: 1024px) 100vw, 1024px\" \/><\/a> <a href=\"https:\/\/www.sv-listrup.de\/wp-content\/uploads\/2018\/07\/37646999_2211361178937687_8867971159627399168_o.jpg\"><img loading=\"lazy\" decoding=\"async\" class=\"aligncenter wp-image-4462 size-large\" src=\"https:\/\/www.sv-listrup.de\/wp-content\/uploads\/2018\/07\/37646999_2211361178937687_8867971159627399168_o-1024x768.jpg\" alt=\"\" width=\"1024\" height=\"768\" srcset=\"https:\/\/www.sv-listrup.de\/wp-content\/uploads\/2018\/07\/37646999_2211361178937687_8867971159627399168_o-1024x768.jpg 1024w, https:\/\/www.sv-listrup.de\/wp-content\/uploads\/2018\/07\/37646999_2211361178937687_8867971159627399168_o-300x225.jpg 300w, https:\/\/www.sv-listrup.de\/wp-content\/uploads\/2018\/07\/37646999_2211361178937687_8867971159627399168_o-768x576.jpg 768w, https:\/\/www.sv-listrup.de\/wp-content\/uploads\/2018\/07\/37646999_2211361178937687_8867971159627399168_o.jpg 2048w\" sizes=\"auto, (max-width: 1024px) 100vw, 1024px\" \/><\/a> <a href=\"https:\/\/www.sv-listrup.de\/wp-content\/uploads\/2018\/07\/37644841_2211361142271024_352295173490737152_o.jpg\"><img loading=\"lazy\" decoding=\"async\" class=\"aligncenter wp-image-4463 size-large\" src=\"https:\/\/www.sv-listrup.de\/wp-content\/uploads\/2018\/07\/37644841_2211361142271024_352295173490737152_o-1024x768.jpg\" alt=\"\" width=\"1024\" height=\"768\" srcset=\"https:\/\/www.sv-listrup.de\/wp-content\/uploads\/2018\/07\/37644841_2211361142271024_352295173490737152_o-1024x768.jpg 1024w, https:\/\/www.sv-listrup.de\/wp-content\/uploads\/2018\/07\/37644841_2211361142271024_352295173490737152_o-300x225.jpg 300w, https:\/\/www.sv-listrup.de\/wp-content\/uploads\/2018\/07\/37644841_2211361142271024_352295173490737152_o-768x576.jpg 768w, https:\/\/www.sv-listrup.de\/wp-content\/uploads\/2018\/07\/37644841_2211361142271024_352295173490737152_o.jpg 2048w\" sizes=\"auto, (max-width: 1024px) 100vw, 1024px\" \/><\/a> <a href=\"https:\/\/www.sv-listrup.de\/wp-content\/uploads\/2018\/07\/37646394_2211361495604322_1565054067976175616_o.jpg\"><img loading=\"lazy\" decoding=\"async\" class=\"aligncenter wp-image-4464 size-large\" src=\"https:\/\/www.sv-listrup.de\/wp-content\/uploads\/2018\/07\/37646394_2211361495604322_1565054067976175616_o-1024x768.jpg\" alt=\"\" width=\"1024\" height=\"768\" srcset=\"https:\/\/www.sv-listrup.de\/wp-content\/uploads\/2018\/07\/37646394_2211361495604322_1565054067976175616_o-1024x768.jpg 1024w, https:\/\/www.sv-listrup.de\/wp-content\/uploads\/2018\/07\/37646394_2211361495604322_1565054067976175616_o-300x225.jpg 300w, https:\/\/www.sv-listrup.de\/wp-content\/uploads\/2018\/07\/37646394_2211361495604322_1565054067976175616_o-768x576.jpg 768w, https:\/\/www.sv-listrup.de\/wp-content\/uploads\/2018\/07\/37646394_2211361495604322_1565054067976175616_o.jpg 2048w\" sizes=\"auto, (max-width: 1024px) 100vw, 1024px\" \/><\/a> <a href=\"https:\/\/www.sv-listrup.de\/wp-content\/uploads\/2018\/07\/37660237_2211361598937645_462592257229324288_o.jpg\"><img loading=\"lazy\" decoding=\"async\" class=\"aligncenter wp-image-4465 size-large\" src=\"https:\/\/www.sv-listrup.de\/wp-content\/uploads\/2018\/07\/37660237_2211361598937645_462592257229324288_o-1024x768.jpg\" alt=\"\" width=\"1024\" height=\"768\" srcset=\"https:\/\/www.sv-listrup.de\/wp-content\/uploads\/2018\/07\/37660237_2211361598937645_462592257229324288_o-1024x768.jpg 1024w, https:\/\/www.sv-listrup.de\/wp-content\/uploads\/2018\/07\/37660237_2211361598937645_462592257229324288_o-300x225.jpg 300w, https:\/\/www.sv-listrup.de\/wp-content\/uploads\/2018\/07\/37660237_2211361598937645_462592257229324288_o-768x576.jpg 768w, https:\/\/www.sv-listrup.de\/wp-content\/uploads\/2018\/07\/37660237_2211361598937645_462592257229324288_o.jpg 2048w\" sizes=\"auto, (max-width: 1024px) 100vw, 1024px\" \/><\/a> <a href=\"https:\/\/www.sv-listrup.de\/wp-content\/uploads\/2018\/07\/37709658_2211361398937665_697442327400022016_o.jpg\"><img loading=\"lazy\" decoding=\"async\" class=\"aligncenter wp-image-4466 size-large\" src=\"https:\/\/www.sv-listrup.de\/wp-content\/uploads\/2018\/07\/37709658_2211361398937665_697442327400022016_o-1024x768.jpg\" alt=\"\" width=\"1024\" height=\"768\" srcset=\"https:\/\/www.sv-listrup.de\/wp-content\/uploads\/2018\/07\/37709658_2211361398937665_697442327400022016_o-1024x768.jpg 1024w, https:\/\/www.sv-listrup.de\/wp-content\/uploads\/2018\/07\/37709658_2211361398937665_697442327400022016_o-300x225.jpg 300w, https:\/\/www.sv-listrup.de\/wp-content\/uploads\/2018\/07\/37709658_2211361398937665_697442327400022016_o-768x576.jpg 768w, https:\/\/www.sv-listrup.de\/wp-content\/uploads\/2018\/07\/37709658_2211361398937665_697442327400022016_o.jpg 2048w\" sizes=\"auto, (max-width: 1024px) 100vw, 1024px\" \/><\/a><\/p>\n<\/div>\n<p>&nbsp;<\/p>\n","protected":false},"excerpt":{"rendered":"<p>Saisonauftakt f\u00fcr den SV Listrup 1949 e.V.! Gleich zu Beginn der neuen Saison gibt es wieder ein Highlight f\u00fcr alle Freunde und Anh\u00e4nger des SV Listrup &amp; des FC &#8211; Leschede!In der 1. Runde des Emco Kreispokals kommt es zum Derby der beiden rivalisierten Nachbarvereine! Ab 19:00 Uhr sind alle Zuschauer (ausdr\u00fccklich auch\u00a0alle KIDS!) recht herzlich zur feierlichen Einweihung unseres neuen Spielger\u00e4tes eingeladen, um 19:30 Uhr erfolgt dann der Anpfiff zum Pokalderby! Bilder findet ihr unten! Mit Spannung erwartet wird das Duell der beiden Kontrahenten, welches die G\u00e4ste in Gr\u00fcn in der letzten Saison zwei Mal f\u00fcr sich entscheiden konnte (1:0 &amp; 1:3). Zwar landete der SVL in der Tabelle weit vor dem FCL (5.Platz &#8211; 10.Platz), wird sich aber dennoch f\u00fcr die Derbyniederlagen revangieren wollen.Zudem wird dieses Spiel das Deb\u00fct f\u00fcr die beiden Neu-Coaches Wittmoser &amp; Gerritzen, die den Zuschauern das Resultat der Vorbereitung zeigen wollen! Der SVL freut sich auf zahlreiche Besucher aus beiden Ortsteilen bzw. der Region zum Saisonauftakt 2018\/2019 ! Am Samstag geht es direkt weiter: Um 18:00 Uhr ist Anpfiff zum 1. Spieltag der M\u00f6bel [&hellip;]<\/p>\n","protected":false},"author":7,"featured_media":4436,"comment_status":"open","ping_status":"open","sticky":false,"template":"","format":"standard","meta":{"footnotes":""},"categories":[1],"tags":[],"class_list":["post-4434","post","type-post","status-publish","format-standard","has-post-thumbnail","hentry","category-allgemein"],"_links":{"self":[{"href":"https:\/\/www.sv-listrup.de\/index.php?rest_route=\/wp\/v2\/posts\/4434","targetHints":{"allow":["GET"]}}],"collection":[{"href":"https:\/\/www.sv-listrup.de\/index.php?rest_route=\/wp\/v2\/posts"}],"about":[{"href":"https:\/\/www.sv-listrup.de\/index.php?rest_route=\/wp\/v2\/types\/post"}],"author":[{"embeddable":true,"href":"https:\/\/www.sv-listrup.de\/index.php?rest_route=\/wp\/v2\/users\/7"}],"replies":[{"embeddable":true,"href":"https:\/\/www.sv-listrup.de\/index.php?rest_route=%2Fwp%2Fv2%2Fcomments&post=4434"}],"version-history":[{"count":9,"href":"https:\/\/www.sv-listrup.de\/index.php?rest_route=\/wp\/v2\/posts\/4434\/revisions"}],"predecessor-version":[{"id":4473,"href":"https:\/\/www.sv-listrup.de\/index.php?rest_route=\/wp\/v2\/posts\/4434\/revisions\/4473"}],"wp:featuredmedia":[{"embeddable":true,"href":"https:\/\/www.sv-listrup.de\/index.php?rest_route=\/wp\/v2\/media\/4436"}],"wp:attachment":[{"href":"https:\/\/www.sv-listrup.de\/index.php?rest_route=%2Fwp%2Fv2%2Fmedia&parent=4434"}],"wp:term":[{"taxonomy":"category","embeddable":true,"href":"https:\/\/www.sv-listrup.de\/index.php?rest_route=%2Fwp%2Fv2%2Fcategories&post=4434"},{"taxonomy":"post_tag","embeddable":true,"href":"https:\/\/www.sv-listrup.de\/index.php?rest_route=%2Fwp%2Fv2%2Ftags&post=4434"}],"curies":[{"name":"wp","href":"https:\/\/api.w.org\/{rel}","templated":true}]}}