{"id":4440,"date":"2018-07-21T14:50:21","date_gmt":"2018-07-21T12:50:21","guid":{"rendered":"http:\/\/sv-listrup.de\/?p=4440"},"modified":"2018-07-21T14:50:21","modified_gmt":"2018-07-21T12:50:21","slug":"jsg-teams-sind-in-die-saison-vorbereitung-gestartet","status":"publish","type":"post","link":"https:\/\/www.sv-listrup.de\/?p=4440","title":{"rendered":"JSG-Teams sind in die Saison-Vorbereitung gestartet!"},"content":{"rendered":"<p>Die Seniorenmannschaften sind schon seit ca. zwei Wochen in der Saisonvorbereitung, diese hat in der vergangenen Woche auch f\u00fcr unsere drei leistungsorientiert spielenden JSG Mannschaften U19, U17 und U15 begonnen.<\/p>\n<p>Die Trainer konnten einige interessante Testspiele vereinbaren, dazu stehen f\u00fcr unsere U17 und U15 jeweils die Jugendturniere des FC Leschede an.<\/p>\n<p><strong>\u00a0<\/strong><\/p>\n<p><strong>A-Jugend:<\/strong><\/p>\n<p>Mit Uwe Lowak als neuem A1-Trainer begannen am Donnerstag die intensiven Vorbereitungswochen auf die neue Saison in der Bezirksliga. Uwe wird unterst\u00fctzt von Dieter Weeme und Michael Midden.<\/p>\n<p>Im Bezirkspokal hat unsere U19 am 11.08.2018 ein Heimspiel gegen die von Stefan Th\u00fcnemann trainierte U19 des SC Spelle\/Venhaus.<\/p>\n<p>Hier das Testspielprogramm unserer A1:<\/p>\n<table width=\"613\">\n<tbody>\n<tr>\n<td width=\"123\">\n<p>\u00a0Datum<\/p>\n<\/td>\n<td width=\"64\">\n<p>\u00a0Ansto\u00df<\/p>\n<\/td>\n<td width=\"148\">\n<p>\u00a0Heim<\/p>\n<\/td>\n<td width=\"157\">\n<p>\u00a0Gast<\/p>\n<\/td>\n<td width=\"110\">\n<p>\u00a0Bemerkungen<\/p>\n<\/td>\n<\/tr>\n<tr>\n<td width=\"123\">\n<p>\u00a024.07.2018, Di<\/p>\n<\/td>\n<td width=\"64\">\n<p>\u00a019.30<\/p>\n<\/td>\n<td width=\"148\">\n<p>\u00a0Voran Br\u00f6gbern<\/p>\n<\/td>\n<td width=\"157\">\n<p>\u00a0JSG U19<\/p>\n<\/td>\n<td width=\"110\">\n<p>&nbsp;<\/p>\n<\/td>\n<\/tr>\n<tr>\n<td width=\"123\">\n<p>\u00a008.08.2018, Mi<\/p>\n<\/td>\n<td width=\"64\">\n<p>\u00a019.30<\/p>\n<\/td>\n<td width=\"148\">\n<p>\u00a0SC Baccum<\/p>\n<\/td>\n<td width=\"157\">\n<p>\u00a0JSG U19<\/p>\n<\/td>\n<td width=\"110\">\u00a0<\/td>\n<\/tr>\n<tr>\n<td width=\"123\">\n<p>\u00a009.08.2018, Do<\/p>\n<\/td>\n<td width=\"64\">\n<p>\u00a019.30<\/p>\n<\/td>\n<td width=\"148\">\n<p>\u00a0JSG U19<\/p>\n<\/td>\n<td width=\"157\">\n<p>\u00a0SC Altenrheine<\/p>\n<\/td>\n<td width=\"110\">\n<p>&nbsp;<\/p>\n<\/td>\n<\/tr>\n<tr>\n<td width=\"123\">\n<p>\u00a011.08.2018, Sa<\/p>\n<\/td>\n<td width=\"64\">\n<p>\u00a016.00<\/p>\n<\/td>\n<td width=\"148\">\n<p>\u00a0JSG U19<\/p>\n<\/td>\n<td width=\"157\">\n<p>\u00a0SC Spelle\/Venhaus<\/p>\n<\/td>\n<td width=\"110\">\n<p>\u00a0Bezirkspokal<\/p>\n<\/td>\n<\/tr>\n<tr>\n<td width=\"123\">\n<p>\u00a015.08.2018, Mi<\/p>\n<\/td>\n<td width=\"64\">\n<p>\u00a019.30<\/p>\n<\/td>\n<td width=\"148\">\n<p>\u00a0JSG U19<\/p>\n<\/td>\n<td width=\"157\">\n<p>\u00a0JSG Rheine<\/p>\n<\/td>\n<td width=\"110\">\n<p>&nbsp;<\/p>\n<\/td>\n<\/tr>\n<\/tbody>\n<\/table>\n<p><strong>S\u00e4mtliche Heimspiele finden im Concordia-Park Emsb\u00fcren statt.<\/strong><\/p>\n<p><strong>\u00a0<\/strong><\/p>\n<p><strong>B-Jugend:<\/strong><\/p>\n<p>Auch unsere U17 hat mit Bobby Sch\u00fcring einen neuen Trainer bekommen! Bobby wird unterst\u00fctzt von Christian R\u00e4kers, Tim Wolbers, Thorsten Drente und Daniel Droste.<\/p>\n<p>Das Vorbereitungsprogramm wird vom \u201e\u00e4lteren Zeltlager\u201c unterbrochen. Im Bezirkspokal muss unsere U17 nicht weit reisen, es geht am 11.08.2018 zum Derby nach Sch\u00fcttorf!<\/p>\n<p>Hier das Testspielprogramm unserer B1:<\/p>\n<table width=\"613\">\n<tbody>\n<tr>\n<td width=\"123\">\n<p>Datum<\/p>\n<\/td>\n<td width=\"64\">\n<p>\u00a0Ansto\u00df<\/p>\n<\/td>\n<td width=\"122\">\n<p>\u00a0Heim<\/p>\n<\/td>\n<td width=\"182\">\n<p>\u00a0Gast<\/p>\n<\/td>\n<td width=\"110\">\n<p>\u00a0Bemerkungen<\/p>\n<\/td>\n<\/tr>\n<tr>\n<td width=\"123\">\n<p>\u00a030.07.2018, Mo<\/p>\n<\/td>\n<td width=\"64\">\n<p>\u00a018.30<\/p>\n<\/td>\n<td width=\"122\">\n<p>\u00a0JSG U17<\/p>\n<\/td>\n<td width=\"182\">\n<p>\u00a0SC Spelle\/Venhaus U15<\/p>\n<\/td>\n<td width=\"110\">\u00a0<\/td>\n<\/tr>\n<tr>\n<td width=\"123\">\n<p>\u00a009.08.2018, Do<\/p>\n<\/td>\n<td width=\"64\">\n<p>\u00a017.00<\/p>\n<\/td>\n<td colspan=\"2\" width=\"307\">\n<p>\u00a0Heinz-Bruns-Cup des FC Leschede<\/p>\n<\/td>\n<td width=\"110\">\n<p>\u00a0Turnier<\/p>\n<\/td>\n<\/tr>\n<tr>\n<td width=\"123\">\n<p>\u00a011.08.2018, Sa<\/p>\n<\/td>\n<td width=\"64\">\n<p>\u00a016.00<\/p>\n<\/td>\n<td width=\"122\">\n<p>\u00a0FC Sch\u00fcttorf 09<\/p>\n<\/td>\n<td width=\"182\">\n<p>\u00a0JSG U17<\/p>\n<\/td>\n<td width=\"110\">\n<p>\u00a0Bezirkspokal<\/p>\n<\/td>\n<\/tr>\n<tr>\n<td width=\"123\">\n<p>\u00a013.08.2018, Mo<\/p>\n<\/td>\n<td width=\"64\">\n<p>\u00a018.30<\/p>\n<\/td>\n<td width=\"122\">\n<p>\u00a0JSG U17<\/p>\n<\/td>\n<td width=\"182\">\n<p>\u00a0SVA Salzbergen<\/p>\n<\/td>\n<td width=\"110\">\n<p>&nbsp;<\/p>\n<\/td>\n<\/tr>\n<tr>\n<td width=\"123\">\n<p>\u00a020.08.2016, Mo<\/p>\n<\/td>\n<td width=\"64\">\n<p>\u00a018.30<\/p>\n<\/td>\n<td width=\"122\">\n<p>\u00a0JSG A2<\/p>\n<\/td>\n<td width=\"182\">\n<p>\u00a0JSG U17<\/p>\n<\/td>\n<td width=\"110\">\n<p>\u00a0in Emsb\u00fcren<\/p>\n<\/td>\n<\/tr>\n<tr>\n<td width=\"123\">\n<p>\u00a028.08.2016, Di<\/p>\n<\/td>\n<td width=\"64\">\n<p>\u00a018.30<\/p>\n<\/td>\n<td width=\"122\">\n<p>\u00a0SC Altenrheine<\/p>\n<\/td>\n<td width=\"182\">\n<p>\u00a0JSG U17<\/p>\n<\/td>\n<td width=\"110\">\n<p>&nbsp;<\/p>\n<\/td>\n<\/tr>\n<\/tbody>\n<\/table>\n<p>S\u00e4mtliche Heimspiele finden \u2013 sofern nicht anders angegeben \u2013 auf dem Lescheder Sportgel\u00e4nde statt.<\/p>\n<p>&nbsp;<\/p>\n<p><strong>C-Jugend<\/strong><\/p>\n<p><strong>Unsere U15 wird in dieser Saison von Stefan J\u00fcrgens und Heiner Feldmann trainiert, welche von Marco Th\u00fcnemann und Elias Held unterst\u00fctzt werden.<\/strong><\/p>\n<p>Hier das Testspielprogramm unserer C1:<\/p>\n<table width=\"613\">\n<tbody>\n<tr>\n<td width=\"123\">\n<p>\u00a0Datum<\/p>\n<\/td>\n<td width=\"64\">\n<p>\u00a0Ansto\u00df<\/p>\n<\/td>\n<td width=\"148\">\n<p>\u00a0Heim<\/p>\n<\/td>\n<td width=\"157\">\n<p>\u00a0Gast<\/p>\n<\/td>\n<td width=\"110\">\n<p>\u00a0Bemerkungen<\/p>\n<\/td>\n<\/tr>\n<tr>\n<td width=\"123\">\n<p>\u00a018.07.2018, Mi<\/p>\n<\/td>\n<td width=\"64\">\n<p>\u00a018.00<\/p>\n<\/td>\n<td width=\"148\">\n<p>\u00a0JSG Gildehaus<\/p>\n<\/td>\n<td width=\"157\">\n<p>\u00a0JSG U15<\/p>\n<\/td>\n<td width=\"110\">\n<p>&nbsp;<\/p>\n<\/td>\n<\/tr>\n<tr>\n<td width=\"123\">\n<p>\u00a028.07.2018, Sa<\/p>\n<\/td>\n<td width=\"64\">\n<p>\u00a011.00<\/p>\n<\/td>\n<td width=\"148\">\n<p>\u00a0JSG Emslage\/Mep.<\/p>\n<\/td>\n<td width=\"157\">\n<p>\u00a0JSG U15<\/p>\n<\/td>\n<td width=\"110\">\n<p>&nbsp;<\/p>\n<\/td>\n<\/tr>\n<tr>\n<td width=\"123\">\n<p>\u00a001.08.2018, Mi<\/p>\n<\/td>\n<td width=\"64\">\n<p>\u00a019.00<\/p>\n<\/td>\n<td width=\"148\">\n<p>\u00a0Vorw\u00e4rts Nordhorn<\/p>\n<\/td>\n<td width=\"157\">\n<p>\u00a0JSG U15<\/p>\n<\/td>\n<td width=\"110\">\n<p>&nbsp;<\/p>\n<\/td>\n<\/tr>\n<tr>\n<td width=\"123\">\n<p>\u00a004.08.2018, Sa<\/p>\n<\/td>\n<td width=\"64\">\n<p>\u00a015.30<\/p>\n<\/td>\n<td width=\"148\">\n<p>\u00a0JSG U15<\/p>\n<\/td>\n<td width=\"157\">\n<p>\u00a0SV Suddendorf\/Sa.<\/p>\n<\/td>\n<td width=\"110\">\n<p>&nbsp;<\/p>\n<\/td>\n<\/tr>\n<tr>\n<td width=\"123\">\n<p>\u00a007.08.2018, Di<\/p>\n<\/td>\n<td width=\"64\">\n<p>\u00a018.30<\/p>\n<\/td>\n<td width=\"148\">\n<p>\u00a0JSG Lohne\/Wietm.<\/p>\n<\/td>\n<td width=\"157\">\n<p>\u00a0JSG U15<\/p>\n<\/td>\n<td width=\"110\">\n<p>\u00a0in Lohne<\/p>\n<\/td>\n<\/tr>\n<tr>\n<td width=\"123\">\n<p>\u00a010.08.2018, Fr<\/p>\n<\/td>\n<td width=\"64\">\n<p>\u00a017.00<\/p>\n<\/td>\n<td colspan=\"2\" width=\"307\">\n<p>\u00a0C1-Turnier des FC Leschede<\/p>\n<\/td>\n<td width=\"110\">\n<p>\u00a0Turnier<\/p>\n<\/td>\n<\/tr>\n<tr>\n<td width=\"123\">\n<p>\u00a011.08.2018, Sa<\/p>\n<\/td>\n<td width=\"64\">\n<p>\u00a011.00<\/p>\n<\/td>\n<td width=\"148\">\n<p>\u00a0JSG Neuenhaus<\/p>\n<\/td>\n<td width=\"157\">\n<p>\u00a0JSG U15<\/p>\n<\/td>\n<td width=\"110\">\n<p>&nbsp;<\/p>\n<\/td>\n<\/tr>\n<tr>\n<td width=\"123\">\n<p>\u00a016.08.2016, Do<\/p>\n<\/td>\n<td width=\"64\">\n<p>\u00a019.00<\/p>\n<\/td>\n<td width=\"148\">\n<p>\u00a0JLZ Emsland U14<\/p>\n<\/td>\n<td width=\"157\">\n<p>\u00a0JSG U15<\/p>\n<\/td>\n<td width=\"110\">\n<p>\u00a0in Teglingen<\/p>\n<\/td>\n<\/tr>\n<\/tbody>\n<\/table>\n<p><strong>S\u00e4mtliche Heimspiele finden soweit nicht anders angegeben im Concordia-Park Emsb\u00fcren statt.<\/strong><\/p>\n<p>Alle Fussballfans aus der Gemeinde Emsb\u00fcren sind herzlich eingeladen unsere JSG-Mannschaften bei ihren Spielen zu unterst\u00fctzen!<\/p>\n<p>Text: \u00a0\u00a0\u00a0\u00a0\u00a0\u00a0\u00a0\u00a0Heiner Feldmann<\/p>\n<p>&nbsp;<\/p>\n<p>&nbsp;<\/p>\n","protected":false},"excerpt":{"rendered":"<p>Die Seniorenmannschaften sind schon seit ca. zwei Wochen in der Saisonvorbereitung, diese hat in der vergangenen Woche auch f\u00fcr unsere drei leistungsorientiert spielenden JSG Mannschaften U19, U17 und U15 begonnen. Die Trainer konnten einige interessante Testspiele vereinbaren, dazu stehen f\u00fcr unsere U17 und U15 jeweils die Jugendturniere des FC Leschede an. \u00a0 A-Jugend: Mit Uwe Lowak als neuem A1-Trainer begannen am Donnerstag die intensiven Vorbereitungswochen auf die neue Saison in der Bezirksliga. Uwe wird unterst\u00fctzt von Dieter Weeme und Michael Midden. Im Bezirkspokal hat unsere U19 am 11.08.2018 ein Heimspiel gegen die von Stefan Th\u00fcnemann trainierte U19 des SC Spelle\/Venhaus. Hier das Testspielprogramm unserer A1: \u00a0Datum \u00a0Ansto\u00df \u00a0Heim \u00a0Gast \u00a0Bemerkungen \u00a024.07.2018, Di \u00a019.30 \u00a0Voran Br\u00f6gbern \u00a0JSG U19 &nbsp; \u00a008.08.2018, Mi \u00a019.30 \u00a0SC Baccum \u00a0JSG U19 \u00a0 \u00a009.08.2018, Do \u00a019.30 \u00a0JSG U19 \u00a0SC Altenrheine &nbsp; \u00a011.08.2018, Sa \u00a016.00 \u00a0JSG U19 \u00a0SC Spelle\/Venhaus \u00a0Bezirkspokal \u00a015.08.2018, Mi \u00a019.30 \u00a0JSG U19 \u00a0JSG Rheine &nbsp; S\u00e4mtliche Heimspiele finden im Concordia-Park Emsb\u00fcren statt. \u00a0 B-Jugend: Auch unsere U17 hat mit Bobby Sch\u00fcring einen neuen Trainer bekommen! Bobby wird unterst\u00fctzt von Christian R\u00e4kers, Tim Wolbers, Thorsten Drente [&hellip;]<\/p>\n","protected":false},"author":3,"featured_media":3509,"comment_status":"open","ping_status":"open","sticky":false,"template":"","format":"standard","meta":{"footnotes":""},"categories":[42],"tags":[],"class_list":["post-4440","post","type-post","status-publish","format-standard","has-post-thumbnail","hentry","category-jsg"],"_links":{"self":[{"href":"https:\/\/www.sv-listrup.de\/index.php?rest_route=\/wp\/v2\/posts\/4440","targetHints":{"allow":["GET"]}}],"collection":[{"href":"https:\/\/www.sv-listrup.de\/index.php?rest_route=\/wp\/v2\/posts"}],"about":[{"href":"https:\/\/www.sv-listrup.de\/index.php?rest_route=\/wp\/v2\/types\/post"}],"author":[{"embeddable":true,"href":"https:\/\/www.sv-listrup.de\/index.php?rest_route=\/wp\/v2\/users\/3"}],"replies":[{"embeddable":true,"href":"https:\/\/www.sv-listrup.de\/index.php?rest_route=%2Fwp%2Fv2%2Fcomments&post=4440"}],"version-history":[{"count":1,"href":"https:\/\/www.sv-listrup.de\/index.php?rest_route=\/wp\/v2\/posts\/4440\/revisions"}],"predecessor-version":[{"id":4441,"href":"https:\/\/www.sv-listrup.de\/index.php?rest_route=\/wp\/v2\/posts\/4440\/revisions\/4441"}],"wp:featuredmedia":[{"embeddable":true,"href":"https:\/\/www.sv-listrup.de\/index.php?rest_route=\/wp\/v2\/media\/3509"}],"wp:attachment":[{"href":"https:\/\/www.sv-listrup.de\/index.php?rest_route=%2Fwp%2Fv2%2Fmedia&parent=4440"}],"wp:term":[{"taxonomy":"category","embeddable":true,"href":"https:\/\/www.sv-listrup.de\/index.php?rest_route=%2Fwp%2Fv2%2Fcategories&post=4440"},{"taxonomy":"post_tag","embeddable":true,"href":"https:\/\/www.sv-listrup.de\/index.php?rest_route=%2Fwp%2Fv2%2Ftags&post=4440"}],"curies":[{"name":"wp","href":"https:\/\/api.w.org\/{rel}","templated":true}]}}