{"id":4530,"date":"2018-08-09T16:41:59","date_gmt":"2018-08-09T14:41:59","guid":{"rendered":"http:\/\/sv-listrup.de\/?p=4530"},"modified":"2018-08-10T18:13:03","modified_gmt":"2018-08-10T16:13:03","slug":"1-herren-sonntag-in-bawinkel","status":"publish","type":"post","link":"https:\/\/www.sv-listrup.de\/?p=4530","title":{"rendered":"\u00dcberblick \u00fcbers Wochenende"},"content":{"rendered":"<div id=\"js_a\" class=\"_5pbx userContent _3576\" data-ft=\"{&quot;tn&quot;:&quot;K&quot;}\">\n<div id=\"id_5b6db938e83931972139691\" class=\"text_exposed_root text_exposed\">\n<p>*** \u00dcberblick f\u00fcrs Wochenende ***<\/p>\n<p>Nur drei Pflichtspiele an diesem Wochenende beim SVL, die aber alle eine Menge versprechen!<\/p>\n<p>Zun\u00e4chst heute Abend das Ausw\u00e4rtsspiel unserer Dritten mit einem Derby beim SVA. Allein die Brinsanz der Duelle gegen Salzbergen verspricht Spannung und ordentlich Unterhaltung f\u00fcr die Zuschauer\u00a0<span class=\"_5mfr _47e3\"><img loading=\"lazy\" decoding=\"async\" class=\"img\" role=\"presentation\" src=\"https:\/\/static.xx.fbcdn.net\/images\/emoji.php\/v9\/f57\/1\/16\/1f609.png\" alt=\"\" width=\"16\" height=\"16\" \/><span class=\"_7oe\">\ud83d\ude09<\/span><\/span><\/p>\n<div class=\"text_exposed_show\">\n<p>Am Samstag spielt unsere A1 im Bezirkspokal gegen die U19 von Spelle Venhaus. Der Landesligist ist nat\u00fcrlich stark favorisiert, doch zuhause vor gro\u00dfem Publikum darf man unsere Jungs der JSG nicht abschreiben! Ein tolles Spiel wird das garantiert\u00a0<span class=\"_5mfr _47e3\"><img loading=\"lazy\" decoding=\"async\" class=\"img\" role=\"presentation\" src=\"https:\/\/static.xx.fbcdn.net\/images\/emoji.php\/v9\/f83\/1\/16\/1f60e.png\" alt=\"\" width=\"16\" height=\"16\" \/><span class=\"_7oe\">\ud83d\ude0e<\/span><\/span><\/p>\n<p>Zum Abschluss des Wochenendes spielt unsere\u00a0<a class=\"_58cn\" href=\"https:\/\/www.facebook.com\/hashtag\/erste?source=feed_text\" data-ft=\"{&quot;tn&quot;:&quot;*N&quot;,&quot;type&quot;:104}\"><span class=\"_5afx\"><span class=\"_58cl _5afz\" aria-label=\"Hashtag\">#<\/span><span class=\"_58cm\">Erste<\/span><\/span><\/a>\u00a0ausw\u00e4rts beim SV Bawinkel. Der Kreisligaaufsteiger ist bisher noch ungeschlagen und scheint sich in der Liga super zurecht zu finden. Aber auch unsere 1. Herren legten einen astreinen Saisonstart hin und trohnt auf der Tabellenspitze der Kreisliga Emsland, weshalb man mit gro\u00dfen Ambitionen nach Bawinkel f\u00e4hrt! F\u00fcr unsere Verh\u00e4ltnisse eine kurze Ausw\u00e4rtsfahrt in dieser Liga &#8211; vermutlich werden zahlreichen Fans unsere Elf wieder belgeiten und zum Sieg animieren!<span class=\"_5mfr _47e3\"><img loading=\"lazy\" decoding=\"async\" class=\"img\" role=\"presentation\" src=\"https:\/\/static.xx.fbcdn.net\/images\/emoji.php\/v9\/ffe\/1\/16\/1f44f.png\" alt=\"\" width=\"16\" height=\"16\" \/><span class=\"_7oe\">\ud83d\udc4f<\/span><\/span><span class=\"_5mfr _47e3\"><img loading=\"lazy\" decoding=\"async\" class=\"img\" role=\"presentation\" src=\"https:\/\/static.xx.fbcdn.net\/images\/emoji.php\/v9\/f58\/1\/16\/1f929.png\" alt=\"\" width=\"16\" height=\"16\" \/><span class=\"_7oe\">\ud83e\udd29<\/span><\/span><\/p>\n<p><a class=\"_58cn\" href=\"https:\/\/www.facebook.com\/hashtag\/ausw%C3%A4rtsmitdemsvl?source=feed_text\" data-ft=\"{&quot;tn&quot;:&quot;*N&quot;,&quot;type&quot;:104}\"><span class=\"_5afx\"><span class=\"_58cl _5afz\" aria-label=\"Hashtag\">#<\/span><span class=\"_58cm\">Ausw\u00e4rtsmitdemSVL<\/span><\/span><\/a><br \/><a class=\"_58cn\" href=\"https:\/\/www.facebook.com\/hashtag\/bestesfu%C3%9Fballwetter?source=feed_text\" data-ft=\"{&quot;tn&quot;:&quot;*N&quot;,&quot;type&quot;:104}\"><span class=\"_5afx\"><span class=\"_58cl _5afz\" aria-label=\"Hashtag\">#<\/span><span class=\"_58cm\">BestesFu\u00dfballwetter<\/span><\/span><\/a><br \/><a class=\"_58cn\" href=\"https:\/\/www.facebook.com\/hashtag\/hei%C3%9Fwiefrittenfett?source=feed_text\" data-ft=\"{&quot;tn&quot;:&quot;*N&quot;,&quot;type&quot;:104}\"><span class=\"_5afx\"><span class=\"_58cl _5afz\" aria-label=\"Hashtag\">#<\/span><span class=\"_58cm\">Hei\u00dfwieFrittenfett<\/span><\/span><\/a><\/p>\n<\/div>\n<\/div>\n<\/div>\n<div class=\"_3x-2\" data-ft=\"{&quot;tn&quot;:&quot;H&quot;}\">\n<div data-ft=\"{&quot;tn&quot;:&quot;H&quot;}\">\n<div class=\"mtm\">\n<div>\n<div class=\"_5cq3\" data-ft=\"{&quot;tn&quot;:&quot;E&quot;}\"><a href=\"https:\/\/www.sv-listrup.de\/wp-content\/uploads\/2018\/08\/38796561_2251185691621902_804428773037441024_n.png\"><img loading=\"lazy\" decoding=\"async\" class=\"aligncenter size-full wp-image-4551\" src=\"https:\/\/www.sv-listrup.de\/wp-content\/uploads\/2018\/08\/38796561_2251185691621902_804428773037441024_n.png\" alt=\"\" width=\"960\" height=\"304\" srcset=\"https:\/\/www.sv-listrup.de\/wp-content\/uploads\/2018\/08\/38796561_2251185691621902_804428773037441024_n.png 960w, https:\/\/www.sv-listrup.de\/wp-content\/uploads\/2018\/08\/38796561_2251185691621902_804428773037441024_n-300x95.png 300w, https:\/\/www.sv-listrup.de\/wp-content\/uploads\/2018\/08\/38796561_2251185691621902_804428773037441024_n-768x243.png 768w\" sizes=\"auto, (max-width: 960px) 100vw, 960px\" \/><\/a><\/div>\n<\/div>\n<\/div>\n<\/div>\n<\/div>\n<p>&nbsp;<\/p>\n<p><a href=\"https:\/\/www.sv-listrup.de\/wp-content\/uploads\/2018\/08\/SVL-ausw\u00e4rts-Bawinkel.png\"><img loading=\"lazy\" decoding=\"async\" class=\"aligncenter  wp-image-4531\" src=\"https:\/\/www.sv-listrup.de\/wp-content\/uploads\/2018\/08\/SVL-ausw\u00e4rts-Bawinkel.png\" alt=\"\" width=\"527\" height=\"651\" srcset=\"https:\/\/www.sv-listrup.de\/wp-content\/uploads\/2018\/08\/SVL-ausw\u00e4rts-Bawinkel.png 642w, https:\/\/www.sv-listrup.de\/wp-content\/uploads\/2018\/08\/SVL-ausw\u00e4rts-Bawinkel-243x300.png 243w\" sizes=\"auto, (max-width: 527px) 100vw, 527px\" \/><\/a><\/p>\n","protected":false},"excerpt":{"rendered":"<p>*** \u00dcberblick f\u00fcrs Wochenende *** Nur drei Pflichtspiele an diesem Wochenende beim SVL, die aber alle eine Menge versprechen! Zun\u00e4chst heute Abend das Ausw\u00e4rtsspiel unserer Dritten mit einem Derby beim SVA. Allein die Brinsanz der Duelle gegen Salzbergen verspricht Spannung und ordentlich Unterhaltung f\u00fcr die Zuschauer\u00a0\ud83d\ude09 Am Samstag spielt unsere A1 im Bezirkspokal gegen die U19 von Spelle Venhaus. Der Landesligist ist nat\u00fcrlich stark favorisiert, doch zuhause vor gro\u00dfem Publikum darf man unsere Jungs der JSG nicht abschreiben! Ein tolles Spiel wird das garantiert\u00a0\ud83d\ude0e Zum Abschluss des Wochenendes spielt unsere\u00a0#Erste\u00a0ausw\u00e4rts beim SV Bawinkel. Der Kreisligaaufsteiger ist bisher noch ungeschlagen und scheint sich in der Liga super zurecht zu finden. Aber auch unsere 1. Herren legten einen astreinen Saisonstart hin und trohnt auf der Tabellenspitze der Kreisliga Emsland, weshalb man mit gro\u00dfen Ambitionen nach Bawinkel f\u00e4hrt! F\u00fcr unsere Verh\u00e4ltnisse eine kurze Ausw\u00e4rtsfahrt in dieser Liga &#8211; vermutlich werden zahlreichen Fans unsere Elf wieder belgeiten und zum Sieg animieren!\ud83d\udc4f\ud83e\udd29 #Ausw\u00e4rtsmitdemSVL#BestesFu\u00dfballwetter#Hei\u00dfwieFrittenfett &nbsp;<\/p>\n","protected":false},"author":7,"featured_media":4531,"comment_status":"open","ping_status":"open","sticky":false,"template":"","format":"standard","meta":{"footnotes":""},"categories":[1],"tags":[],"class_list":["post-4530","post","type-post","status-publish","format-standard","has-post-thumbnail","hentry","category-allgemein"],"_links":{"self":[{"href":"https:\/\/www.sv-listrup.de\/index.php?rest_route=\/wp\/v2\/posts\/4530","targetHints":{"allow":["GET"]}}],"collection":[{"href":"https:\/\/www.sv-listrup.de\/index.php?rest_route=\/wp\/v2\/posts"}],"about":[{"href":"https:\/\/www.sv-listrup.de\/index.php?rest_route=\/wp\/v2\/types\/post"}],"author":[{"embeddable":true,"href":"https:\/\/www.sv-listrup.de\/index.php?rest_route=\/wp\/v2\/users\/7"}],"replies":[{"embeddable":true,"href":"https:\/\/www.sv-listrup.de\/index.php?rest_route=%2Fwp%2Fv2%2Fcomments&post=4530"}],"version-history":[{"count":3,"href":"https:\/\/www.sv-listrup.de\/index.php?rest_route=\/wp\/v2\/posts\/4530\/revisions"}],"predecessor-version":[{"id":4552,"href":"https:\/\/www.sv-listrup.de\/index.php?rest_route=\/wp\/v2\/posts\/4530\/revisions\/4552"}],"wp:featuredmedia":[{"embeddable":true,"href":"https:\/\/www.sv-listrup.de\/index.php?rest_route=\/wp\/v2\/media\/4531"}],"wp:attachment":[{"href":"https:\/\/www.sv-listrup.de\/index.php?rest_route=%2Fwp%2Fv2%2Fmedia&parent=4530"}],"wp:term":[{"taxonomy":"category","embeddable":true,"href":"https:\/\/www.sv-listrup.de\/index.php?rest_route=%2Fwp%2Fv2%2Fcategories&post=4530"},{"taxonomy":"post_tag","embeddable":true,"href":"https:\/\/www.sv-listrup.de\/index.php?rest_route=%2Fwp%2Fv2%2Ftags&post=4530"}],"curies":[{"name":"wp","href":"https:\/\/api.w.org\/{rel}","templated":true}]}}