{"id":4586,"date":"2018-08-23T18:22:03","date_gmt":"2018-08-23T16:22:03","guid":{"rendered":"http:\/\/sv-listrup.de\/?p=4586"},"modified":"2018-08-23T18:22:03","modified_gmt":"2018-08-23T16:22:03","slug":"jsg-teams-starten-gut-in-die-saison-2018-2019","status":"publish","type":"post","link":"https:\/\/www.sv-listrup.de\/?p=4586","title":{"rendered":"JSG-Teams starten gut in die Saison 2018\/2019"},"content":{"rendered":"<p>Mit Pokalspielen sind unsere drei leistungsorientiert spielenden Mannschaften U19, U17 und U15 in der letzten Woche nach jeweils intensiven Vorbereitungswochen in die Saison gestartet und haben sich hierbei jeweils sehr gut verkauft. F\u00fcr unsere U15 stand bereits das erste Meisterschaftsspiel an.<\/p>\n<p><strong>\u00a0<\/strong><\/p>\n<p><strong>U19:<\/strong><\/p>\n<p>Bereits am vorletzten Wochenende zeigte unser U19 eine sehr gute Leistung im Bezirkspokal gegen den Landesligisten SC Spelle\/Venhaus. Die Mannschaft von Trainer Uwe Lowak zeigte vor alle defensiv eine tolle Leistung und machte den Spellern das Leben schwer.<\/p>\n<p>Somit stand es zur Halbzeit \u201enur\u201c 0:1 f\u00fcr die G\u00e4ste. In der zweiten Halbzeit setzte sich das Spiel fort und unsere JSG konnte durchaus auch den ein oder anderen Konter in Richtung Speller Tor fahren. Um ein Haar h\u00e4tte Ben Kl\u00f6pper 20 Minuten vor dem Ende den 1:1-Ausgleich erzielt. Mit dem 0:2 f\u00fcr die vom Emsb\u00fcrener Stefan Th\u00fcnemann trainierten Speller eine Viertelstunde vor Ende war dann jedoch die Vorentscheidung gefallen. Bei diesem Ergebnis blieb es.<\/p>\n<p>Am letzten Wochenende verbrachte die Mannschaft einen letzten anstrengenden Trainingslagertag auf dem Sportgel\u00e4nde in Elbergen. Im \u201eAbschlussspiel\u201c konnte Kreisligist RB Lingen\/VfB Lingen zum Abschluss der Saisonvorbereitung mit 3:1 geschlagen werden.<\/p>\n<p><strong>Das erste Meisterschaftsspiel am kommenden Samstag (25.08.2018 um 16.30 Uhr) in der Bezirksliga ist ein Heimspiel! Zu Gast im Concordia-Park ist dann die stark eingesch\u00e4tzte Mannschaft der JSG SV Meppen\/Teglingen\/Schwefingen.<\/strong><\/p>\n<p>&nbsp;<\/p>\n<p><strong>U17:<\/strong><\/p>\n<p>Nach dem fulminanten 5:0-Ausw\u00e4rtssieg beim FC Sch\u00fcttorf ging es in der zweiten Runde des Bezirkspokals f\u00fcr unsere U17 ebenfalls gegen den SC Spelle\/Venhaus aus der Landesliga.<\/p>\n<p>Und auch unsere von Bobby Sch\u00fcring trainierte U17 schlug sich sehr gut. Insbesondere in der ersten Halbzeit war ein Klassenunterschied nicht zu erkennen. Nach einem Stellungsfehler unserer Defensive und nach einem ungl\u00fccklichen Eigentor f\u00fchrten die G\u00e4ste zwar mit 0:2. Dieses waren aber dann auch fast die einzigen Speller Chancen im ersten Spielabschnitt. Gute Chancen f\u00fcr unsere U17 von Arne Feldmann und Simon Seltier (Lattenknaller) blieben leider ungenutzt.<\/p>\n<p>Aufgrund einer st\u00e4rkeren zweiten H\u00e4lfte war der Sieg des SC Spelle am Ende jedoch vollkommen verdient. Es stand am Ende 2:6, wobei der eingewechselte Mika Abeln immerhin auch noch zwei Mal f\u00fcr unsere JSG die Pille im Geh\u00e4use der Speller versenken konnte, darunter ein sehenswerter Kopfball.<\/p>\n<p><strong>Auch unsere B1 hat in ihrem ersten Meisterschaftsspiel in der Bezirksliga am kommenden Samstag (25.08., 16.00 Uhr in Leschede) ein Heimspiel! Zu Gast ist dann der JFV Hasel\u00fcnne.<\/strong><\/p>\n<p>&nbsp;<\/p>\n<p><strong>U15:<\/strong><\/p>\n<p><strong><a href=\"https:\/\/www.sv-listrup.de\/wp-content\/uploads\/2018\/08\/JSG-C1-2018-2019.jpg\"><img loading=\"lazy\" decoding=\"async\" class=\"alignnone size-large wp-image-4587\" src=\"https:\/\/www.sv-listrup.de\/wp-content\/uploads\/2018\/08\/JSG-C1-2018-2019-1024x728.jpg\" alt=\"\" width=\"1024\" height=\"728\" srcset=\"https:\/\/www.sv-listrup.de\/wp-content\/uploads\/2018\/08\/JSG-C1-2018-2019-1024x728.jpg 1024w, https:\/\/www.sv-listrup.de\/wp-content\/uploads\/2018\/08\/JSG-C1-2018-2019-300x213.jpg 300w, https:\/\/www.sv-listrup.de\/wp-content\/uploads\/2018\/08\/JSG-C1-2018-2019-768x546.jpg 768w\" sizes=\"auto, (max-width: 1024px) 100vw, 1024px\" \/><\/a><\/strong><\/p>\n<p><em>Unsere U15 in der Saison 2018\/2019:<\/em><\/p>\n<p><em>Oben von links: Nils B\u00f6cker, Simon Platt, Bernhard Haarmann, Marlon Labesius, Bennet Fericks, Hinnerk Albers, Aaron Timmer<\/em><\/p>\n<p><em>Mitte von links: Trainer Heiner Feldmann, Betreuer Marco Th\u00fcnemann, Malte Lambers, Bastian Drees, Jan Kuper, Jan Kruthoff, Trainer Stefan J\u00fcrgens, Betreuer Elias Held<\/em><\/p>\n<p><em>Unten: Anna Silies, Selina Holle, Henning Feldmann, Luis Sterthaus und Tobias Alber<\/em><\/p>\n<p>Im Kreispokal hatte unter der Woche unsere U15 beim in Elbergen ausgetragenen Spiel gegen die JSG Messingen\/L\u00fcnne\/Bramsche 2 wenig M\u00fche und absolvierte die komplette zweite Halbzeit fairnesshalber mit nur sieben Spielern.<\/p>\n<p>Beim ersten Meisterschaftsspiel am Sonntag im Concordia-Park waren dann knapp 100 Zuschauer Zeuge eines sicherlich nicht immer hochklassigen, aber daf\u00fcr jederzeit spannenden Spiels gegen die JSG Freren\/Thuine\/Andervenne. Fast \u00fcber die gesamte Spielzeit war unsere Team zwar feld\u00fcberlegen, konnte daraus jedoch leider nicht gen\u00fcgend Kapital schlagen.<\/p>\n<p>Die G\u00e4ste gingen Ende der ersten Halbzeit in F\u00fchrung, welche Nils B\u00f6cker noch vor dem Pausenpfiff zum 1:1 nach einem Eckball ausgleichen konnte.<\/p>\n<p>Hochverdient war die F\u00fchrung durch Marlon Labesius Mitte der zweiten Halbzeit, ebenfalls nach einem Eckball. F\u00fcnf Minuten vor Schluss f\u00e4llt dann der 2:2-Ausgleich f\u00fcr die Frerener. Doch wie in der ersten Halbzeit konnte unsere U15 noch einmal zur\u00fcckkommen:<\/p>\n<p>Erneut Marlon Labesius erzielte nach einem von Bastian Drees hervorragend \u201edurchgesteckten\u201c Pass den viel umjubelten 3:2-Siegtreffer! Eine starke Leistung zeigte Torh\u00fcter Henning Feldmann, der mehrfach Torchancen der Frerener vereitelte.<\/p>\n<p>Unsere U15 hat am kommenden Wochenende spielfrei.<\/p>\n<p>Folgende Spiele gibt es am n\u00e4chsten Wochenende, n\u00e4mlich zwei Heimspiele f\u00fcr unser U19 und U17:<\/p>\n<table width=\"604\">\n<tbody>\n<tr>\n<td width=\"56\">\n<p><strong>Team<\/strong><\/p>\n<\/td>\n<td width=\"85\">\n<p><strong>Datum<\/strong><\/p>\n<\/td>\n<td width=\"66\">\n<p><strong>Ansto\u00df<\/strong><\/p>\n<\/td>\n<td width=\"397\">\n<p><strong>Spiel<\/strong><\/p>\n<\/td>\n<\/tr>\n<tr>\n<td width=\"56\">\n<p><strong>U19:<\/strong><\/p>\n<\/td>\n<td width=\"85\">\n<p><strong>Sa, 25.08.<\/strong><\/p>\n<\/td>\n<td width=\"66\">\n<p><strong>16.30<\/strong><\/p>\n<\/td>\n<td width=\"397\">\n<p><strong>JSG U19 \u2013 JSG SV Meppen\/Tegl.\/Schw. (in Emsb\u00fcren)<\/strong><\/p>\n<\/td>\n<\/tr>\n<tr>\n<td width=\"56\">\n<p><strong>U17:<\/strong><\/p>\n<\/td>\n<td width=\"85\">\n<p><strong>Sa, 25.08.<\/strong><\/p>\n<\/td>\n<td width=\"66\">\n<p><strong>16:00<\/strong><\/p>\n<\/td>\n<td width=\"397\">\n<p><strong>JSG U17 \u2013 JFV Hasel\u00fcnne (in Leschede)<\/strong><\/p>\n<\/td>\n<\/tr>\n<tr>\n<td width=\"56\">\n<p><strong>U15:<\/strong><\/p>\n<\/td>\n<td width=\"85\">\n<p><strong>\u00a0<\/strong><\/p>\n<\/td>\n<td width=\"66\">\n<p><strong>\u00a0<\/strong><\/p>\n<\/td>\n<td width=\"397\">\n<p><strong>Spielfrei<\/strong><\/p>\n<\/td>\n<\/tr>\n<\/tbody>\n<\/table>\n<p>&nbsp;<\/p>\n<p>Unterst\u00fctzt unsere JSG-Teams mit Eurem Besuch der Spiele!<\/p>\n<p>Text: Heiner Feldmann<\/p>\n<p>Foto: Martin Botterschulte<\/p>\n<p>&nbsp;<\/p>\n<p>&nbsp;<\/p>\n","protected":false},"excerpt":{"rendered":"<p>Mit Pokalspielen sind unsere drei leistungsorientiert spielenden Mannschaften U19, U17 und U15 in der letzten Woche nach jeweils intensiven Vorbereitungswochen in die Saison gestartet und haben sich hierbei jeweils sehr gut verkauft. F\u00fcr unsere U15 stand bereits das erste Meisterschaftsspiel an. \u00a0 U19: Bereits am vorletzten Wochenende zeigte unser U19 eine sehr gute Leistung im Bezirkspokal gegen den Landesligisten SC Spelle\/Venhaus. Die Mannschaft von Trainer Uwe Lowak zeigte vor alle defensiv eine tolle Leistung und machte den Spellern das Leben schwer. Somit stand es zur Halbzeit \u201enur\u201c 0:1 f\u00fcr die G\u00e4ste. In der zweiten Halbzeit setzte sich das Spiel fort und unsere JSG konnte durchaus auch den ein oder anderen Konter in Richtung Speller Tor fahren. Um ein Haar h\u00e4tte Ben Kl\u00f6pper 20 Minuten vor dem Ende den 1:1-Ausgleich erzielt. Mit dem 0:2 f\u00fcr die vom Emsb\u00fcrener Stefan Th\u00fcnemann trainierten Speller eine Viertelstunde vor Ende war dann jedoch die Vorentscheidung gefallen. Bei diesem Ergebnis blieb es. Am letzten Wochenende verbrachte die Mannschaft einen letzten anstrengenden Trainingslagertag auf dem Sportgel\u00e4nde in Elbergen. Im \u201eAbschlussspiel\u201c konnte Kreisligist RB Lingen\/VfB Lingen zum Abschluss [&hellip;]<\/p>\n","protected":false},"author":3,"featured_media":4587,"comment_status":"open","ping_status":"open","sticky":false,"template":"","format":"standard","meta":{"footnotes":""},"categories":[42],"tags":[],"class_list":["post-4586","post","type-post","status-publish","format-standard","has-post-thumbnail","hentry","category-jsg"],"_links":{"self":[{"href":"https:\/\/www.sv-listrup.de\/index.php?rest_route=\/wp\/v2\/posts\/4586","targetHints":{"allow":["GET"]}}],"collection":[{"href":"https:\/\/www.sv-listrup.de\/index.php?rest_route=\/wp\/v2\/posts"}],"about":[{"href":"https:\/\/www.sv-listrup.de\/index.php?rest_route=\/wp\/v2\/types\/post"}],"author":[{"embeddable":true,"href":"https:\/\/www.sv-listrup.de\/index.php?rest_route=\/wp\/v2\/users\/3"}],"replies":[{"embeddable":true,"href":"https:\/\/www.sv-listrup.de\/index.php?rest_route=%2Fwp%2Fv2%2Fcomments&post=4586"}],"version-history":[{"count":1,"href":"https:\/\/www.sv-listrup.de\/index.php?rest_route=\/wp\/v2\/posts\/4586\/revisions"}],"predecessor-version":[{"id":4588,"href":"https:\/\/www.sv-listrup.de\/index.php?rest_route=\/wp\/v2\/posts\/4586\/revisions\/4588"}],"wp:featuredmedia":[{"embeddable":true,"href":"https:\/\/www.sv-listrup.de\/index.php?rest_route=\/wp\/v2\/media\/4587"}],"wp:attachment":[{"href":"https:\/\/www.sv-listrup.de\/index.php?rest_route=%2Fwp%2Fv2%2Fmedia&parent=4586"}],"wp:term":[{"taxonomy":"category","embeddable":true,"href":"https:\/\/www.sv-listrup.de\/index.php?rest_route=%2Fwp%2Fv2%2Fcategories&post=4586"},{"taxonomy":"post_tag","embeddable":true,"href":"https:\/\/www.sv-listrup.de\/index.php?rest_route=%2Fwp%2Fv2%2Ftags&post=4586"}],"curies":[{"name":"wp","href":"https:\/\/api.w.org\/{rel}","templated":true}]}}