{"id":4601,"date":"2018-08-28T17:49:07","date_gmt":"2018-08-28T15:49:07","guid":{"rendered":"http:\/\/sv-listrup.de\/?p=4601"},"modified":"2018-08-28T17:49:07","modified_gmt":"2018-08-28T15:49:07","slug":"jsg-teams-mit-luft-nach-oben","status":"publish","type":"post","link":"https:\/\/www.sv-listrup.de\/?p=4601","title":{"rendered":"JSG-Teams mit Luft nach oben!"},"content":{"rendered":"<p>Mit jeweils einer Heimniederlage sind unsere U19 und U17 leider in die Bezirksliga-Meisterschaft 2018\/2019 gestartet. Zu Gast waren jeweils starke Mannschaften, dennoch ist bei beiden Teams noch \u201eLuft nach oben\u201c.<\/p>\n<p><strong>\u00a0<\/strong><\/p>\n<p><strong>U19:<\/strong><\/p>\n<p>Nicht gut zufrieden war Trainer Uwe Lowak nach der 0:3-Niederlage gegen die JSG SV Meppen\/Schwefingen\/Teglingen. Zu viele Ungenauigkeiten und manchmal mangelnde Handlungsschnelligkeit lie\u00dfen ein besseres Ergebnis gegen den erwartet starken Gegner nicht zu.<\/p>\n<p>Das Spiel war wegen der ergiebigen Regeng\u00fcsse am Samstag auf den Kunstrasenplatz verlegt worden.<\/p>\n<p>Durch Tore in der 21., 29. und 52 Minute war die Partie relativ schnell f\u00fcr die \u00fcberlegenen G\u00e4ste entschieden. Die JSG Meppen wird sicherlich am Ende der Saison oben in der Tabelle zu finden sein, so dass es f\u00fcr unsere A1 am \u00fcbern\u00e4chsten Freitag einen zweiten Start in die Bezirksliga-Saison geben wird.<\/p>\n<p>Am kommenden Wochenende hat unsere U19 n\u00e4mlich spielfrei und trifft dann am Freitag, dem 07.09.2018 um 19.30 Uhr auf den VfL Herzlake im dortigen Hasetalstadion. Voraussichtlich ein Gegner auf Augenh\u00f6he.<\/p>\n<p><strong>\u00a0<\/strong><\/p>\n<p><strong>U17:<\/strong><\/p>\n<p>Unsere B1 zeigte vor allem in der ersten Halbzeit im Spiel gegen den JFV Hasel\u00fcnne ein gutes Spiel und vers\u00e4umte es Mitte der ersten Halbzeit bei einer gro\u00dfen Chance f\u00fcr Pascal Katzy mit 1:0 in F\u00fchrung zu gehen.<\/p>\n<p>Die Mannschaft von Bobby Sch\u00fcring war spielbestimmend, w\u00e4hrend die G\u00e4ste lediglich auf Konter warteten. Nach einem individuellen Abwehrfehler nach einem Eckball ging fast mit dem Halbzeitpfiff der Gast mit 0:1 schmeichelhaft in F\u00fchrung.<\/p>\n<p>In der zweiten Halbzeit verflachte die Begegnung zusehends, auch durch viele Unterbrechungen entwickelte sich ein zerfahrenes Spiel. Leider konnte unsere U17 sich kaum noch Torchancen herausarbeiten, zu ungenau waren viele Zuspiele.<\/p>\n<p>Somit blieb es beim gl\u00fccklichen 0:1 f\u00fcr die spielerisch eigentlich unterlegene Mannschaft des JFV Hasel\u00fcnne.<\/p>\n<p>Am kommenden Donnerstag ist unsere U17 zu Gast bei der JSG Altenlingen\/Holthausen, auch dieses d\u00fcrfte ein Gegner auf Augenh\u00f6he f\u00fcr unsere JSG sein.<\/p>\n<p>&nbsp;<\/p>\n<p><strong>U15:<\/strong><\/p>\n<p>Ein spielfreies Wochenende hatte unsere U15, die Kr\u00e4fte sammeln konnte f\u00fcr die kommenden Spiele. So gibt es in der \u00fcbern\u00e4chsten Woche gleich vier Spiele in acht Tagen f\u00fcr die Mannschaft von Stefan J\u00fcrgens und Heiner Feldmann zu absolvieren.<\/p>\n<p>Folgende Spiele gibt es in der kommenden Woche:<\/p>\n<table width=\"557\">\n<tbody>\n<tr>\n<td width=\"56\">\n<p><strong>Team<\/strong><\/p>\n<\/td>\n<td width=\"94\">\n<p><strong>Datum<\/strong><\/p>\n<\/td>\n<td width=\"66\">\n<p><strong>Ansto\u00df<\/strong><\/p>\n<\/td>\n<td width=\"340\">\n<p><strong>Spiel<\/strong><\/p>\n<\/td>\n<\/tr>\n<tr>\n<td width=\"56\">\n<p><strong>U19:<\/strong><\/p>\n<\/td>\n<td width=\"94\">\n<p><strong>\u00a0<\/strong><\/p>\n<\/td>\n<td width=\"66\">\n<p><strong>\u00a0<\/strong><\/p>\n<\/td>\n<td width=\"340\">\n<p>Spielfrei<\/p>\n<\/td>\n<\/tr>\n<tr>\n<td width=\"56\">\n<p><strong>U17:<\/strong><\/p>\n<\/td>\n<td width=\"94\">\n<p><strong>Do., 30.08.<\/strong><\/p>\n<\/td>\n<td width=\"66\">\n<p><strong>19.00<\/strong><\/p>\n<\/td>\n<td width=\"340\">\n<p>JSG Altenlingen\/Holthausen \u2013 JSG U17<\/p>\n<\/td>\n<\/tr>\n<tr>\n<td width=\"56\">\n<p><strong>U15:<\/strong><\/p>\n<\/td>\n<td width=\"94\">\n<p><strong>So., 02.09. <\/strong><\/p>\n<\/td>\n<td width=\"66\">\n<p><strong>11.00<\/strong><\/p>\n<\/td>\n<td width=\"340\">\n<p><strong>JSG U15 \u2013 SC Spelle\/Venhaus 2<\/strong> (in Emsb\u00fcren)<\/p>\n<\/td>\n<\/tr>\n<\/tbody>\n<\/table>\n<p>&nbsp;<\/p>\n<p>Unterst\u00fctzt unsere JSG-Teams mit Eurem Besuch der Spiele!<\/p>\n<p>&nbsp;<\/p>\n<p>Text: Heiner Feldmann<\/p>\n<p>&nbsp;<\/p>\n","protected":false},"excerpt":{"rendered":"<p>Mit jeweils einer Heimniederlage sind unsere U19 und U17 leider in die Bezirksliga-Meisterschaft 2018\/2019 gestartet. Zu Gast waren jeweils starke Mannschaften, dennoch ist bei beiden Teams noch \u201eLuft nach oben\u201c. \u00a0 U19: Nicht gut zufrieden war Trainer Uwe Lowak nach der 0:3-Niederlage gegen die JSG SV Meppen\/Schwefingen\/Teglingen. Zu viele Ungenauigkeiten und manchmal mangelnde Handlungsschnelligkeit lie\u00dfen ein besseres Ergebnis gegen den erwartet starken Gegner nicht zu. Das Spiel war wegen der ergiebigen Regeng\u00fcsse am Samstag auf den Kunstrasenplatz verlegt worden. Durch Tore in der 21., 29. und 52 Minute war die Partie relativ schnell f\u00fcr die \u00fcberlegenen G\u00e4ste entschieden. Die JSG Meppen wird sicherlich am Ende der Saison oben in der Tabelle zu finden sein, so dass es f\u00fcr unsere A1 am \u00fcbern\u00e4chsten Freitag einen zweiten Start in die Bezirksliga-Saison geben wird. Am kommenden Wochenende hat unsere U19 n\u00e4mlich spielfrei und trifft dann am Freitag, dem 07.09.2018 um 19.30 Uhr auf den VfL Herzlake im dortigen Hasetalstadion. Voraussichtlich ein Gegner auf Augenh\u00f6he. \u00a0 U17: Unsere B1 zeigte vor allem in der ersten Halbzeit im Spiel gegen den JFV Hasel\u00fcnne ein gutes [&hellip;]<\/p>\n","protected":false},"author":3,"featured_media":3509,"comment_status":"open","ping_status":"open","sticky":false,"template":"","format":"standard","meta":{"footnotes":""},"categories":[42],"tags":[],"class_list":["post-4601","post","type-post","status-publish","format-standard","has-post-thumbnail","hentry","category-jsg"],"_links":{"self":[{"href":"https:\/\/www.sv-listrup.de\/index.php?rest_route=\/wp\/v2\/posts\/4601","targetHints":{"allow":["GET"]}}],"collection":[{"href":"https:\/\/www.sv-listrup.de\/index.php?rest_route=\/wp\/v2\/posts"}],"about":[{"href":"https:\/\/www.sv-listrup.de\/index.php?rest_route=\/wp\/v2\/types\/post"}],"author":[{"embeddable":true,"href":"https:\/\/www.sv-listrup.de\/index.php?rest_route=\/wp\/v2\/users\/3"}],"replies":[{"embeddable":true,"href":"https:\/\/www.sv-listrup.de\/index.php?rest_route=%2Fwp%2Fv2%2Fcomments&post=4601"}],"version-history":[{"count":1,"href":"https:\/\/www.sv-listrup.de\/index.php?rest_route=\/wp\/v2\/posts\/4601\/revisions"}],"predecessor-version":[{"id":4602,"href":"https:\/\/www.sv-listrup.de\/index.php?rest_route=\/wp\/v2\/posts\/4601\/revisions\/4602"}],"wp:featuredmedia":[{"embeddable":true,"href":"https:\/\/www.sv-listrup.de\/index.php?rest_route=\/wp\/v2\/media\/3509"}],"wp:attachment":[{"href":"https:\/\/www.sv-listrup.de\/index.php?rest_route=%2Fwp%2Fv2%2Fmedia&parent=4601"}],"wp:term":[{"taxonomy":"category","embeddable":true,"href":"https:\/\/www.sv-listrup.de\/index.php?rest_route=%2Fwp%2Fv2%2Fcategories&post=4601"},{"taxonomy":"post_tag","embeddable":true,"href":"https:\/\/www.sv-listrup.de\/index.php?rest_route=%2Fwp%2Fv2%2Ftags&post=4601"}],"curies":[{"name":"wp","href":"https:\/\/api.w.org\/{rel}","templated":true}]}}