{"id":4620,"date":"2018-09-03T17:13:51","date_gmt":"2018-09-03T15:13:51","guid":{"rendered":"http:\/\/sv-listrup.de\/?p=4620"},"modified":"2018-09-03T17:13:51","modified_gmt":"2018-09-03T15:13:51","slug":"jsg-u15-siegt-zweistellig","status":"publish","type":"post","link":"https:\/\/www.sv-listrup.de\/?p=4620","title":{"rendered":"JSG: U15 siegt zweistellig!"},"content":{"rendered":"<p>Ihren gelungenen Saisonstart setzte am Sonntagmittag unsere U15 fort, die gegen Spelle\/Venhaus 2 das Spiel klar bestimmte und am Ende gar zweistellig gewann. Unsere U17 kam bereits am Donnerstag zu einem am Ende gerechten 3:3-Unentschieden bei der JSG Holthausen\/Altenlingen. Die U19 hatte spielfrei und greift am Freitagabend in Herzlake wieder ins Geschehen ein.<\/p>\n<p><strong>\u00a0<\/strong><\/p>\n<p><strong>U19:<\/strong><\/p>\n<p>Nach dem spielfreien Wochenende gilt die ganze Konzentration der Elf von Trainer Uwe Lowak dem Ausw\u00e4rtsspiel am Freitagabend im Herzlaker Hasetalstadion. Unsere U19 erhofft dort gegen einen auf Augenh\u00f6he eingesch\u00e4tzten Gegner VfL Herzlake etwas Z\u00e4hlbares wieder mit nach Emsb\u00fcren bringen zu k\u00f6nnen.<\/p>\n<p><strong>\u00a0<\/strong><\/p>\n<p><strong>U17:<\/strong><\/p>\n<p><a href=\"https:\/\/www.sv-listrup.de\/wp-content\/uploads\/2018\/09\/JSG-U17-2018-2019_1.jpg\"><img loading=\"lazy\" decoding=\"async\" class=\"alignnone size-large wp-image-4621\" src=\"https:\/\/www.sv-listrup.de\/wp-content\/uploads\/2018\/09\/JSG-U17-2018-2019_1-1024x790.jpg\" alt=\"\" width=\"1024\" height=\"790\" srcset=\"https:\/\/www.sv-listrup.de\/wp-content\/uploads\/2018\/09\/JSG-U17-2018-2019_1-1024x790.jpg 1024w, https:\/\/www.sv-listrup.de\/wp-content\/uploads\/2018\/09\/JSG-U17-2018-2019_1-300x231.jpg 300w, https:\/\/www.sv-listrup.de\/wp-content\/uploads\/2018\/09\/JSG-U17-2018-2019_1-768x592.jpg 768w\" sizes=\"auto, (max-width: 1024px) 100vw, 1024px\" \/><\/a><\/p>\n<p><em>Die JSG-U17 in der Saison 2018\/2019:<\/em><\/p>\n<p><em>Oben von links: Jannes Haking, Mika Abeln, Jonathan L\u00f6cken, Mattes Kirchwehm, Josh Jager, Sven Wulkotte und Bastian Holle<\/em><\/p>\n<p><em>Mitte von links: Trainer Bobby Sch\u00fcring, Co-Trainer Tim Wolbers, Silas Stein, Lutz Berning, Mathis Focks, Arne Feldmann, Lucas Br\u00fcning und Co-Trainer Christian R\u00e4kers<\/em><\/p>\n<p><em>Vorne von links: Pascal Katzy, Felix Elfert, Jannis Drees, Daniello J\u00e4nsch und Dominik Drees<\/em><\/p>\n<p><em>Oben links eingeklinkt; Paul Zwartjes und Simon Seltier<\/em><\/p>\n<p>&nbsp;<\/p>\n<p>Tolles Spiel in der ersten Halbzeit und verdiente 3:1-F\u00fchrung f\u00fcr unsere U17 in Holthausen\/Altenlingen, am Ende musste unser Team jedoch froh sein, dass es noch beim 3:3 geblieben ist.<\/p>\n<p>Die Gastgeber gingen bereits nach neu Minuten in F\u00fchrung, doch danach schlug die Stunde unserer JSG: Zwei Mal Pascal Katzy und Jannes Haking drehten das Spiel zum 1:3-Halbzeitstand, der auch aufgrund weiterer Chancen durchaus verdient war.<\/p>\n<p>In der zweiten Halbzeit konnte unsere B1 keine Durchschlagskraft wie in der ersten Halbzeit mehr entwickeln, daf\u00fcr kamen die Gastgeber nun st\u00e4rker auf. Zwei Tore nach Eckb\u00e4llen waren die Folge. Insbesondere der gro\u00dfartig aufgelegte Paul Zwartjes sorgte jedoch daf\u00fcr, dass es am Ende bei diesem insgesamt gerechten Ergebnis blieb.<\/p>\n<p>Unsere U17 hat am kommenden Wochenende ein Heimspiel, am Samstag um 16.00 Uhr kommt Landesligaabsteiger JSG Uelsen\/Wielen nach Leschede.<\/p>\n<p>&nbsp;<\/p>\n<p><strong>U15:<\/strong><\/p>\n<p>Es lief wie am Schn\u00fcrchen f\u00fcr unsere U15 im Heimspiel gegen den SC Spelle\/Venhaus 2. Angriff auf Angriff rollte auf das Tor der Speller zu, so dass es nach Toren von Bernhard Haarmann, Simon Platt, Bennet Frericks und Nils B\u00f6cker bereits zur Halbzeit 4:0 stand.<\/p>\n<p>Auch in der zweiten Halbzeit konnte unsere C1 sch\u00f6n kombinieren und sich etliche Torchancen herausspielen. Erneut Bernhard Haarmann und Nils B\u00f6cker sowie Luis Sterthaus, Selina Holle, Jan Kuper und Tobias Alber schraubten somit das Ergebnis am Ende auf 10:0, was sogar noch h\u00f6her ausfallen h\u00e4tte k\u00f6nnen. Somit gab es acht verschiedene Torsch\u00fctzen.<\/p>\n<p>Unsere U15 belegt somit nach zwei Siegen aus zwei Spielen den dritten Platz in der Kreisligatabelle. In der kommenden Woche ist die Elf von Stefan J\u00fcrgens und Heiner Feldmann gleich drei Mal gefordert.<\/p>\n<p>Folgende Spiele gibt es in der kommenden Woche, fast an jedem Tag ein Spiel:<\/p>\n<table width=\"557\">\n<tbody>\n<tr>\n<td width=\"56\">\n<p><strong>Team<\/strong><\/p>\n<\/td>\n<td width=\"94\">\n<p><strong>Datum<\/strong><\/p>\n<\/td>\n<td width=\"66\">\n<p><strong>Ansto\u00df<\/strong><\/p>\n<\/td>\n<td width=\"340\">\n<p><strong>Spiel<\/strong><\/p>\n<\/td>\n<\/tr>\n<tr>\n<td width=\"56\">\n<p><strong>U19:<\/strong><\/p>\n<\/td>\n<td width=\"94\">\n<p><strong>Fr., 07.09.<\/strong><\/p>\n<\/td>\n<td width=\"66\">\n<p><strong>19.30<\/strong><\/p>\n<\/td>\n<td width=\"340\">\n<p>VfL Herzlake \u2013 JSG U19<\/p>\n<\/td>\n<\/tr>\n<tr>\n<td width=\"56\">\n<p><strong>U17:<\/strong><\/p>\n<\/td>\n<td width=\"94\">\n<p><strong>Sa., 08.09.<\/strong><\/p>\n<\/td>\n<td width=\"66\">\n<p><strong>16.00<\/strong><\/p>\n<\/td>\n<td width=\"340\">\n<p><strong>JSG U17 \u2013 JSG Uelsen\/Wielen (in Leschede)<\/strong><\/p>\n<\/td>\n<\/tr>\n<tr>\n<td width=\"56\">\n<p><strong>U15:<\/strong><\/p>\n<\/td>\n<td width=\"94\">\n<p><strong>Di., 02.09. <\/strong><\/p>\n<\/td>\n<td width=\"66\">\n<p><strong>18.00<\/strong><\/p>\n<\/td>\n<td width=\"340\">\n<p>SVA Salzbergen 2 \u2013 JSG U15 (Kreispokal)<\/p>\n<\/td>\n<\/tr>\n<tr>\n<td width=\"56\">\n<p><strong>\u00a0<\/strong><\/p>\n<\/td>\n<td width=\"94\">\n<p><strong>Do., 04.09.<\/strong><\/p>\n<\/td>\n<td width=\"66\">\n<p><strong>18.30<\/strong><\/p>\n<\/td>\n<td width=\"340\">\n<p>JSG Darme\/Schepsdorf \u2013 JSG U15<\/p>\n<\/td>\n<\/tr>\n<tr>\n<td width=\"56\">\n<p><strong>\u00a0<\/strong><\/p>\n<\/td>\n<td width=\"94\">\n<p><strong>So, 09.09.<\/strong><\/p>\n<\/td>\n<td width=\"66\">\n<p><strong>13.00<\/strong><\/p>\n<\/td>\n<td width=\"340\">\n<p><strong>JSG U15 \u2013 JSG Bawinkel\/Clusorth (in Emsb.)<\/strong><\/p>\n<\/td>\n<\/tr>\n<\/tbody>\n<\/table>\n<p>&nbsp;<\/p>\n<p>Unterst\u00fctzt unsere JSG-Teams mit Eurem Besuch der Spiele!<\/p>\n<p>&nbsp;<\/p>\n<p>Text und Foto: Heiner Feldmann<\/p>\n<p>&nbsp;<\/p>\n","protected":false},"excerpt":{"rendered":"<p>Ihren gelungenen Saisonstart setzte am Sonntagmittag unsere U15 fort, die gegen Spelle\/Venhaus 2 das Spiel klar bestimmte und am Ende gar zweistellig gewann. Unsere U17 kam bereits am Donnerstag zu einem am Ende gerechten 3:3-Unentschieden bei der JSG Holthausen\/Altenlingen. Die U19 hatte spielfrei und greift am Freitagabend in Herzlake wieder ins Geschehen ein. \u00a0 U19: Nach dem spielfreien Wochenende gilt die ganze Konzentration der Elf von Trainer Uwe Lowak dem Ausw\u00e4rtsspiel am Freitagabend im Herzlaker Hasetalstadion. Unsere U19 erhofft dort gegen einen auf Augenh\u00f6he eingesch\u00e4tzten Gegner VfL Herzlake etwas Z\u00e4hlbares wieder mit nach Emsb\u00fcren bringen zu k\u00f6nnen. \u00a0 U17: Die JSG-U17 in der Saison 2018\/2019: Oben von links: Jannes Haking, Mika Abeln, Jonathan L\u00f6cken, Mattes Kirchwehm, Josh Jager, Sven Wulkotte und Bastian Holle Mitte von links: Trainer Bobby Sch\u00fcring, Co-Trainer Tim Wolbers, Silas Stein, Lutz Berning, Mathis Focks, Arne Feldmann, Lucas Br\u00fcning und Co-Trainer Christian R\u00e4kers Vorne von links: Pascal Katzy, Felix Elfert, Jannis Drees, Daniello J\u00e4nsch und Dominik Drees Oben links eingeklinkt; Paul Zwartjes und Simon Seltier &nbsp; Tolles Spiel in der ersten Halbzeit und verdiente 3:1-F\u00fchrung f\u00fcr unsere [&hellip;]<\/p>\n","protected":false},"author":3,"featured_media":4621,"comment_status":"open","ping_status":"open","sticky":false,"template":"","format":"standard","meta":{"footnotes":""},"categories":[42],"tags":[],"class_list":["post-4620","post","type-post","status-publish","format-standard","has-post-thumbnail","hentry","category-jsg"],"_links":{"self":[{"href":"https:\/\/www.sv-listrup.de\/index.php?rest_route=\/wp\/v2\/posts\/4620","targetHints":{"allow":["GET"]}}],"collection":[{"href":"https:\/\/www.sv-listrup.de\/index.php?rest_route=\/wp\/v2\/posts"}],"about":[{"href":"https:\/\/www.sv-listrup.de\/index.php?rest_route=\/wp\/v2\/types\/post"}],"author":[{"embeddable":true,"href":"https:\/\/www.sv-listrup.de\/index.php?rest_route=\/wp\/v2\/users\/3"}],"replies":[{"embeddable":true,"href":"https:\/\/www.sv-listrup.de\/index.php?rest_route=%2Fwp%2Fv2%2Fcomments&post=4620"}],"version-history":[{"count":1,"href":"https:\/\/www.sv-listrup.de\/index.php?rest_route=\/wp\/v2\/posts\/4620\/revisions"}],"predecessor-version":[{"id":4622,"href":"https:\/\/www.sv-listrup.de\/index.php?rest_route=\/wp\/v2\/posts\/4620\/revisions\/4622"}],"wp:featuredmedia":[{"embeddable":true,"href":"https:\/\/www.sv-listrup.de\/index.php?rest_route=\/wp\/v2\/media\/4621"}],"wp:attachment":[{"href":"https:\/\/www.sv-listrup.de\/index.php?rest_route=%2Fwp%2Fv2%2Fmedia&parent=4620"}],"wp:term":[{"taxonomy":"category","embeddable":true,"href":"https:\/\/www.sv-listrup.de\/index.php?rest_route=%2Fwp%2Fv2%2Fcategories&post=4620"},{"taxonomy":"post_tag","embeddable":true,"href":"https:\/\/www.sv-listrup.de\/index.php?rest_route=%2Fwp%2Fv2%2Ftags&post=4620"}],"curies":[{"name":"wp","href":"https:\/\/api.w.org\/{rel}","templated":true}]}}