{"id":4636,"date":"2018-09-11T09:55:54","date_gmt":"2018-09-11T07:55:54","guid":{"rendered":"http:\/\/sv-listrup.de\/?p=4636"},"modified":"2018-09-11T09:55:54","modified_gmt":"2018-09-11T07:55:54","slug":"dienstagabend-3-pokalrunde-in-bramsche-sonntag-endlich-wieder-ein-kreisliga-heimspiel","status":"publish","type":"post","link":"https:\/\/www.sv-listrup.de\/?p=4636","title":{"rendered":"Dienstagabend 3. Pokalrunde in Bramsche &#8211; Sonntag endlich wieder ein Kreisliga-Heimspiel!"},"content":{"rendered":"<p><span style=\"font-size: 14pt;\">Nur zwei Tage nach dem 2:2 in Esterwegen m\u00fcssen die Jungs von Coach Gerritzen &amp; Co Hindricks wieder 90 Minuten auf den Rasen.<\/span><\/p>\n<p><span style=\"font-size: 14pt;\">Es geht gegen keinen geringeren als unseren Ex-Coach Bernhard Lammers, der im Sommer in der 1. Kreisklasse bei der SG Bramsche angeheuert hat. Die 3. Pokalrunde erreichte Bramsche durch einen 2:1 Sieg gegen Ligakonkurrent Varenrode, in der 1. Runde gab\u00b4s ein Freilos. Im Ligaalltag ist die SG trotz zahlreicher Ausf\u00e4lle gut angekommen, mit 12 Punkten aus 8 Spielen liegt man im Mittelfeld und startet damit \u00e4hnlich wie der SVL eine Liga h\u00f6her. <\/span><\/p>\n<p><span style=\"font-size: 14pt;\">Ein Spiel fernab des Ligaalltags kommt f\u00fcr unsere Erste vielleicht gerade recht &#8211; in den letzte sechs Spielen gab es nur einen Sieg sowie zwei Remis &#8211; f\u00fcr den erfolgsverw\u00f6hnten SVLer der letzten Jahre eigentlich nicht genug. Im Pokal kann man nun befreiter aufspielen und hoffentlich spielerisch eine Schippe drauflegen. K\u00e4mpferisch wird der SG unserer Elf sicherlich alles abverlangen. <\/span><\/p>\n<p><span style=\"font-size: 14pt;\">PS:<br \/>Aufgrund der beruflich bedingten Abwesenheit von Coach Gerritzen bat der SVL um eine Verlegung auf Mittwoch, die der SG nicht nachkam. Scheinbar wollte man die l\u00e4ngere Regenerationszeit nutzen und dem SVL keinen Tag extra Pause g\u00f6nnen. Die SG spielte n\u00e4mlich zuletzt am Freitag, der SVL am Sonntag. <br \/>Aber touch\u00e9 &#8211; noch ein Grund mehr heute alles reinzuhauen und in die n\u00e4chste Runde einzuziehen ;-)!<\/span><\/p>\n<p>&nbsp;<\/p>\n<p><span style=\"font-size: 14pt;\">Am Sonntag geht es dann gegen Aufstiegsaspirant VFL Emslage &#8211; ENDLICH WIEDER ZUHAUSE! <br \/>Nach insgesamt 9 Ausw\u00e4rtsspielen in Folge freut sich wohl jeder Listruper auf diesen Sonntag &#8211; Anpfiff erst um 16:00 Uhr!<br \/><\/span><\/p>\n","protected":false},"excerpt":{"rendered":"<p>Nur zwei Tage nach dem 2:2 in Esterwegen m\u00fcssen die Jungs von Coach Gerritzen &amp; Co Hindricks wieder 90 Minuten auf den Rasen. Es geht gegen keinen geringeren als unseren Ex-Coach Bernhard Lammers, der im Sommer in der 1. Kreisklasse bei der SG Bramsche angeheuert hat. Die 3. Pokalrunde erreichte Bramsche durch einen 2:1 Sieg gegen Ligakonkurrent Varenrode, in der 1. Runde gab\u00b4s ein Freilos. Im Ligaalltag ist die SG trotz zahlreicher Ausf\u00e4lle gut angekommen, mit 12 Punkten aus 8 Spielen liegt man im Mittelfeld und startet damit \u00e4hnlich wie der SVL eine Liga h\u00f6her. Ein Spiel fernab des Ligaalltags kommt f\u00fcr unsere Erste vielleicht gerade recht &#8211; in den letzte sechs Spielen gab es nur einen Sieg sowie zwei Remis &#8211; f\u00fcr den erfolgsverw\u00f6hnten SVLer der letzten Jahre eigentlich nicht genug. Im Pokal kann man nun befreiter aufspielen und hoffentlich spielerisch eine Schippe drauflegen. K\u00e4mpferisch wird der SG unserer Elf sicherlich alles abverlangen. PS:Aufgrund der beruflich bedingten Abwesenheit von Coach Gerritzen bat der SVL um eine Verlegung auf Mittwoch, die der SG nicht nachkam. Scheinbar wollte man die l\u00e4ngere [&hellip;]<\/p>\n","protected":false},"author":7,"featured_media":4637,"comment_status":"open","ping_status":"open","sticky":false,"template":"","format":"standard","meta":{"footnotes":""},"categories":[11],"tags":[],"class_list":["post-4636","post","type-post","status-publish","format-standard","has-post-thumbnail","hentry","category-seniorenfussball-1-senioren"],"_links":{"self":[{"href":"https:\/\/www.sv-listrup.de\/index.php?rest_route=\/wp\/v2\/posts\/4636","targetHints":{"allow":["GET"]}}],"collection":[{"href":"https:\/\/www.sv-listrup.de\/index.php?rest_route=\/wp\/v2\/posts"}],"about":[{"href":"https:\/\/www.sv-listrup.de\/index.php?rest_route=\/wp\/v2\/types\/post"}],"author":[{"embeddable":true,"href":"https:\/\/www.sv-listrup.de\/index.php?rest_route=\/wp\/v2\/users\/7"}],"replies":[{"embeddable":true,"href":"https:\/\/www.sv-listrup.de\/index.php?rest_route=%2Fwp%2Fv2%2Fcomments&post=4636"}],"version-history":[{"count":1,"href":"https:\/\/www.sv-listrup.de\/index.php?rest_route=\/wp\/v2\/posts\/4636\/revisions"}],"predecessor-version":[{"id":4638,"href":"https:\/\/www.sv-listrup.de\/index.php?rest_route=\/wp\/v2\/posts\/4636\/revisions\/4638"}],"wp:featuredmedia":[{"embeddable":true,"href":"https:\/\/www.sv-listrup.de\/index.php?rest_route=\/wp\/v2\/media\/4637"}],"wp:attachment":[{"href":"https:\/\/www.sv-listrup.de\/index.php?rest_route=%2Fwp%2Fv2%2Fmedia&parent=4636"}],"wp:term":[{"taxonomy":"category","embeddable":true,"href":"https:\/\/www.sv-listrup.de\/index.php?rest_route=%2Fwp%2Fv2%2Fcategories&post=4636"},{"taxonomy":"post_tag","embeddable":true,"href":"https:\/\/www.sv-listrup.de\/index.php?rest_route=%2Fwp%2Fv2%2Ftags&post=4636"}],"curies":[{"name":"wp","href":"https:\/\/api.w.org\/{rel}","templated":true}]}}