{"id":4900,"date":"2019-03-07T09:12:50","date_gmt":"2019-03-07T08:12:50","guid":{"rendered":"http:\/\/sv-listrup.de\/?p=4900"},"modified":"2020-04-26T15:02:10","modified_gmt":"2020-04-26T13:02:10","slug":"spielplan-1-herren-rueckrunde-2018-2019","status":"publish","type":"post","link":"https:\/\/www.sv-listrup.de\/?p=4900","title":{"rendered":"ALLE Spieler der 1. Herren bleiben \u00fcber den Sommer hinaus beim SVL! + Spielplan 1. Herren R\u00fcckrunde 2018\/2019"},"content":{"rendered":"<p><span style=\"font-size: 14pt;\">Gute Neuigkeiten kurz vorm R\u00fcckrundenstart&#8230;<\/span><\/p>\n<p><span style=\"font-size: 14pt;\">ALLE Spieler der 1. Herren bleiben dem SVL \u00fcber den Sommer hinweg erhalten <span class=\"_5mfr\"><span class=\"_6qdm\">\ud83d\udcaa\ud83c\udffc<\/span><\/span><span class=\"_5mfr\"><span class=\"_6qdm\">\ud83d\ude0a<\/span><\/span><span class=\"_5mfr\"><span class=\"_6qdm\">\u26bd\ufe0f<\/span><\/span><\/span><br \/><span style=\"font-size: 14pt;\">Keine Abg\u00e4nge &#8211; das TEAM bleibt bestehen<span class=\"_5mfr\"><span class=\"_6qdm\">\ud83d\ude0e<\/span><\/span><\/span><\/p>\n<div class=\"text_exposed_show\">\n<p><span style=\"font-size: 14pt;\">Damit kann Coach Gerritzen (verl\u00e4ngerte selbst im Winter <span class=\"_5mfr\"><span class=\"_6qdm\">\ud83d\ude09<\/span><\/span>) bereits jetzt zuversichtlich auf die neue Saison blicken; fehlt eigentlich nur noch eine erfolgreiche R\u00fcckrunde und der Klassenerhalt<span class=\"_5mfr\"><span class=\"_6qdm\">\ud83d\udc4f<\/span><\/span><\/span><\/p>\n<p><br \/><span style=\"font-size: 14pt;\"><a class=\"_58cn\" href=\"https:\/\/www.facebook.com\/hashtag\/zusammenhalt?source=feed_text&amp;epa=HASHTAG&amp;__xts__%5B0%5D=68.ARBwfiixW6wm3iNa2vPnc8ywZ6v_7u_O1kgs9j5b4tWQcEgbUqJkORSRCFl8p12rU2p6gHalbR-G9YR7vB5x-XgXQfyNYo-GnRTMommw6pl0XObmagQBFT3vZUak-NnkgHF4scSXDRGuxUKXrAsUy-iIbP_a63f2WJI1jT-9h1__vyglSpZUSrOBFVCxOEqteCVxIyjAgoMW8lEPRYqwd_gCS_rfcNq6M2hyNB-T4oWNNiZb6ZIEVQfL4gOm861qJ3Q19o41FoRaFMbhLhFtvA6m7JzhIYanUKGpN6TwdYp8jHKnogESYt-tlqWAbUB-8IOVfIubSFntgkVJwKtP7euSJw&amp;__tn__=%2ANK-R\" data-ft=\"{&quot;type&quot;:104,&quot;tn&quot;:&quot;*N&quot;}\"><span class=\"_5afx\"><span class=\"_58cl _5afz\" aria-label=\"Hashtag\">#<\/span><span class=\"_58cm\">Zusammenhalt\u00a0<\/span><\/span><\/a><\/span><\/p>\n<p><br \/><span style=\"font-size: 14pt;\"><a class=\"_58cn\" href=\"https:\/\/www.facebook.com\/hashtag\/kreisligaemsland?source=feed_text&amp;epa=HASHTAG&amp;__xts__%5B0%5D=68.ARBwfiixW6wm3iNa2vPnc8ywZ6v_7u_O1kgs9j5b4tWQcEgbUqJkORSRCFl8p12rU2p6gHalbR-G9YR7vB5x-XgXQfyNYo-GnRTMommw6pl0XObmagQBFT3vZUak-NnkgHF4scSXDRGuxUKXrAsUy-iIbP_a63f2WJI1jT-9h1__vyglSpZUSrOBFVCxOEqteCVxIyjAgoMW8lEPRYqwd_gCS_rfcNq6M2hyNB-T4oWNNiZb6ZIEVQfL4gOm861qJ3Q19o41FoRaFMbhLhFtvA6m7JzhIYanUKGpN6TwdYp8jHKnogESYt-tlqWAbUB-8IOVfIubSFntgkVJwKtP7euSJw&amp;__tn__=%2ANK-R\" data-ft=\"{&quot;type&quot;:104,&quot;tn&quot;:&quot;*N&quot;}\"><span class=\"_5afx\"><span class=\"_58cl _5afz\" aria-label=\"Hashtag\">#<\/span><span class=\"_58cm\">KreisligaEmsland<\/span><\/span><\/a><\/span><\/p>\n<p><br \/><span style=\"font-size: 14pt;\"><a class=\"_58cn\" href=\"https:\/\/www.facebook.com\/hashtag\/keinvereinwiejederandere?source=feed_text&amp;epa=HASHTAG&amp;__xts__%5B0%5D=68.ARBwfiixW6wm3iNa2vPnc8ywZ6v_7u_O1kgs9j5b4tWQcEgbUqJkORSRCFl8p12rU2p6gHalbR-G9YR7vB5x-XgXQfyNYo-GnRTMommw6pl0XObmagQBFT3vZUak-NnkgHF4scSXDRGuxUKXrAsUy-iIbP_a63f2WJI1jT-9h1__vyglSpZUSrOBFVCxOEqteCVxIyjAgoMW8lEPRYqwd_gCS_rfcNq6M2hyNB-T4oWNNiZb6ZIEVQfL4gOm861qJ3Q19o41FoRaFMbhLhFtvA6m7JzhIYanUKGpN6TwdYp8jHKnogESYt-tlqWAbUB-8IOVfIubSFntgkVJwKtP7euSJw&amp;__tn__=%2ANK-R\" data-ft=\"{&quot;type&quot;:104,&quot;tn&quot;:&quot;*N&quot;}\"><span class=\"_5afx\"><span class=\"_58cl _5afz\" aria-label=\"Hashtag\">#<\/span><span class=\"_58cm\">KeinVereinwiejederandere<\/span><\/span><\/a><\/span><\/p>\n<p><br \/><span style=\"font-size: 14pt;\"><a class=\"_58cn\" href=\"https:\/\/www.facebook.com\/hashtag\/teamgeist?source=feed_text&amp;epa=HASHTAG&amp;__xts__%5B0%5D=68.ARBwfiixW6wm3iNa2vPnc8ywZ6v_7u_O1kgs9j5b4tWQcEgbUqJkORSRCFl8p12rU2p6gHalbR-G9YR7vB5x-XgXQfyNYo-GnRTMommw6pl0XObmagQBFT3vZUak-NnkgHF4scSXDRGuxUKXrAsUy-iIbP_a63f2WJI1jT-9h1__vyglSpZUSrOBFVCxOEqteCVxIyjAgoMW8lEPRYqwd_gCS_rfcNq6M2hyNB-T4oWNNiZb6ZIEVQfL4gOm861qJ3Q19o41FoRaFMbhLhFtvA6m7JzhIYanUKGpN6TwdYp8jHKnogESYt-tlqWAbUB-8IOVfIubSFntgkVJwKtP7euSJw&amp;__tn__=%2ANK-R\" data-ft=\"{&quot;type&quot;:104,&quot;tn&quot;:&quot;*N&quot;}\"><span class=\"_5afx\"><span class=\"_58cl _5afz\" aria-label=\"Hashtag\">#<\/span><span class=\"_58cm\">Teamgeist<\/span><\/span><\/a><span class=\"_5mfr\"><span class=\"_6qdm\">\ud83d\udcaa\ud83c\udffc<\/span><\/span><\/span><\/p>\n<p><br \/><span style=\"font-size: 14pt;\"><a class=\"_58cn\" href=\"https:\/\/www.facebook.com\/hashtag\/oldewemewarausschlaggebend?source=feed_text&amp;epa=HASHTAG&amp;__xts__%5B0%5D=68.ARBwfiixW6wm3iNa2vPnc8ywZ6v_7u_O1kgs9j5b4tWQcEgbUqJkORSRCFl8p12rU2p6gHalbR-G9YR7vB5x-XgXQfyNYo-GnRTMommw6pl0XObmagQBFT3vZUak-NnkgHF4scSXDRGuxUKXrAsUy-iIbP_a63f2WJI1jT-9h1__vyglSpZUSrOBFVCxOEqteCVxIyjAgoMW8lEPRYqwd_gCS_rfcNq6M2hyNB-T4oWNNiZb6ZIEVQfL4gOm861qJ3Q19o41FoRaFMbhLhFtvA6m7JzhIYanUKGpN6TwdYp8jHKnogESYt-tlqWAbUB-8IOVfIubSFntgkVJwKtP7euSJw&amp;__tn__=%2ANK-R\" data-ft=\"{&quot;type&quot;:104,&quot;tn&quot;:&quot;*N&quot;}\"><span class=\"_5afx\"><span class=\"_58cl _5afz\" aria-label=\"Hashtag\">#<\/span><span class=\"_58cm\">Oldewemewarausschlaggebend<\/span><\/span><\/a><span class=\"_5mfr\"><span class=\"_6qdm\">\ud83d\ude09<\/span><\/span><span class=\"_5mfr\"><span class=\"_6qdm\">\ud83c\udf7b<\/span><\/span><\/span><\/p>\n<p><br \/><span style=\"font-size: 14pt;\"><a class=\"_58cn\" href=\"https:\/\/www.facebook.com\/hashtag\/nurdersvl?source=feed_text&amp;epa=HASHTAG&amp;__xts__%5B0%5D=68.ARBwfiixW6wm3iNa2vPnc8ywZ6v_7u_O1kgs9j5b4tWQcEgbUqJkORSRCFl8p12rU2p6gHalbR-G9YR7vB5x-XgXQfyNYo-GnRTMommw6pl0XObmagQBFT3vZUak-NnkgHF4scSXDRGuxUKXrAsUy-iIbP_a63f2WJI1jT-9h1__vyglSpZUSrOBFVCxOEqteCVxIyjAgoMW8lEPRYqwd_gCS_rfcNq6M2hyNB-T4oWNNiZb6ZIEVQfL4gOm861qJ3Q19o41FoRaFMbhLhFtvA6m7JzhIYanUKGpN6TwdYp8jHKnogESYt-tlqWAbUB-8IOVfIubSFntgkVJwKtP7euSJw&amp;__tn__=%2ANK-R\" data-ft=\"{&quot;type&quot;:104,&quot;tn&quot;:&quot;*N&quot;}\"><span class=\"_5afx\"><span class=\"_58cl _5afz\" aria-label=\"Hashtag\">#<\/span><span class=\"_58cm\">NurderSVL<\/span><\/span><\/a><span class=\"_5mfr\"><span class=\"_6qdm\">\ud83d\udda4<\/span><\/span><\/span><\/p>\n<\/div>\n<p><span style=\"text-decoration: underline; font-size: 18pt;\"><strong>Spielplan R\u00fcckrunde<\/strong><\/span><\/p>\n<p><span style=\"font-size: 14pt;\">An diesem Wochenende startet die R\u00fcckrunde der Kreisliga Emsland. Zur optimalen Terminplanung findet ihr hier den Spielplan unserer 1. Herren!<\/span><\/p>\n<p><span style=\"font-size: 14pt;\">Gleich zu Beginn finden zahlreichen Heimspiele statt (darunter das Derby gegen Leschede), in denen es gilt fr\u00fchzeitig Punkte f\u00fcr den Klassenerhalt zu sammeln \ud83d\ude42<\/span><\/p>\n<p><span style=\"font-size: 14pt;\">Ladet euch den Plan also aufs Handy, druckt ihn aus und\/oder tragt die Termine in eure Kalender ein &#8211; Nur Gemeinsam kann der SVL auch in Zukunft in der Kreisliga Emsland mithalten!<\/span><\/p>\n<p><span style=\"font-size: 14pt;\"><a href=\"https:\/\/www.sv-listrup.de\/wp-content\/uploads\/2019\/02\/Spielplan-R\u00fcckrunde-SvL-18-19.pdf\">Spielplan R\u00fcckrunde SvL 18 19 (zum Download als PDF)<\/a><\/span><\/p>\n<p><a href=\"https:\/\/www.sv-listrup.de\/wp-content\/uploads\/2019\/02\/Spielplan-R\u00fcckrunde-18-19-SVL.jpg\"><img loading=\"lazy\" decoding=\"async\" class=\"aligncenter size-full wp-image-4902\" src=\"https:\/\/www.sv-listrup.de\/wp-content\/uploads\/2019\/02\/Spielplan-R\u00fcckrunde-18-19-SVL.jpg\" alt=\"\" width=\"665\" height=\"986\" srcset=\"https:\/\/www.sv-listrup.de\/wp-content\/uploads\/2019\/02\/Spielplan-R\u00fcckrunde-18-19-SVL.jpg 665w, https:\/\/www.sv-listrup.de\/wp-content\/uploads\/2019\/02\/Spielplan-R\u00fcckrunde-18-19-SVL-202x300.jpg 202w\" sizes=\"auto, (max-width: 665px) 100vw, 665px\" \/><\/a><\/p>\n\n\n<figure class=\"wp-block-image\"><img loading=\"lazy\" decoding=\"async\" width=\"1024\" height=\"661\" src=\"https:\/\/www.sv-listrup.de\/wp-content\/uploads\/2019\/03\/1.Herren-Mannschaftsfoto-1024x661.png\" alt=\"\" class=\"wp-image-4986\" srcset=\"https:\/\/www.sv-listrup.de\/wp-content\/uploads\/2019\/03\/1.Herren-Mannschaftsfoto-1024x661.png 1024w, https:\/\/www.sv-listrup.de\/wp-content\/uploads\/2019\/03\/1.Herren-Mannschaftsfoto-300x194.png 300w, https:\/\/www.sv-listrup.de\/wp-content\/uploads\/2019\/03\/1.Herren-Mannschaftsfoto-768x496.png 768w, https:\/\/www.sv-listrup.de\/wp-content\/uploads\/2019\/03\/1.Herren-Mannschaftsfoto.png 1386w\" sizes=\"auto, (max-width: 1024px) 100vw, 1024px\" \/><figcaption>Christoph Schwis, Jonas Berger, Hendrik Evers, Sebastian H\u00fclsing (hinten v.l.), Betreuer Matthias Rohling, Betreuer Gerrit Hindricks, Hendrik H\u00fclsing, Nils M\u00f6llmann, Christoph R\u00f6ttering, Michael B\u00e4nker, Bernd Senker, Devon L\u00f6hm\u00f6ller, Trainer Sascha Gerritzen (Mitte v.l.), Jake Lohm\u00f6ller, Bernd B\u00fcnker, Felix M\u00fcller, Niklas Berger und Christopher Wobbe (vorne v.l.). <br>Es fehlen: Torwarttrainer Rainer Hosemann, Bernd H\u00fcsing, Hendrik Th\u00fcnemann, Manuel Berger, Yannik Midden und Stephan Schwis.<\/figcaption><\/figure>\n\n\n","protected":false},"excerpt":{"rendered":"<p>Gute Neuigkeiten kurz vorm R\u00fcckrundenstart&#8230; ALLE Spieler der 1. Herren bleiben dem SVL \u00fcber den Sommer hinweg erhalten \ud83d\udcaa\ud83c\udffc\ud83d\ude0a\u26bd\ufe0fKeine Abg\u00e4nge &#8211; das TEAM bleibt bestehen\ud83d\ude0e Damit kann Coach Gerritzen (verl\u00e4ngerte selbst im Winter \ud83d\ude09) bereits jetzt zuversichtlich auf die neue Saison blicken; fehlt eigentlich nur noch eine erfolgreiche R\u00fcckrunde und der Klassenerhalt\ud83d\udc4f #Zusammenhalt\u00a0 #KreisligaEmsland #KeinVereinwiejederandere #Teamgeist\ud83d\udcaa\ud83c\udffc #Oldewemewarausschlaggebend\ud83d\ude09\ud83c\udf7b #NurderSVL\ud83d\udda4 Spielplan R\u00fcckrunde An diesem Wochenende startet die R\u00fcckrunde der Kreisliga Emsland. Zur optimalen Terminplanung findet ihr hier den Spielplan unserer 1. Herren! Gleich zu Beginn finden zahlreichen Heimspiele statt (darunter das Derby gegen Leschede), in denen es gilt fr\u00fchzeitig Punkte f\u00fcr den Klassenerhalt zu sammeln \ud83d\ude42 Ladet euch den Plan also aufs Handy, druckt ihn aus und\/oder tragt die Termine in eure Kalender ein &#8211; Nur Gemeinsam kann der SVL auch in Zukunft in der Kreisliga Emsland mithalten! Spielplan R\u00fcckrunde SvL 18 19 (zum Download als PDF)<\/p>\n","protected":false},"author":7,"featured_media":4986,"comment_status":"open","ping_status":"open","sticky":false,"template":"","format":"standard","meta":{"footnotes":""},"categories":[11],"tags":[],"class_list":["post-4900","post","type-post","status-publish","format-standard","has-post-thumbnail","hentry","category-seniorenfussball-1-senioren"],"_links":{"self":[{"href":"https:\/\/www.sv-listrup.de\/index.php?rest_route=\/wp\/v2\/posts\/4900","targetHints":{"allow":["GET"]}}],"collection":[{"href":"https:\/\/www.sv-listrup.de\/index.php?rest_route=\/wp\/v2\/posts"}],"about":[{"href":"https:\/\/www.sv-listrup.de\/index.php?rest_route=\/wp\/v2\/types\/post"}],"author":[{"embeddable":true,"href":"https:\/\/www.sv-listrup.de\/index.php?rest_route=\/wp\/v2\/users\/7"}],"replies":[{"embeddable":true,"href":"https:\/\/www.sv-listrup.de\/index.php?rest_route=%2Fwp%2Fv2%2Fcomments&post=4900"}],"version-history":[{"count":9,"href":"https:\/\/www.sv-listrup.de\/index.php?rest_route=\/wp\/v2\/posts\/4900\/revisions"}],"predecessor-version":[{"id":6258,"href":"https:\/\/www.sv-listrup.de\/index.php?rest_route=\/wp\/v2\/posts\/4900\/revisions\/6258"}],"wp:featuredmedia":[{"embeddable":true,"href":"https:\/\/www.sv-listrup.de\/index.php?rest_route=\/wp\/v2\/media\/4986"}],"wp:attachment":[{"href":"https:\/\/www.sv-listrup.de\/index.php?rest_route=%2Fwp%2Fv2%2Fmedia&parent=4900"}],"wp:term":[{"taxonomy":"category","embeddable":true,"href":"https:\/\/www.sv-listrup.de\/index.php?rest_route=%2Fwp%2Fv2%2Fcategories&post=4900"},{"taxonomy":"post_tag","embeddable":true,"href":"https:\/\/www.sv-listrup.de\/index.php?rest_route=%2Fwp%2Fv2%2Ftags&post=4900"}],"curies":[{"name":"wp","href":"https:\/\/api.w.org\/{rel}","templated":true}]}}