{"id":4905,"date":"2019-02-20T12:04:11","date_gmt":"2019-02-20T11:04:11","guid":{"rendered":"http:\/\/sv-listrup.de\/?p=4905"},"modified":"2020-01-14T10:24:10","modified_gmt":"2020-01-14T09:24:10","slug":"generalversammlung-2019-vereinshymne-ehrungen-und-projekte-2018-2019-freibier-zum-70-jaehrigem-jubilaeum","status":"publish","type":"post","link":"https:\/\/www.sv-listrup.de\/?p=4905","title":{"rendered":"Generalversammlung 2019:  Vereinshymne, Ehrungen und Projekte 2018\/2019 &#8211; Freibier zum 70 j\u00e4hrigem Jubil\u00e4um!"},"content":{"rendered":"<p><span style=\"font-size: 14pt;\">Liebe Vereinsmitglieder,<\/span><\/p>\n<p><span style=\"font-size: 14pt;\">wieder einmal steht ein ereignisreiches Jahr hinter unserem SV Listrup. Man kann getrost sagen, dass sich unser Verein in den letzten Jahren sehr positiv entwickelt und wir so manche H\u00fcrde gemeinsam bew\u00e4ltigen k\u00f6nnen. J\u00e4hrlich werden neue Projekte umgesetzt und im Jugend- sowie Seniorenbereich gro\u00dfe Erfolge gefeiert!<\/span><\/p>\n<p><span style=\"font-size: 14pt;\">Bei der diesj\u00e4hrigen Generalversammlung am 01. M\u00e4rz um 19:30 Uhr bei Oldeweme wollen wir auch auf die Projekte\/Ereignisse 2018 blicken (u.a. Spielplatz, Sportfest,Klassenerhalt Kreisliga Emsland). Zudem wollen wir einem langj\u00e4hrigem Ehepaar eine Ehrung zukommen lassen, die sie sich beide durch jahrelange Arbeit im Verein redlich verdient haben: Silvia Duitz als jahrzehntelanges Mitglied im Vorstand &amp; Alfons Duitz als jahrzentelanger Jugendtrainer sowie zwischenzeitlicher Jugendwart!<\/span><\/p>\n<p><span style=\"font-size: 14pt;\"><br \/>\n<\/span><span style=\"font-size: 14pt;\">Mindestens genauso spannend ist aber der Ausblick auf 2019, denn unser SVL wird 70 Jahre alt! Um dies mit euch zu feiern gibt der Verein bei der Generalversammlung ein Fass Bier aus und m\u00f6chte euch die neue Vereinshymne pr\u00e4sentieren, die bei den Heimspielen zusammen mit unserer neuen Lautsprechanlage am Sportplatz f\u00fcr Stimmung sorgen soll. <\/span><\/p>\n<p><span style=\"font-size: 14pt;\"><br \/>\nWeitere Tagesordnungspunkte findet ihr auf der Einladung &#8211; wir freuen uns auf eurer Kommen!<br \/>\n<\/span><\/p>\n<p><a href=\"https:\/\/www.sv-listrup.de\/wp-content\/uploads\/2019\/02\/Generalversammlung_svl19.pdf\">Generalversammlung_svl19 (als PDF)<\/a><\/p>\n<p>Mit sportlichem Gru\u00df,<\/p>\n<p>der Vorstand!<\/p>\n<p><a href=\"https:\/\/www.sv-listrup.de\/wp-content\/uploads\/2019\/02\/2019-02-20-10_28_40-Generalversammlung_svl19.pdf-Adobe-Acrobat-Reader-DC.png\"><img loading=\"lazy\" decoding=\"async\" class=\"aligncenter size-full wp-image-4906\" src=\"https:\/\/www.sv-listrup.de\/wp-content\/uploads\/2019\/02\/2019-02-20-10_28_40-Generalversammlung_svl19.pdf-Adobe-Acrobat-Reader-DC.png\" alt=\"\" width=\"610\" height=\"867\" srcset=\"https:\/\/www.sv-listrup.de\/wp-content\/uploads\/2019\/02\/2019-02-20-10_28_40-Generalversammlung_svl19.pdf-Adobe-Acrobat-Reader-DC.png 610w, https:\/\/www.sv-listrup.de\/wp-content\/uploads\/2019\/02\/2019-02-20-10_28_40-Generalversammlung_svl19.pdf-Adobe-Acrobat-Reader-DC-211x300.png 211w\" sizes=\"auto, (max-width: 610px) 100vw, 610px\" \/><\/a><\/p>\n","protected":false},"excerpt":{"rendered":"<p>Liebe Vereinsmitglieder, wieder einmal steht ein ereignisreiches Jahr hinter unserem SV Listrup. Man kann getrost sagen, dass sich unser Verein in den letzten Jahren sehr positiv entwickelt und wir so manche H\u00fcrde gemeinsam bew\u00e4ltigen k\u00f6nnen. J\u00e4hrlich werden neue Projekte umgesetzt und im Jugend- sowie Seniorenbereich gro\u00dfe Erfolge gefeiert! Bei der diesj\u00e4hrigen Generalversammlung am 01. M\u00e4rz um 19:30 Uhr bei Oldeweme wollen wir auch auf die Projekte\/Ereignisse 2018 blicken (u.a. Spielplatz, Sportfest,Klassenerhalt Kreisliga Emsland). Zudem wollen wir einem langj\u00e4hrigem Ehepaar eine Ehrung zukommen lassen, die sie sich beide durch jahrelange Arbeit im Verein redlich verdient haben: Silvia Duitz als jahrzehntelanges Mitglied im Vorstand &amp; Alfons Duitz als jahrzentelanger Jugendtrainer sowie zwischenzeitlicher Jugendwart! Mindestens genauso spannend ist aber der Ausblick auf 2019, denn unser SVL wird 70 Jahre alt! Um dies mit euch zu feiern gibt der Verein bei der Generalversammlung ein Fass Bier aus und m\u00f6chte euch die neue Vereinshymne pr\u00e4sentieren, die bei den Heimspielen zusammen mit unserer neuen Lautsprechanlage am Sportplatz f\u00fcr Stimmung sorgen soll. Weitere Tagesordnungspunkte findet ihr auf der Einladung &#8211; wir freuen uns auf eurer Kommen! Generalversammlung_svl19 [&hellip;]<\/p>\n","protected":false},"author":7,"featured_media":4906,"comment_status":"open","ping_status":"open","sticky":false,"template":"","format":"standard","meta":{"footnotes":""},"categories":[25],"tags":[],"class_list":["post-4905","post","type-post","status-publish","format-standard","has-post-thumbnail","hentry","category-generalversammlung"],"_links":{"self":[{"href":"https:\/\/www.sv-listrup.de\/index.php?rest_route=\/wp\/v2\/posts\/4905","targetHints":{"allow":["GET"]}}],"collection":[{"href":"https:\/\/www.sv-listrup.de\/index.php?rest_route=\/wp\/v2\/posts"}],"about":[{"href":"https:\/\/www.sv-listrup.de\/index.php?rest_route=\/wp\/v2\/types\/post"}],"author":[{"embeddable":true,"href":"https:\/\/www.sv-listrup.de\/index.php?rest_route=\/wp\/v2\/users\/7"}],"replies":[{"embeddable":true,"href":"https:\/\/www.sv-listrup.de\/index.php?rest_route=%2Fwp%2Fv2%2Fcomments&post=4905"}],"version-history":[{"count":5,"href":"https:\/\/www.sv-listrup.de\/index.php?rest_route=\/wp\/v2\/posts\/4905\/revisions"}],"predecessor-version":[{"id":4938,"href":"https:\/\/www.sv-listrup.de\/index.php?rest_route=\/wp\/v2\/posts\/4905\/revisions\/4938"}],"wp:featuredmedia":[{"embeddable":true,"href":"https:\/\/www.sv-listrup.de\/index.php?rest_route=\/wp\/v2\/media\/4906"}],"wp:attachment":[{"href":"https:\/\/www.sv-listrup.de\/index.php?rest_route=%2Fwp%2Fv2%2Fmedia&parent=4905"}],"wp:term":[{"taxonomy":"category","embeddable":true,"href":"https:\/\/www.sv-listrup.de\/index.php?rest_route=%2Fwp%2Fv2%2Fcategories&post=4905"},{"taxonomy":"post_tag","embeddable":true,"href":"https:\/\/www.sv-listrup.de\/index.php?rest_route=%2Fwp%2Fv2%2Ftags&post=4905"}],"curies":[{"name":"wp","href":"https:\/\/api.w.org\/{rel}","templated":true}]}}